{"id":119904,"date":"2025-10-21T07:15:30","date_gmt":"2025-10-21T07:15:30","guid":{"rendered":"https:\/\/www.europesays.com\/pt\/119904\/"},"modified":"2025-10-21T07:15:30","modified_gmt":"2025-10-21T07:15:30","slug":"fnlij-divulga-lista-de-livros-altamente-recomendaveis-2025","status":"publish","type":"post","link":"https:\/\/www.europesays.com\/pt\/119904\/","title":{"rendered":"FNLIJ divulga lista de livros Altamente Recomend\u00e1veis 2025"},"content":{"rendered":"<p>Sele\u00e7\u00e3o anual contempla 172 t\u00edtulos publicados em 2024, de 55 selos editoriais e 13 editoras. Conhe\u00e7a a listagem completa<\/p>\n<p><img loading=\"lazy\" decoding=\"async\" src=\"https:\/\/www.europesays.com\/pt\/wp-content\/uploads\/2025\/10\/NK2BuNFD10hIcRU3vELTRfsQBj04SOXg22ItO4nWQBEbR3MlKy0jB9senMS17mUMKri4Oajma8er41OL.jpg\" width=\"557\" height=\"296\" \/> <\/p>\n<p>A <a href=\"https:\/\/www.publishnews.com.br\/etiquetas\/fnlij\" target=\"_blank\" rel=\"nofollow noopener\">Funda\u00e7\u00e3o Nacional do Livro Infantil e Juvenil<\/a> (FNLIJ), se\u00e7\u00e3o brasileira do IBBY \u2013 International Board on Books for Young People, anunciou quais s\u00e3o os livros contemplados com o <a href=\"https:\/\/www.publishnews.com.br\/etiquetas\/selo-altamente-recomendaveis-fnlij\" target=\"_blank\" rel=\"nofollow noopener\">Selo Altamente Recomend\u00e1vel \/ FNLIJ<\/a> 2025, referentes \u00e0 produ\u00e7\u00e3o editorial de 2024. Nesta 51\u00aa edi\u00e7\u00e3o da Sele\u00e7\u00e3o Anual, foram reconhecidos 172 t\u00edtulos, publicados por 55 selos editoriais de 13 editoras brasileiras.<\/p>\n<p>O processo de leitura e avalia\u00e7\u00e3o envolveu 23 leitores-votantes, distribu\u00eddos em 11 estados das cinco regi\u00f5es do pa\u00eds, que atuaram de forma volunt\u00e1ria ao longo de dez meses. Segundo a FNLIJ, esse corpo de jurados segue o mesmo modelo colaborativo adotado pelas se\u00e7\u00f5es nacionais do IBBY e pelo j\u00fari do renomado Pr\u00eamio Hans Christian Andersen.\n <\/p>\n<p>A sele\u00e7\u00e3o busca reconhecer as obras que mais se destacaram pela qualidade liter\u00e1ria, projeto gr\u00e1fico, originalidade e relev\u00e2ncia social. O envio dos exemplares f\u00edsicos pelas editoras aos leitores-votantes segue sendo, segundo a institui\u00e7\u00e3o, \u201cuma condi\u00e7\u00e3o determinante para avaliar o livro como objeto completo\u201d \u2014 motivo pelo qual a FNLIJ n\u00e3o adere \u00e0 leitura de arquivos digitais no processo de an\u00e1lise.\n <\/p>\n<p>Ao todo, foram 824 t\u00edtulos inscritos e avaliados, resultando na lista final de Altamente Recomend\u00e1veis\/FNLIJ 2025, distribu\u00eddos entre 14 categorias: Crian\u00e7a (41 t\u00edtulos), Jovem (16), Poesia (20), Reconto (11), Informativo (8), Teatro (1), Livro de imagem (8), Livro-brinquedo (2), Literatura estrangeira em l\u00edngua portuguesa (4), Te\u00f3rico (7), Tradu\u00e7\u00e3o\/Adapta\u00e7\u00e3o \u2013 Crian\u00e7a (46), Tradu\u00e7\u00e3o\/Adapta\u00e7\u00e3o \u2013 Jovem (14), Tradu\u00e7\u00e3o\/Adapta\u00e7\u00e3o \u2013 Reconto (2) e Tradu\u00e7\u00e3o\/Adapta\u00e7\u00e3o \u2013 Informativo (5).<\/p>\n<p>A FNLIJ destacou ainda que os exemplares recebidos s\u00e3o posteriormente destinados a bibliotecas e universidades vinculadas aos leitores-votantes, contribuindo para a atualiza\u00e7\u00e3o de acervos p\u00fablicos e acad\u00eamicos em diferentes regi\u00f5es do pa\u00eds.<\/p>\n<p><strong>Confira a lista completa | 51\u00aa Sele\u00e7\u00e3o Anual FNLIJ \u2013<\/strong> <strong>Produ\u00e7\u00e3o 2024:<\/strong><\/p>\n<p>Altamente Recomend\u00e1vel FNLIJ &#8211; Categoria Crian\u00e7a\n<\/p>\n<p><strong>A jabota poliglota.<\/strong> Texto de Denilson Baniwa. Ilustra\u00e7\u00f5es de Sophia Pinheiro. Boitat\u00e1\n<\/p>\n<p><strong>A pororoca.<\/strong> Texto de Cl\u00e1udia A. Flor D&#8217;Maria. Ilustra\u00e7\u00f5es de Liu Olivina. Brinque-Book\n<\/p>\n<p><strong>A terra dos meninos pelados.<\/strong> Texto de Graciliano Ramos. Ilustra\u00e7\u00f5es de Lumina Pirilampus. FTD\n<\/p>\n<p><strong>Altos e baixos.<\/strong> Texto de Giovana Madalosso. Ilustra\u00e7\u00f5es de Ionit Zilberman. HarperKids\n<\/p>\n<p><strong>Asas.<\/strong> Texto de Lido Loschi. Ilustra\u00e7\u00f5es de Bruna Lubambo. \u00d4z\u00e9\n<\/p>\n<p><strong>Bate-boca.<\/strong> Texto de Claudio Fragata. Ilustra\u00e7\u00f5es de Raquel Matsushita. Elo\n<\/p>\n<p><strong>Chupim.<\/strong> Texto de Itamar Vieira Junior. Ilustra\u00e7\u00f5es de Manuela Navas. Bai\u00e3o\n<\/p>\n<p><strong>Corre, cotia.<\/strong> Texto de Kak\u00e1 Wer\u00e1 Jecup\u00e9. Ilustra\u00e7\u00f5es de Sawara. Peir\u00f3polis\n<\/p>\n<p><strong>Enigmas.<\/strong> Texto de Denise Guilherme. Ilustra\u00e7\u00f5es de Lole. Moderna\n<\/p>\n<p><strong>Enquanto n\u00e3o lembro.<\/strong> Texto de Gabriela Romeu. Ilustra\u00e7\u00f5es de Elisa Carareto. \u00d4z\u00e9\n<\/p>\n<p><strong>Entre Tantos.<\/strong> Texto e ilustra\u00e7\u00f5es de Marilda Castanha. Maralto\n<\/p>\n<p><strong>Era uma vez uma on\u00e7a&#8230;<\/strong> Texto de Telma Guimar\u00e3es. Ilustra\u00e7\u00f5es de Isabela Santos. FTD\n<\/p>\n<p><strong>Esta\u00e7\u00f5es.<\/strong> Texto de Daniel Munduruku. Ilustra\u00e7\u00f5es de Marilda Castanha. Moderna\n<\/p>\n<p><strong>Est\u00e1tua!.<\/strong> Renato Moriconi. Cia das Letrinhas\n<\/p>\n<p><strong>Eu devia estar na escola.<\/strong> Texto e ilustra\u00e7\u00f5es das crian\u00e7as moradoras de favelas da Mar\u00e9. Organiza\u00e7\u00e3o de Ananda Luz e Isabel Malzoni. Caixote\n<\/p>\n<p><strong>Eu penso sempre em voc\u00ea.<\/strong> Texto de Leo Cunha. Ilustra\u00e7\u00f5es de Salmo Dansa. FTD\n<\/p>\n<p><strong>Eust\u00e1quio: o espet\u00e1culo continua.<\/strong> Texto e ilustra\u00e7\u00f5es de Alexandre Rampazo. Gato Leitor\n<\/p>\n<p><strong>Gil Bis Cleu Da.<\/strong> Texto de Everson Bertucci. Ilustra\u00e7\u00f5es de Ju\u00e3o Vaz. Peir\u00f3polis\n<\/p>\n<p><strong>Giraflor e outros jequitinhonhas.<\/strong> Texto de Heloisa Pires Lima. Ilustra\u00e7\u00f5es de Gild\u00e1sio Jardim. FTD\n<\/p>\n<p><strong>Hoje eu vou encontrar o lobo!.<\/strong> Texto de Carolina Moreyra. Ilustra\u00e7\u00f5es de Odilon Moraes. Pera Book\n<\/p>\n<p><strong>Kunum\u00e3.<\/strong> Texto de Ikan\u00ea Adean. Ilustra\u00e7\u00f5es de Bruna Lubambo. Globinho\n<\/p>\n<p><strong>Maior museu do mundo.<\/strong> Texto e iIlustra\u00e7\u00f5es de Caio Zero. Pulo do gato\n<\/p>\n<p><strong>Manuel Rita, Flor&#8230;.<\/strong> Texto e ilustra\u00e7\u00f5es de Renata Bueno. Cia das Letrinhas\n<\/p>\n<p><strong>Maur\u00edcio: o le\u00e3o de menin<\/strong>o. Texto de Flavia Maria. Ilustra\u00e7\u00f5es de Mill\u00f4r Fernandes.<br \/>\nEditora 34\n<\/p>\n<p><strong>Meu pai saiu para fazer barcos.<\/strong> Texto de Pablo Morenno. Ilustra\u00e7\u00f5es de Lumina Pirilampus. Abacatte\n<\/p>\n<p><strong>Minha m\u00e3e caminha.<\/strong> Texto de Isabel Malzoni. Ilustra\u00e7\u00f5es de Laura Gorski. Caixote\n<\/p>\n<p><strong>Nem Todo.<\/strong> Texto e ilustra\u00e7\u00f5es de Marcelo Tolentino. Cia das Letrinhas\n<\/p>\n<p><strong>O homem, o rio e a caixa.<\/strong> Texto e ilustra\u00e7\u00f5es de Anabella L\u00f3pez. Pera Book\n<\/p>\n<p><strong>O jardim l\u00e1 fora.<\/strong> Texto e ilustra\u00e7\u00f5es de Ma\u00edra Chiodi. Jujuba\n<\/p>\n<p><strong>O Pequeno Contador de Hist\u00f3rias.<\/strong> Texto de Beti Rozen. Ilustra\u00e7\u00f5es de Gra\u00e7a Lima. Dimens\u00e3o\n<\/p>\n<p><strong>O quintal das irm\u00e3s.<\/strong> Texto de Waldete Trist\u00e3o. Ilustra\u00e7\u00f5es de Rodrigo Andrade.<br \/>\nPequena Zahar\n<\/p>\n<p><strong>O trem dos sonhos.<\/strong> Texto de Marcelo Maluf. Ilustra\u00e7\u00f5es de Nat\u00e1lia Gregorini. Gato Leitor\n<\/p>\n<p><strong>Papai pintava.<\/strong> Texto e ilustra\u00e7\u00f5es de Odilon Moraes. Jujuba\n<\/p>\n<p><strong>Papai, \u00f3.<\/strong> Texto e ilustra\u00e7\u00f5es de Marcelo Tolentino. Pequena Zahar\n<\/p>\n<p><strong>Pequeno cat\u00e1logo de animais terrivelmente inofensivos e por vezes \u00fateis.<\/strong> Texto e ilustra\u00e7\u00f5es de Renato Moriconi. Gato Leitor\n<\/p>\n<p><strong>Querido Burle Marx.<\/strong> Texto e ilustra\u00e7\u00f5es de Renata Bueno. Edi\u00e7\u00f5es Barbatana\n<\/p>\n<p><strong>Tem um gato no frontisp\u00edcio.<\/strong> Texto de Sofia Mariutti. Ilustra\u00e7\u00f5es de Vitor Rocha. Bai\u00e3o\n<\/p>\n<p><strong>Terra.<\/strong> Texto de Carol Fernandes. Ilustra\u00e7\u00f5es de Yuri de Franco. Cia das Letrinhas\n<\/p>\n<p><strong>Um gigante t\u00e3o pequeno.<\/strong> Texto de M\u00e1rcio Vassallo. Ilustra\u00e7\u00f5es de Simone Matias. Abacatte\n<\/p>\n<p><strong>Vamos passear na floresta.<\/strong> Texto de Lia Min\u00e1poty. Ilustra\u00e7\u00f5es de Taisa Borges. Movimenta\n<\/p>\n<p><strong>Voc\u00ea n\u00e3o vai acreditar no que eu vi.<\/strong> Texto e ilustra\u00e7\u00f5es de Fran Matsumoto. Brinque-Book\n<\/p>\n<p>Altamente Recomend\u00e1vel FNLIJ &#8211; <strong>Categoria Jovem<\/strong>\n<\/p>\n<p><strong>A Inf\u00e2ncia de Joana.<\/strong> Texto de Mariana Ianelli. Maralto\n<\/p>\n<p><strong>A l\u00edngua do vendaval.<\/strong> Texto de Bruno Molinero. Ilustra\u00e7\u00f5es de Feres Khoury. \u00d4z\u00e9\n<\/p>\n<p><strong>A morte e o menino sem destino.<\/strong> Texto de Reginaldo Prandi. Ilustra\u00e7\u00f5es de Pedro Rafael. Escarlate\n<\/p>\n<p><strong>A Viagem de Hanno &amp; Ganda.<\/strong> Texto de Tadeu Sarmento. Ilustra\u00e7\u00f5es de Samuel Casal. Peir\u00f3polis\n<\/p>\n<p><strong>A voz da casa.<\/strong> Texto de Marina Colasanti. Ilustra\u00e7\u00f5es de Santiago R\u00e9gis. Camale\u00e3o\n<\/p>\n<p><strong>Chuva.<\/strong> Texto de Dalton Trevisan. Ilustra\u00e7\u00f5es de Eloar Guazzelli. Reco-Reco\n<\/p>\n<p><strong>Deztro\u00e7os ou objetos reciclados, organizados em elegia literovisual e fidedgna quinquilharia critica.<\/strong> Texto e ilustra\u00e7\u00f5es de Nelson Cruz. Maralto\n<\/p>\n<p><strong>Ganhou um nome quando atravessou o mar.<\/strong> Texto de Silviane Scliar Sassom. Ilustra\u00e7\u00f5es de Danilo Zamboni. FTD\n<\/p>\n<p><strong>Hist\u00f3rias Brasileiras de C\u00e3es.<\/strong> Sele\u00e7\u00e3o e organiza\u00e7\u00e3o de Rog\u00e9rio Ramos. Maralto\n<\/p>\n<p><strong>Hist\u00f3rias Brasileiras de Gatos.<\/strong> Sele\u00e7\u00e3o e organiza\u00e7\u00e3o de Rog\u00e9rio Ramos. Maralto\n<\/p>\n<p><strong>Joana, a janela, o muro e o cavalo.<\/strong> Texto de Flavia Maria. Ilustra\u00e7\u00f5es de Veridiana Scarpelli. Ed. 34\n<\/p>\n<p><strong>Laila e Jasmim.<\/strong> Texto de Guilherme Semionato. Escarlate\n<\/p>\n<p><strong>O Ciclista.<\/strong> Texto de Dalton Trevisan. Ilustra\u00e7\u00f5es de Odilon Moraes. Reco-Reco\n<\/p>\n<p><strong>O grande mentecapto.<\/strong> Texto de Fernando Sabino. Ilustra\u00e7\u00f5es de Galhardo. Record\n<\/p>\n<p><strong>Salvaterra: breve romance de coragem.<\/strong> Texto de Mar\u00edlia Lovatel. SM\n<\/p>\n<p><strong>Tempo de flores do mato longe.<\/strong> Texto de Stela Maris Rezende. Globo Clube\n<\/p>\n<p>Altamente Recomend\u00e1vel FNLIJ &#8211; <strong>Categoria Poesia<\/strong>\n<\/p>\n<p><strong>200 Limeriques de Edward Lear para ler e para ver.<\/strong> Organiza\u00e7\u00e3o e tradu\u00e7\u00e3o de Renato Moriconi. Bai\u00e3o\n<\/p>\n<p><strong>Abeced\u00e1rio po\u00e9tico da floresta.<\/strong> Texto de Tiago Hakiy. Ilustra\u00e7\u00f5es de Gra\u00e7a Lima. Melhoramentos\n<\/p>\n<p><strong>Afrofutul\u00edrica &#8211; Poemas El\u00e9tricos.<\/strong> Texto de Eve L. Ewing. Tradu\u00e7\u00e3o de Nina Rizzi. DarkSide\n<\/p>\n<p><strong>Bento vento tempo.<\/strong> Texto de Stenio Gardel. Ilustra\u00e7\u00f5es de Nelson Cruz. Cia das Letrinhas\n<\/p>\n<p><strong>Besti\u00e1rio.<\/strong> Texto de Pablo Neruda. Ilustra\u00e7\u00f5es de Luis Scafati. Tradu\u00e7\u00e3o de Jos\u00e9 Eduardo Degrazia. L&amp;PM\n<\/p>\n<p><strong>Brasileirinhos da Mata Atl\u00e2ntica.<\/strong> Texto de Lalau. Ilustra\u00e7\u00f5es de Laurabeatriz.<br \/>\nCia das Letrinhas\n<\/p>\n<p><strong>Brincar de Olhar: Haicais para Gente Mi\u00fada.<\/strong> Texto de Edith Lacerda. Ilustra\u00e7\u00f5es de Camila Carrossine. Escrita Fina\n<\/p>\n<p><strong>Can\u00e7\u00e3o do amor.<\/strong> Texto de Txai Suru\u00ed. Ilustra\u00e7\u00f5es de Fernando Zensh\u00f4. Elo\n<\/p>\n<p><strong>Cantigas de Ninar Vento.<\/strong> Texto de Gl\u00e1ucia De Souza e Jorge Herrmann. Ilustra\u00e7\u00f5es de Cristina Biazetto. Physalis\n<\/p>\n<p><strong>Desembarcados.<\/strong> Texto de Daniel Kondo. Ilustra\u00e7\u00f5es de Guilherme Gontijo Flores. Poemas musicados por Carol Naine. FTD\n<\/p>\n<p><strong>Elefante.<\/strong> Texto de Carlos Drummond de Andrade. Ilustra\u00e7\u00f5es de Raquel Can\u00e9. Reco-Reco\n<\/p>\n<p><strong>Menino que n\u00e3o faz xixi fica verde.<\/strong> Texto de Tino Freitas. Ilustra\u00e7\u00f5es de Rodrigo Fischer. Gato Leitor\n<\/p>\n<p><strong>O corvo.<\/strong> Texto de Edgar Allan Poe. Ilustra\u00e7\u00f5es de Gustave Dor\u00e9. Tradu\u00e7\u00e3o de Marcia Heloisa. DarkSide\n<\/p>\n<p><strong>O Livro dos Limeriques.<\/strong> Texto de Fabr\u00edcio Corsaletti. Ilustra\u00e7\u00f5es de Yara Kono. Ed. 34\n<\/p>\n<p><strong>Outras Armadilhas Desej\u00e1veis..<\/strong> Texto de Juliano Holanda. Maralto\n<\/p>\n<p><strong>P\u00e1ssaro Poss\u00edvel.<\/strong> Texto de Caio Riter. Ilustra\u00e7\u00f5es de Rodrigo Visca. Elo\n<\/p>\n<p><strong>Poeamo-me.<\/strong> Texto de Paula Taitelbaum. Piu\n<\/p>\n<p><strong>Poemas para curumins e cunhant\u00e3s.<\/strong> Texto de Tiago Hakiy. Ilustra\u00e7\u00f5es de Alexandra Krenak. Moderna\n<\/p>\n<p><strong>Poemas para meninas esquecidas na escurid\u00e3o.<\/strong> Texto de Cyntia Pelayo. Tradu\u00e7\u00e3o de Fernanda Castro. DarkSide\n<\/p>\n<p><strong>Versos de bichos.<\/strong> Texto de Bertold Brecht. Ilustra\u00e7\u00f5es de Marcelo Tolentino. Tradu\u00e7\u00e3o de Maria Gutierrez. Boitat\u00e1\n<\/p>\n<p>Altamente Recomend\u00e1vel FNLIJ &#8211; <strong>Categoria Reconto<\/strong>\n<\/p>\n<p><strong>A jornada de Rowe\u00f5.<\/strong> Texto de Angela Pappiani. Ilustra\u00e7\u00f5es de Mauricio Negro. Elo\n<\/p>\n<p><strong>Abayomi: o reluzir dos encontros preciosos.<\/strong> Texto de L\u00edvia Sant&#8217;Anna Vaz e Chiara Ramos. Ilustra\u00e7\u00f5es de B\u00e1rbara Quintino. Yellowfante\n<\/p>\n<p><strong>Anavilh\u00e3nas: Mitos Ind\u00edgenas da Amaz\u00f4nia.<\/strong> Texto de Yaguar\u00ea Yam\u00e3 e Ikan\u00ea Adean. Ciranda Cultural\n<\/p>\n<p><strong>Cinderela do Rio.<\/strong> Texto de Mafuane Oliveira. Ilustra\u00e7\u00f5es de Taisa Borges. Peir\u00f3polis\n<\/p>\n<p><strong>Contos de S\u00e3o Tom\u00e9 e Pr\u00edncipe: hist\u00f3rias da Av\u00f3 Flind\u00f3.<\/strong> Texto de Olinda Beja. Ilustra\u00e7\u00f5es de Roberta Nunes. Coordena\u00e7\u00e3o de Marco Haur\u00e9lio. Estrela Cultural\n<\/p>\n<p><strong>Kuj\u00e1n e os meninos sabidos.<\/strong> Texto de Ailton Krenak. Ilustra\u00e7\u00f5es de Rita Carelli.<br \/>\nCia das Letrinhas\n<\/p>\n<p><strong>Odisseia.<\/strong> Adapta\u00e7\u00e3o de Lia Neiva. Ilustra\u00e7\u00f5es de Renato Alarc\u00e3o . Nova Fronteira\n<\/p>\n<p><strong>Outros contos da floresta.<\/strong> Texto de Yaguar\u00ea Yam\u00e3. Ilustra\u00e7\u00f5es de Luana Geiger. Peir\u00f3polis\n<\/p>\n<p><strong>Poeira de diamantes: vozes e hist\u00f3rias nascentes em terras brasileiras.<\/strong><br \/>\nOrganiza\u00e7\u00e3o de Regina Machado. Ilustra\u00e7\u00f5es de Alice Freire. Peir\u00f3polis\n<\/p>\n<p><strong>Quatro contos de sabedoria dos povos africanos.<\/strong> Texto de Fabrice Alodji. Ilustra\u00e7\u00f5es de Ju\u00e3o Vaz. Alegri\u00f4\n<\/p>\n<p><strong>Seis meses depois&#8230;.<\/strong> Texto de Francisco Marques Virgula (Chico dos Bonecos). Ilustra\u00e7\u00f5es de Ta\u00edsa Borges. Peir\u00f3polis\n<\/p>\n<p>Altamente Recomend\u00e1vel FNLIJ &#8211; <strong>Categoria Informativo<\/strong>\n<\/p>\n<p><strong>ABPcD: Letras Inf\u00e2ncias e vidas de pessoas com defici\u00eancia.<\/strong> Texto de Ana Clara Moniz e L\u00edgia Azevedo. Ilustra\u00e7\u00f5es de Bruna Assis Brasil. Cia das Letrinhas\n<\/p>\n<p><strong>Barbatuques: m\u00fasicas, jogos, brincadeiras e ABC Tuques.<\/strong> Texto de Andr\u00e9 Hosoi, Charles Raszl, Fl\u00e1via Maia, Fernando Barba, Giba Alves, Jo\u00e3o Sim\u00e3o, Luciana Cestari e Maur\u00edcio Maas,. Ilustra\u00e7\u00f5es de Ana Starling. Peir\u00f3polis\n<\/p>\n<p><strong>Cr\u00f4nicas da cosmovis\u00e3o ind\u00edgena: animais e plantas.<\/strong> Texto de Yaguar\u00ea Yam\u00e3. Ilustra\u00e7\u00f5es de Maur\u00edcio Negro. Movimenta\n<\/p>\n<p><strong>Joel Rufino dos Santos: humanistas inquietos, um homem livre.<\/strong> Texto de Lu\u00eds Pimentel. Ilustra\u00e7\u00f5es de Rodrigo Andrade. Moderna\n<\/p>\n<p><strong>Meninas.<\/strong> Texto e ilustra\u00e7\u00f5es de Ang\u00e9lica Kalil e Amma. Oh\n<\/p>\n<p><strong>Nossos mitos.<\/strong> Texto de Yaguar\u00ea Yam\u00e3. Ilustra\u00e7\u00f5es de Danirampe. Pallas\n<\/p>\n<p><strong>O Livro do Riso.<\/strong> Texto e ilustra\u00e7\u00f5es de Denise Gon\u00e7alves. Edi\u00e7\u00f5es Barbatana\n<\/p>\n<p><strong>Os Ind\u00edgenas, a m\u00e3e terra e o bem viver.<\/strong> Texto de Ademario Ribeiro Payay\u00e1. Ilustra\u00e7\u00f5es de Maur\u00edcio Negro. Moderna\n<\/p>\n<p><strong>Altamente Recomend\u00e1vel FNLIJ &#8211; <\/strong><strong>Categoria Teatro<\/strong>\n<\/p>\n<p><strong>Otelo.<\/strong> Texto de William Shakespeare. Ilustra\u00e7\u00f5es de Julien Delval. Tradu\u00e7\u00e3o de En\u00e9ias Tavares. DarkSide\n<\/p>\n<p>Altamente Recomend\u00e1vel FNLIJ &#8211; <strong>Categoria Livro de Imagem<\/strong>\n<\/p>\n<p><strong>As aventuras de Vit\u00f3rio.<\/strong> Veridiana Scarpelli. Cia das Letrinhas\n<\/p>\n<p><strong>Museu.<\/strong> Javier Sa\u00e9z-Castan e Manuel Marsol. Barbante\n<\/p>\n<p><strong>O Livro Branco.<\/strong> Silvia Borando, Lorenzo Clerici e Elisabetta Pica. Carochinha\n<\/p>\n<p><strong>Pequenas gentilezas.<\/strong> Marta Bartoji. SM\n<\/p>\n<p><strong>Submersos.<\/strong> Hist\u00f3ria de Estev\u00e3o Azevedo. Ilustra\u00e7\u00f5es de Vitor Bellicanta. Caixote\n<\/p>\n<p>Altamente Recomend\u00e1vel FNLIJ &#8211; <strong>Categoria Livro-brinquedo<\/strong>\n<\/p>\n<p><strong>Cole\u00e7\u00e3o: Amarelo; Azul; Vemelho<\/strong>. Daniela Galanti. Edi\u00e7\u00f5es Barbatana\n<\/p>\n<p><strong>Puxa! Puxa!.<\/strong> Texto de Leo Cunha e Tino Freitas. Ilustra\u00e7\u00f5es de Weberson Santiago.. Brinque-Book\n<\/p>\n<p>Altamente Recomend\u00e1vel FNLIJ &#8211; <strong>Categoria Literatura Estrangeira em L\u00edngua Portuguesa<\/strong>\n<\/p>\n<p><strong>Besti\u00e1rio de Brand\u00f4nio: fauna maravilhosa no Brasil do s\u00e9culo XVII.<\/strong> Texto de Ambr\u00f3sio Fernandes Brand\u00e3o. Ilustra\u00e7\u00f5es de J. Borges. Livros da Raposa Vermelha\n<\/p>\n<p><strong>Dobra letras.<\/strong> Madalena Matoso. Ilustra\u00e7\u00f5es. Peir\u00f3polis\n<\/p>\n<p><strong>O brincador.<\/strong> Texto de \u00c1lvaro Magalh\u00e3es. Ilustra\u00e7\u00f5es de C\u00e1tia Vidinhas. Ciranda Cultural\n<\/p>\n<p><strong>Que planeta \u00e9 este?.<\/strong> Texto e ilustra\u00e7\u00f5es de Eduarda Lima. Pequena Zahar\n<\/p>\n<p><strong>Altamente Recomend\u00e1vel FNLIJ<\/strong> &#8211; Categoria Te\u00f3rico\n<\/p>\n<p><strong>A passagem secreta: Porque os livros infantis s\u00e3o uma coisa muito s\u00e9ria.<\/strong> Texto de Mac Barnett. Tradu\u00e7\u00e3o de K\u00e1tia Chiaradia. NanaBooks\n<\/p>\n<p><strong>Biblioteca na escola.<\/strong> Texto de Silvia Castrill\u00f3n. Tradu\u00e7\u00e3o de Cleide Fernandes, Daniela Figueiredo, Fab\u00edola Farias, J\u00e9ssica Tolentino e Raquel Fernandes Lopes. Pulo do gato\n<\/p>\n<p><strong>Inf\u00e2ncias e leituras: Presen\u00e7as negras e ind\u00edgenas na literatura infantil.<\/strong> Organiza\u00e7\u00e3o de M\u00e1rcia Lic\u00e1. Pulo do gato\n<\/p>\n<p><strong>Literatura digital para crian\u00e7as e jovens: Teoria e pr\u00e1tica da experi\u00eancia est\u00e9tica.<\/strong>Organiza\u00e7\u00e3o de Aline Frederico e Elizabeth Cardoso. Educ\n<\/p>\n<p><strong>Literatura infantil e juvenil na fogueira.<\/strong> Organiza\u00e7\u00e3o de Jo\u00e3o Lu\u00eds Ceccantini, Eliane Galv\u00e3o e Thiago Alves Valente. Aletria\n<\/p>\n<p><strong>Outro livro de perguntas: Leitura, inclus\u00e3o e acessibilidade.<\/strong> Cleide Fernandes, Fab\u00edola Farias e Juliana Daher. Ed. do autor(a)\n<\/p>\n<p><strong>Somos animais po\u00e9ticos: A arte, os livros e a beleza em tempos de crise.<\/strong> Texto de Mich\u00e8le Petit. Tradu\u00e7\u00e3o de Raquel Camargo. Ed. 34\n<\/p>\n<p>Altamente Recomend\u00e1vel FNLIJ &#8211; Categoria Tradu\u00e7\u00e3o Adapta\u00e7\u00e3o Crian\u00e7a\n<\/p>\n<p><strong>A gangorra.<\/strong> Texto e ilustra\u00e7\u00f5es de Joaqu\u00edn Camp. Tradu\u00e7\u00e3o de Livia Deorsola. Cia das Letrinhas\n<\/p>\n<p><strong>A hist\u00f3ria de uma gaivota e do gato que a ensinou a voar.<\/strong> Texto de Luis Sep\u00falveda. Ilustra\u00e7\u00f5es de Satoshi Kitamura. Tradu\u00e7\u00e3o de Mariana Sanchez. Bai\u00e3o\n<\/p>\n<p><strong>A mam\u00e3e do pintinho.<\/strong> Texto e ilustra\u00e7\u00f5es de Henna Baek. Tradu\u00e7\u00e3o de ARA Cultural. Cia das Letrinhas\n<\/p>\n<p><strong>A menina e a baleia.<\/strong> Texto e ilustra\u00e7\u00f5es de Benji Davies. Tradu\u00e7\u00e3o de Mar\u00edlia Garcia. Reco-Reco\n<\/p>\n<p><strong>A praia.<\/strong> Texto e ilustra\u00e7\u00f5es de Sol Undurraga. Tradu\u00e7\u00e3o de Diogo Cardoso . Barbante\n<\/p>\n<p><strong>A sopa est\u00e1 pronta!.<\/strong> Texto e ilustra\u00e7\u00f5es de Susanne Strasser. Tradu\u00e7\u00e3o de Julia Bussius. Cia das Letrinhas\n<\/p>\n<p><strong>A sopa Lebron.<\/strong> Texto de Giovanna Zoboli. Ilustra\u00e7\u00f5es de Mariachiara Di Giorgio. Tradu\u00e7\u00e3o de Isabella Marcatti. WMF\n<\/p>\n<p><strong>A vida secreta das emo\u00e7\u00f5es.<\/strong> Texto de Tina Oziewicz. Ilustra\u00e7\u00f5es de Aleksandra Zajac. Tradu\u00e7\u00e3o de Luiz Henrique Budant . WMF\n<\/p>\n<p><strong>Amigos.<\/strong> Texto e ilustra\u00e7\u00f5es de Mies Van Hout. Tradu\u00e7\u00e3o de Camila Werner. L&amp;PM\n<\/p>\n<p><strong>Anna Hibiscus.<\/strong> Texto de Atinuke. Ilustra\u00e7\u00f5es de Lauren Tobia. Tradu\u00e7\u00e3o de Carolina Candido. Carambaia\n<\/p>\n<p><strong>Antes disso.<\/strong> Texto e ilustra\u00e7\u00f5es de Oliver Jeffers. Tradu\u00e7\u00e3o de \u00c9rico Assis. HarperKids\n<\/p>\n<p><strong>As Aventuras de Pin\u00f3quio.<\/strong> Texto de Carlos Collodi. Ilustra\u00e7\u00f5es de Juliana Bollini. Tradu\u00e7\u00e3o de Vanessa C. Rodrigues. Maralto\n<\/p>\n<p><strong>As interrup\u00e7\u00f5es.<\/strong> Texto de Nicol\u00e1s Schuff. Ilustra\u00e7\u00f5es de Mariana Ruiz Johnson. Tradu\u00e7\u00e3o de Luzia Pivetta . Gato Leitor\n<\/p>\n<p><strong>As m\u00e3os do meu pai.<\/strong> Texto e ilustra\u00e7\u00f5es de Choi Deok-kyu. Adapta\u00e7\u00e3o de Thais Rimkus. Boitat\u00e1 e P\u00f3 de Estrelas\n<\/p>\n<p><strong>Boa Noite, lua.<\/strong> Texto de Margaret Wise Brown. Ilustra\u00e7\u00f5es de Clement Hurd. Tradu\u00e7\u00e3o de Paula Di Carvalho. HarperKids\n<\/p>\n<p><strong>Branco.<\/strong> Texto de Silje Hansen Flemmen. Ilustra\u00e7\u00f5es de Jannicke Hansen. Tradu\u00e7\u00e3o de Leo Cunha. Yellowfante\n<\/p>\n<p><strong>BUM \u2013 A guerra das cores.<\/strong> Texto e ilustra\u00e7\u00f5es de Ximo Abad\u00eda. Tradu\u00e7\u00e3o de Monica Stahel. Boitat\u00e1\n<\/p>\n<p><strong>Cabana da soneca.<\/strong> Texto e ilustra\u00e7\u00f5es de Fr\u00e9d\u00e9ric Stehr. Tradu\u00e7\u00e3o de Ana Claudia Ferrari.SM\n<\/p>\n<p><strong>Cole\u00e7\u00e3o Gatos Alados: <\/strong><strong>Gatos Alados; Jane sozinha na cidade; O incr\u00edvel Alexander e os gatos alados; O retorno dos gatos alados<\/strong><strong>. <\/strong>Textos de Ursula K. Le Guin. Ilustra\u00e7\u00f5es de S.D. Schindler. Tradu\u00e7\u00e3o de Laura Fran\u00e7a. Glida\n<\/p>\n<p><strong>Crian\u00e7as escondidas.<\/strong> Texto e ilustra\u00e7\u00f5es de Franco Matticchio. Tradu\u00e7\u00e3o de Janice Florido. NanaBooks\n<\/p>\n<p><strong>Criaturas.<\/strong> Texto e ilustra\u00e7\u00f5es de Chanti. Tradu\u00e7\u00e3o de Renan Amorim Santos. Camale\u00e3o\n<\/p>\n<p><strong>Dentro Fora.<\/strong> Texto e ilustra\u00e7\u00f5es de Alejandra Acosta. Tradu\u00e7\u00e3o de Alexandre Shiguehara. Casa Oito\n<\/p>\n<p><strong>Esta noite sonhei que era drag\u00e3o.<\/strong> Texto e ilustra\u00e7\u00f5es de Gast\u00f3n Hauviller. Tradu\u00e7\u00e3o de Dani Gutfreund. \u00d4z\u00e9\n<\/p>\n<p><strong>Hist\u00f3ria Natural das Fadas.<\/strong> Texto de Emily Hawkins. Ilustra\u00e7\u00f5es de Jessica Roux. Tradu\u00e7\u00e3o de Renan Santos. DarkSide\n<\/p>\n<p><strong>Hoje eu vi um pica-pau.<\/strong> Texto de Micha\u0142 Skibi\u0144ski. Ilustra\u00e7\u00f5es de Ala Bankroft. Tradu\u00e7\u00e3o de Gabriel Borowski. Bai\u00e3o\n<\/p>\n<p><strong>Nadica de Nada.<\/strong> Texto e ilustra\u00e7\u00f5es de Wanda G\u00e1g. Tradu\u00e7\u00e3o de Nathalia Matsumoto. Edi\u00e7\u00f5es Barbatana\n<\/p>\n<p><strong>N\u00e3o apronte, Mastodonte!.<\/strong> Texto de Micaela Chirif. Ilustra\u00e7\u00f5es de Issa Watanabe. Tradu\u00e7\u00e3o de Dani Gutfreund. Jujuba\n<\/p>\n<p><strong>Nossos amigos, os ogros.<\/strong> Texto e ilustra\u00e7\u00f5es de K.G. Subramanyan. Tradu\u00e7\u00e3o de Laura Liuzzi. Bai\u00e3o\n<\/p>\n<p><strong>O dia em que virei um p\u00e1ssaro.<\/strong> Texto de Ingrid Chabbert. Ilustra\u00e7\u00f5es de Guridi. Tradu\u00e7\u00e3o de Livia Deorsola. Pequena Zahar\n<\/p>\n<p><strong>O Elevador.<\/strong> Texto e ilustra\u00e7\u00f5es de Yael Frankel. Tradu\u00e7\u00e3o de Janice Florido. NanaBooks\n<\/p>\n<p><strong>O jardim da minha baba.<\/strong> Texto de Jordan Scott. Ilustra\u00e7\u00f5es de Sydney Smith. Tradu\u00e7\u00e3o de Paula Marconi de Lima. Pequena Zahar\n<\/p>\n<p><strong>O rei e o homenzinho.<\/strong> Texto e ilustra\u00e7\u00f5es de K.G. Subramanyan. Tradu\u00e7\u00e3o de Laura Liuzzi. Bai\u00e3o\n<\/p>\n<p><strong>Oi, guaxinim, pode lavar pra mim?.<\/strong> Texto de Susanne Strasser. Tradu\u00e7\u00e3o de Julia Bussius. Cia das Letrinhas\n<\/p>\n<p><strong>Os piratas est\u00e3o chegando!.<\/strong> Texto de John Condon. Ilustra\u00e7\u00f5es de Matt Hunt. Tradu\u00e7\u00e3o de Gilda de Aquino. Brinque-Book\n<\/p>\n<p><strong>Paddington vai ao circo.<\/strong> Texto de Michael Bond. Ilustra\u00e7\u00f5es de R. W. Alley. Tradu\u00e7\u00e3o de Paula Di Carvalho. HarperKids\n<\/p>\n<p><strong>Quando voc\u00ea sai.<\/strong> Texto e ilustra\u00e7\u00f5es de Gast\u00f3n Hauviller. Tradu\u00e7\u00e3o de Ana Tavares. Pequena Zahar\n<\/p>\n<p><strong>Sarah Adora Mangas.<\/strong> Texto e ilustra\u00e7\u00f5es de Sarthak Sinha. Tradu\u00e7\u00e3o de Ricardo Ditchun. Leiturinha\n<\/p>\n<p><strong>Sinta um cachorro sentado.<\/strong> Texto de David Wapner. Ilustra\u00e7\u00f5es de Isol. Tradu\u00e7\u00e3o de Dani Gutfreund. \u00d4z\u00e9\n<\/p>\n<p><strong>Toda ruga tem uma hist\u00f3ria.<\/strong> Texto de David Grossman. Ilustra\u00e7\u00f5es de Maya Schleifer. Tradu\u00e7\u00e3o de Paulo Geiger. Cia das Letrinhas\n<\/p>\n<p><strong>Tudo \u00e9 m\u00fasica.<\/strong> Texto e ilustra\u00e7\u00f5es de Mi-Ran. Tradu\u00e7\u00e3o de ARA Cultural. SM\n<\/p>\n<p><strong>Um mar de amor.<\/strong> Texto e ilustra\u00e7\u00f5es de Pieter Gaudesaboos. Tradu\u00e7\u00e3o de Mari\u00e2ngela Guimar\u00e3es. Cia das Letrinhas\n<\/p>\n<p><strong>Um buraco.<\/strong> Texto e ilustra\u00e7\u00f5es de Yael Frankel. Tradu\u00e7\u00e3o de Livia Deorsola. Movimenta\n<\/p>\n<p><strong>Uns e outros.<\/strong> Texto e ilustra\u00e7\u00f5es de Dipacho. Tradu\u00e7\u00e3o de Nina Rizzi . Cia das Letrinhas\n<\/p>\n<p><strong>Van Dog.<\/strong> Texto de Gosia Herba. Ilustra\u00e7\u00f5es de Mikotaj Pa. Tradu\u00e7\u00e3o de Olga Baginska-Shinzato . Piu\n<\/p>\n<p><strong>Ver\u00e3o.<\/strong> Texto e Ilustra\u00e7\u00f5es de Suzy Lee. Tradu\u00e7\u00e3o de ARA Cultural. Cia das Letrinhas\n<\/p>\n<p><strong>Voc\u00ea se lembra?.<\/strong> Texto e ilustra\u00e7\u00f5es de Sydney Smith. Tradu\u00e7\u00e3o de Paula Marconi de Lima. Pequena Zahar\n<\/p>\n<p>Altamente Recomend\u00e1vel FNLIJ &#8211; <strong>Categoria Tradu\u00e7\u00e3o Adapta\u00e7\u00e3o Jovem<\/strong>\n<\/p>\n<p><strong>A casa dos animais.<\/strong> Texto de Vinciane Despret. Ilustra\u00e7\u00f5es de Vanessa Mattara. Tradu\u00e7\u00e3o de Beatriz Thibes . Ed. 34\n<\/p>\n<p><strong>A Volta do Parafuso.<\/strong> Texto de Henry James. Tradu\u00e7\u00e3o de Luci Collin. DarkSide\n<\/p>\n<p><strong>Annie, a menina do mar.<\/strong> Texto de David Almond. Ilustra\u00e7\u00f5es de Beatrice Alemagna. Tradu\u00e7\u00e3o de Rafael Mantovani. WMF\n<\/p>\n<p><strong>Caleidosc\u00f3pio.<\/strong> Texto de Brian Selznick. Tradu\u00e7\u00e3o de Bruno Gambarotto. SM\n<\/p>\n<p><strong>Deslocados.<\/strong> Texto de Patrick Ochieng. Tradu\u00e7\u00e3o de Nina Rizzi. FTD\n<\/p>\n<p><strong>Floriografia: A Linguagem Secreta das Flores.<\/strong> Texto e ilustra\u00e7\u00f5es de Jessica Roux. Tradu\u00e7\u00e3o de Aline Zouvi. DarkSide\n<\/p>\n<p><strong>Hist\u00f3rias de Edgar Allan Poe.<\/strong> Texto de Stacey King. Ilustra\u00e7\u00f5es de Virginia Nitouhei. Tradu\u00e7\u00e3o de Alexandre Boide . L&amp;PM\n<\/p>\n<p><strong>Nick Carter e Andr\u00e9 Breton: Uma Investiga\u00e7\u00e3o Surrealista.<\/strong> Texto e ilustra\u00e7\u00f5es de David B.. Tradu\u00e7\u00e3o de Maria Clara Carneiro. DarkSide\n<\/p>\n<p><strong>No Cora\u00e7\u00e3o da Floresta.<\/strong> Texto de Emily Winfield Martin. Tradu\u00e7\u00e3o de Viviane Diniz. DarkSide\n<\/p>\n<p><strong>O estrangeiro.<\/strong> Texto de Alberto Camus. Ilustra\u00e7\u00f5es de Ryota Kurumado. Tradu\u00e7\u00e3o de Ivone Benedetti. Record\n<\/p>\n<p><strong>O inferno de Dante.<\/strong> Adapta\u00e7\u00e3o de Paul e Gaetan Brizzi. Tradu\u00e7\u00e3o de Debora Fleck. Nova Fronteira\n<\/p>\n<p><strong>Profiss\u00f5es para Mulheres.<\/strong> Texto de Virg\u00ednia Woolf. Ilustra\u00e7\u00f5es de Marilda Castanha. Tradu\u00e7\u00e3o de Adriana Lisboa. Maralto\n<\/p>\n<p><strong>Quando Hitler roubou o coelho cor-de-rosa.<\/strong> Texto de Judith Kerr. Tradu\u00e7\u00e3o de Laura Folgueira. HarperKids\n<\/p>\n<p><strong>Sonhos de uma menina negra.<\/strong> Texto de Jacqueline Woodson. Tradu\u00e7\u00e3o de Nina Rizzi. Bai\u00e3o\n<\/p>\n<p><strong>Altamente Recomend\u00e1vel FNLIJ &#8211; <\/strong><strong>Categoria Tradu\u00e7\u00e3o Adapta\u00e7\u00e3o Reconto<\/strong>\n<\/p>\n<p><strong>Contos de fadas japoneses.<\/strong> Texto de Yei Theodora Ozaki. Organiza\u00e7\u00e3o, tradu\u00e7\u00e3o e Ilustra\u00e7\u00f5es de Janaina Tokitaka. Bai\u00e3o\n<\/p>\n<p><strong>Kaaliawiri: a \u00e1rvore da vida.<\/strong> Texto de Francisco Ortiz. Ilustra\u00e7\u00f5es e tradu\u00e7\u00e3o de Ci\u00e7a Fittipaldi. \u00d4z\u00e9\n<\/p>\n<p>Altamente Recomend\u00e1vel FNLIJ &#8211; <strong>Categoria Tradu\u00e7\u00e3o Adapta\u00e7\u00e3o Informativo<\/strong>\n<\/p>\n<p><strong>A morte \u00e9 assim? 38 perguntas mortais de meninas e meninos.<\/strong> Texto de Ellen Duthie &amp; Anna Juan Cantavella. Ilustra\u00e7\u00f5es de Andrea Antinori. Tradu\u00e7\u00e3o de Scheyla Miranda. Bai\u00e3o\n<\/p>\n<p><strong>Democracia!.<\/strong> Texto e ilustra\u00e7\u00f5es de Philip Bunting. Tradu\u00e7\u00e3o de L\u00edgia Azevedo. Brinque-Book\n<\/p>\n<p><strong>Implac\u00e1veis: porque o mundo n\u00e3o \u00e9 justo.<\/strong> Texto de Yuval Noah Harari. Ilustra\u00e7\u00f5es de Ricard Zaplana Ruiz. Tradu\u00e7\u00e3o de Laura Teixeira Motta. Cia das Letrinhas\n<\/p>\n<p><strong>Origem.<\/strong> Texto e ilustra\u00e7\u00f5es de Nat Cardozo. Tradu\u00e7\u00e3o de Rubia Goldoni e S\u00e9rgio Molina. Livros da Raposa Vermelha\n<\/p>\n<p><strong>Nicky e Vera: o discreto her\u00f3i do holocausto e as crian\u00e7as que ele salvou.<\/strong> Texto e ilustra\u00e7\u00f5es de Peter S\u00eds. Tradu\u00e7\u00e3o de \u00c9rico Assis. Cia das Letrinhas<\/p>\n","protected":false},"excerpt":{"rendered":"Sele\u00e7\u00e3o anual contempla 172 t\u00edtulos publicados em 2024, de 55 selos editoriais e 13 editoras. Conhe\u00e7a a listagem&hellip;\n","protected":false},"author":2,"featured_media":119905,"comment_status":"","ping_status":"","sticky":false,"template":"","format":"standard","meta":{"footnotes":""},"categories":[143],"tags":[868,877,867,169,869,872,873,880,114,115,874,870,875,878,879,864,876,237,871,170,865,866,13,32,33],"class_list":{"0":"post-119904","1":"post","2":"type-post","3":"status-publish","4":"format-standard","5":"has-post-thumbnail","7":"category-livros","8":"tag-best-seller","9":"tag-biblioteca","10":"tag-bienal-do-livro","11":"tag-books","12":"tag-clipping","13":"tag-e-book","14":"tag-ebook","15":"tag-editora","16":"tag-entertainment","17":"tag-entretenimento","18":"tag-escritor","19":"tag-eventos","20":"tag-festival-literario","21":"tag-lancamentos","22":"tag-leitura","23":"tag-literatura","24":"tag-livraria","25":"tag-livro","26":"tag-livro-digital","27":"tag-livros","28":"tag-mercado-editorial","29":"tag-mercado-livreiro","30":"tag-noticias","31":"tag-portugal","32":"tag-pt"},"share_on_mastodon":{"url":"https:\/\/pubeurope.com\/@pt\/115410929289609869","error":""},"_links":{"self":[{"href":"https:\/\/www.europesays.com\/pt\/wp-json\/wp\/v2\/posts\/119904","targetHints":{"allow":["GET"]}}],"collection":[{"href":"https:\/\/www.europesays.com\/pt\/wp-json\/wp\/v2\/posts"}],"about":[{"href":"https:\/\/www.europesays.com\/pt\/wp-json\/wp\/v2\/types\/post"}],"author":[{"embeddable":true,"href":"https:\/\/www.europesays.com\/pt\/wp-json\/wp\/v2\/users\/2"}],"replies":[{"embeddable":true,"href":"https:\/\/www.europesays.com\/pt\/wp-json\/wp\/v2\/comments?post=119904"}],"version-history":[{"count":0,"href":"https:\/\/www.europesays.com\/pt\/wp-json\/wp\/v2\/posts\/119904\/revisions"}],"wp:featuredmedia":[{"embeddable":true,"href":"https:\/\/www.europesays.com\/pt\/wp-json\/wp\/v2\/media\/119905"}],"wp:attachment":[{"href":"https:\/\/www.europesays.com\/pt\/wp-json\/wp\/v2\/media?parent=119904"}],"wp:term":[{"taxonomy":"category","embeddable":true,"href":"https:\/\/www.europesays.com\/pt\/wp-json\/wp\/v2\/categories?post=119904"},{"taxonomy":"post_tag","embeddable":true,"href":"https:\/\/www.europesays.com\/pt\/wp-json\/wp\/v2\/tags?post=119904"}],"curies":[{"name":"wp","href":"https:\/\/api.w.org\/{rel}","templated":true}]}}