{"id":119918,"date":"2025-10-21T07:29:07","date_gmt":"2025-10-21T07:29:07","guid":{"rendered":"https:\/\/www.europesays.com\/pt\/119918\/"},"modified":"2025-10-21T07:29:07","modified_gmt":"2025-10-21T07:29:07","slug":"frederico-melo-lanca-primeiro-livro-de-poesia-nesta-quarta-feira-22-10","status":"publish","type":"post","link":"https:\/\/www.europesays.com\/pt\/119918\/","title":{"rendered":"Frederico Melo lan\u00e7a primeiro livro de poesia nesta quarta-feira (22\/10)"},"content":{"rendered":"<p class=\"texto\">Com 30 anos de trajet\u00f3ria na m\u00fasica, Frederico Melo aposta agora na literatura e lan\u00e7a seu primeiro livro, \u201cTextos escolhidos \u2013 Po\u00e9tica do excesso silencioso\u201d, na quarta-feira (22\/10), \u00e0s 19h, na Galeria Resistor, que estreia como editora.<\/p>\n<p class=\"texto\">Melo integra a banda Paralaxe, ao lado de Rafael Carneiro, projeto que mescla poesia e m\u00fasica eletr\u00f4nica. \u201cSempre escrevi poemas e letras de m\u00fasica. As letras desaguaram em quatro discos da banda, j\u00e1 os poemas foram se desenvolvendo sem horizonte espec\u00edfico do que eu faria com eles. Inclusive, com o tempo, foram mudando de estilo\u201d, conta o escritor. <\/p>\n<p class=\"texto\">O artista faz parte do Kallpp, projeto de m\u00fasica experimental e arte sonora. \u201cDeste grupo participa Marcelo Kraiser, doutor em estudos liter\u00e1rios. Ele leu minha \u00faltima safra de poesias e me ajudou a entender as narrativas e o que minhas \u00faltimas escritas tinham de espec\u00edfico\u201d, diz.<\/p>\n<p class=\"texto\">Escritas voltadas para can\u00e7\u00f5es e poesia s\u00e3o \u201ccompletamente diferentes\u201d, afirma. Para Melo, letra de can\u00e7\u00e3o serve a um conjunto maior de coisas que est\u00e3o acontecendo, enquanto a poesia \u00e9 descrita por ele como bruta, algo que o encanta. \u201cPoemas t\u00eam musicalidade, mas s\u00e3o silenciosos. N\u00e3o s\u00e3o para serem declamados ou cantados, mas evocam o fluxo de pensamento\u201d, afirma.<\/p>\n<p class=\"texto\">O livro re\u00fane cerca de 70 poemas em 111 p\u00e1ginas, com pref\u00e1cio assinado por Vera Casa Nova. \u201cA leitura da professora Vera, que \u00e9 a cr\u00edtica liter\u00e1ria mais importante dessa \u00e1rea, foi uma valida\u00e7\u00e3o para mim. Acredito que para ser poeta, algu\u00e9m tem de te chamar de poeta, voc\u00ea n\u00e3o se autoproclama\u201d, afirma Melo.<\/p>\n<p class=\"texto\">Os versos foram escritos ao longo dos \u00faltimos cinco anos, especialmente durante a pandemia. As composi\u00e7\u00f5es nasceram sem pretens\u00e3o de se tornarem livro, por\u00e9m, ao reunir os textos, o autor percebeu que a narrativa e a estrutura faziam sentido e havia coer\u00eancia silenciosa entre os poemas. <\/p>\n<p class=\"texto\">Melo destaca que o livro n\u00e3o obedece a tema espec\u00edfico, mas segue o ritmo e o deslocamento que os poemas provocam. \u201cEles t\u00eam muita intertextualidade, dialogam com filosofia, com letras de m\u00fasicas de outros autores e com outros poetas. H\u00e1 um poema que responde a Ana Cristina Cesar, uma das minhas grandes influ\u00eancias.\u201d<\/p>\n<p>Experimenta\u00e7\u00e3o visual<\/p>\n<p class=\"texto\">O escritor diz que a escrita sempre esteve no centro de sua produ\u00e7\u00e3o, mesmo quando expressapor meio do som. \u201cA escrita foi a \u00e2ncora de tudo o que fiz como artista. Ela curou tudo o que fiz como m\u00fasico ou artista digital. Tudo o que produzi sempre teve a poesia como pano de fundo, mesmo quando o r\u00f3tulo n\u00e3o era esse\u201d, diz.<\/p>\n<p class=\"texto\">Durante o lan\u00e7amento, haver\u00e1 leitura de poemas acompanhada por samplers e proje\u00e7\u00f5es de VJ 1mpar, retomando parcerias dos tempos da banda Paralaxe. O evento marca tamb\u00e9m o in\u00edcio do projeto SEELLABA (Sess\u00f5es Experimentais Liter\u00e1rias &amp; Laborat\u00f3rio Audiovisual), criado pela Galeria Resistor, que prop\u00f5e encontros dedicados \u00e0 experimenta\u00e7\u00e3o po\u00e9tica e visual.<\/p>\n<p class=\"texto\"><strong>\u201cTEXTOS ESCOLHIDOS \u2013 PO\u00c9TICA DO EXCESSO SILENCIOSO\u201d<\/strong><\/p>\n<p class=\"texto\">. De Frederico Melo<br \/>. Galeria Resistor <br \/>. 111 p\u00e1ginas<br \/>. R$ 75<br \/><strong>. Lan\u00e7amento nesta quarta-feira (22\/10), na Galeria Resistor (Rua Itaber\u00e1, 480A, Santa Efig\u00eania), \u00e0s 19h. Entrada franca.<\/strong><\/p>\n<p class=\"texto\"><strong>OUTROS LAN\u00c7AMENTOS\u00a0<\/strong><\/p>\n<p class=\"texto\"><strong>O Mantiqueira<\/strong><\/p>\n<p class=\"texto\">A Livraria Jenipapo (Rua Fernandes Tourinho, 241 \u2013 Savassi) sedia nesta ter\u00e7a (21\/10), \u00e0s 19h, o lan\u00e7amento do suplemento cultural O Mantiqueira, novo projeto editorial do CARDE. Em parceria com o Projeto Rep\u00fablica da UFMG, coordenado pela historiadora Heloisa Starling, a publica\u00e7\u00e3o se constitui como um espa\u00e7o de reflex\u00e3o sobre cultura, hist\u00f3ria e sociedade.<\/p>\n<p class=\"texto\">A edi\u00e7\u00e3o inaugural conta com entrevistas, artigos, ensaios e mat\u00e9rias que celebram a cultura brasileira. O Mantiqueira passa a circular oficialmente em fevereiro de 2026, com edi\u00e7\u00f5es quadrimestrais. O evento de lan\u00e7amento inclui bate-papo com Livia Bai\u00e3o, diretora do Museu Virtual Rio Mem\u00f3rias; Arthur Starling, designer e ilustrador; Aline Monte Si\u00e3o; do CARDE Museu; e da pr\u00f3pria Heloisa Starling. O suplemento ser\u00e1 distribu\u00eddo gratuitamente nas escolas brasileiras e a vers\u00e3o on-line estar\u00e1 dispon\u00edvel no site da Amazon.<\/p>\n<p class=\"texto\">\u00a0<strong>* Estagi\u00e1ria sob supervis\u00e3o da subeditora Tet\u00ea Monteiro<\/strong><\/p>\n","protected":false},"excerpt":{"rendered":"Com 30 anos de trajet\u00f3ria na m\u00fasica, Frederico Melo aposta agora na literatura e lan\u00e7a seu primeiro livro,&hellip;\n","protected":false},"author":2,"featured_media":119919,"comment_status":"","ping_status":"","sticky":false,"template":"","format":"standard","meta":{"footnotes":""},"categories":[143],"tags":[14876,169,114,115,271,864,237,170,6109,32,33],"class_list":{"0":"post-119918","1":"post","2":"type-post","3":"status-publish","4":"format-standard","5":"has-post-thumbnail","7":"category-livros","8":"tag-bh","9":"tag-books","10":"tag-entertainment","11":"tag-entretenimento","12":"tag-lancamento","13":"tag-literatura","14":"tag-livro","15":"tag-livros","16":"tag-poesia","17":"tag-portugal","18":"tag-pt"},"share_on_mastodon":{"url":"https:\/\/pubeurope.com\/@pt\/115410984298062339","error":""},"_links":{"self":[{"href":"https:\/\/www.europesays.com\/pt\/wp-json\/wp\/v2\/posts\/119918","targetHints":{"allow":["GET"]}}],"collection":[{"href":"https:\/\/www.europesays.com\/pt\/wp-json\/wp\/v2\/posts"}],"about":[{"href":"https:\/\/www.europesays.com\/pt\/wp-json\/wp\/v2\/types\/post"}],"author":[{"embeddable":true,"href":"https:\/\/www.europesays.com\/pt\/wp-json\/wp\/v2\/users\/2"}],"replies":[{"embeddable":true,"href":"https:\/\/www.europesays.com\/pt\/wp-json\/wp\/v2\/comments?post=119918"}],"version-history":[{"count":0,"href":"https:\/\/www.europesays.com\/pt\/wp-json\/wp\/v2\/posts\/119918\/revisions"}],"wp:featuredmedia":[{"embeddable":true,"href":"https:\/\/www.europesays.com\/pt\/wp-json\/wp\/v2\/media\/119919"}],"wp:attachment":[{"href":"https:\/\/www.europesays.com\/pt\/wp-json\/wp\/v2\/media?parent=119918"}],"wp:term":[{"taxonomy":"category","embeddable":true,"href":"https:\/\/www.europesays.com\/pt\/wp-json\/wp\/v2\/categories?post=119918"},{"taxonomy":"post_tag","embeddable":true,"href":"https:\/\/www.europesays.com\/pt\/wp-json\/wp\/v2\/tags?post=119918"}],"curies":[{"name":"wp","href":"https:\/\/api.w.org\/{rel}","templated":true}]}}