{"id":119920,"date":"2025-10-21T07:31:00","date_gmt":"2025-10-21T07:31:00","guid":{"rendered":"https:\/\/www.europesays.com\/pt\/119920\/"},"modified":"2025-10-21T07:31:00","modified_gmt":"2025-10-21T07:31:00","slug":"nova-temporada-de-chicago-fire-novas-liderancas-e-despedidas-no-quartel-51-conteudo-comercial","status":"publish","type":"post","link":"https:\/\/www.europesays.com\/pt\/119920\/","title":{"rendered":"Nova temporada de Chicago Fire: novas lideran\u00e7as e despedidas no Quartel 51 | Conte\u00fado comercial"},"content":{"rendered":"<p>Com a chegada de Dom Pascal (Dermot Mulroney) ao comando do Quartel 51, o equil\u00edbrio da equipa \u00e9 posto \u00e0 prova. A sua lideran\u00e7a firme, aliada \u00e0 forma estrat\u00e9gica como encara cada decis\u00e3o, traz uma nova energia ao quartel e faz com que todos tenham de se adaptar a um ritmo de trabalho diferente daquele a que estavam habituados sob as ordens de Wallace Boden (Eamonn Walker). Esta nova fase abre tamb\u00e9m espa\u00e7o para novas caras e novas hist\u00f3rias, marcando o fim de um cap\u00edtulo e o in\u00edcio de outro no cora\u00e7\u00e3o do quartel mais popular do pequeno ecr\u00e3.<\/p>\n<p>Entre press\u00f5es internas e desafios inesperados, a 13.\u00aa temporada mant\u00e9m viva a ess\u00eancia que sempre conquistou os f\u00e3s: ac\u00e7\u00e3o intensa entrela\u00e7ada com hist\u00f3rias humanas profundamente emocionantes. Em cada epis\u00f3dio, vemos n\u00e3o s\u00f3 o lado mais her\u00f3ico destes bombeiros, mas tamb\u00e9m a sua faceta mais vulner\u00e1vel \u2013 aquela que os torna reais e pr\u00f3ximos de n\u00f3s.<\/p>\n<p>                &#13;<br \/>\n                    &#13;<br \/>\n                    &#13;<br \/>\n                        &#13;<br \/>\nNBC                    &#13;<\/p>\n<p>A s\u00e9rie do canal AXN Portugal continua a explorar o universo complexo que resulta do equil\u00edbrio entre rela\u00e7\u00f5es pessoais, dilemas \u00e9ticos e decis\u00f5es dif\u00edceis, que moldam o dia-a-dia no Quartel 51. Isto porque a coragem n\u00e3o se mede apenas no combate \u00e0s chamas, mas tamb\u00e9m nas escolhas que se fazem fora delas.<\/p>\n<p>Por seu lado, a entrada de novas personagens e as mudan\u00e7as na din\u00e2mica do grupo tornam esta temporada ainda mais imprevis\u00edvel, cheia de tens\u00e3o e reviravoltas que prometem surpreender. Sem perder aquilo que a tornou inesquec\u00edvel \u2013 a coragem, a emo\u00e7\u00e3o e o esp\u00edrito de uni\u00e3o \u2013, \u00abChicago Fire\u00bb prepara-se para redefinir o seu futuro e provar que, mesmo depois de 13 temporadas, a sua \u201cchama\u201d continua a arder com a mesma intensidade.<\/p>\n<p>Este conte\u00fado faz parte da <a href=\"https:\/\/www.publico.pt\/estudiop\/semana-axn\" target=\"_blank\" rel=\"nofollow noopener\">Semana AXN<\/a>, onde pode conhecer toda a ac\u00e7\u00e3o, a emo\u00e7\u00e3o e o suspense exclusivos que os canais AXN t\u00eam para si.<\/p>\n","protected":false},"excerpt":{"rendered":"Com a chegada de Dom Pascal (Dermot Mulroney) ao comando do Quartel 51, o equil\u00edbrio da equipa \u00e9&hellip;\n","protected":false},"author":2,"featured_media":119921,"comment_status":"","ping_status":"","sticky":false,"template":"","format":"standard","meta":{"footnotes":""},"categories":[142],"tags":[114,115,4797,4798,32,33,151],"class_list":{"0":"post-119920","1":"post","2":"type-post","3":"status-publish","4":"format-standard","5":"has-post-thumbnail","7":"category-tv","8":"tag-entertainment","9":"tag-entretenimento","10":"tag-estudio-p","11":"tag-estudiop_axn_agenda","12":"tag-portugal","13":"tag-pt","14":"tag-tv"},"share_on_mastodon":{"url":"https:\/\/pubeurope.com\/@pt\/115410992043723247","error":""},"_links":{"self":[{"href":"https:\/\/www.europesays.com\/pt\/wp-json\/wp\/v2\/posts\/119920","targetHints":{"allow":["GET"]}}],"collection":[{"href":"https:\/\/www.europesays.com\/pt\/wp-json\/wp\/v2\/posts"}],"about":[{"href":"https:\/\/www.europesays.com\/pt\/wp-json\/wp\/v2\/types\/post"}],"author":[{"embeddable":true,"href":"https:\/\/www.europesays.com\/pt\/wp-json\/wp\/v2\/users\/2"}],"replies":[{"embeddable":true,"href":"https:\/\/www.europesays.com\/pt\/wp-json\/wp\/v2\/comments?post=119920"}],"version-history":[{"count":0,"href":"https:\/\/www.europesays.com\/pt\/wp-json\/wp\/v2\/posts\/119920\/revisions"}],"wp:featuredmedia":[{"embeddable":true,"href":"https:\/\/www.europesays.com\/pt\/wp-json\/wp\/v2\/media\/119921"}],"wp:attachment":[{"href":"https:\/\/www.europesays.com\/pt\/wp-json\/wp\/v2\/media?parent=119920"}],"wp:term":[{"taxonomy":"category","embeddable":true,"href":"https:\/\/www.europesays.com\/pt\/wp-json\/wp\/v2\/categories?post=119920"},{"taxonomy":"post_tag","embeddable":true,"href":"https:\/\/www.europesays.com\/pt\/wp-json\/wp\/v2\/tags?post=119920"}],"curies":[{"name":"wp","href":"https:\/\/api.w.org\/{rel}","templated":true}]}}