{"id":119924,"date":"2025-10-21T07:35:08","date_gmt":"2025-10-21T07:35:08","guid":{"rendered":"https:\/\/www.europesays.com\/pt\/119924\/"},"modified":"2025-10-21T07:35:08","modified_gmt":"2025-10-21T07:35:08","slug":"cancro-de-cabeca-e-pescoco-tecnica-de-mobilizacao-nervosa-reduz-dor-apos-cirurgia","status":"publish","type":"post","link":"https:\/\/www.europesays.com\/pt\/119924\/","title":{"rendered":"Cancro de cabe\u00e7a e pesco\u00e7o. T\u00e9cnica de mobiliza\u00e7\u00e3o nervosa reduz dor ap\u00f3s cirurgia"},"content":{"rendered":"<p>A inclus\u00e3o de uma t\u00e9cnica de mobiliza\u00e7\u00e3o nervosa durante a reabilita\u00e7\u00e3o ap\u00f3s uma cirurgia de cancro de cabe\u00e7a e pesco\u00e7o reduz a dor e melhora a qualidade de vida dos pacientes, noticiou a Europa Press na segunda-feira, 20 de outubro<\/p>\n<p data-remotead-prev-elm=\"true\" data-remotead-elm-id=\"inread\">&#8220;Aqueles que seguiram o programa que acrescentou a mobiliza\u00e7\u00e3o nervosa (a t\u00e9cnica) apresentaram uma melhoria mais significativa e mantiveram os ganhos a curto prazo&#8221;, referiu a professora de fisioterapia na Universidade Europeia (Madrid) e coautora do estudo publicado na revista cient\u00edfica Medicina, Vanesa Abu\u00edn.<\/p>\n<p>Os investigadores compararam pacientes que faziam exerc\u00edcios de for\u00e7a duas vezes por semana com outros que adicionaram 10 minutos da t\u00e9cnica de mobiliza\u00e7\u00e3o nervosa para melhorar o deslizamento do nervo.<\/p>\n<p data-remotead-prev-elm=\"true\" data-remotead-elm-id=\"centro1\">Nos cancros de cabe\u00e7a e pesco\u00e7o, a cirurgia pode irritar o nervo que fortalece o ombro, destacando que o paciente pode ter dores, sentir rigidez e limita\u00e7\u00f5es em tarefas di\u00e1rias, como pentear o cabelo ou alcan\u00e7ar uma prateleira.<\/p>\n<p>O programa com a t\u00e9cnica, que visa restaurar a mobilidade e a fun\u00e7\u00e3o do sistema nervoso, inclui exerc\u00edcios para os m\u00fasculos do pesco\u00e7o, para os ombros e uma mobiliza\u00e7\u00e3o suave com o doente deitado tamb\u00e9m, o que n\u00e3o causa dor nem cansa\u00e7o.<\/p>\n<p data-remotead-prev-elm=\"true\" data-remotead-elm-id=\"centro2\">A qualidade de vida, a dor no ombro, a utiliza\u00e7\u00e3o do bra\u00e7o nas tarefas di\u00e1rias e a for\u00e7a da m\u00e3o em ambos os grupos foram analisadas do in\u00edcio ao fim do programa e tr\u00eas meses depois.<\/p>\n<p>&#8220;A nossa prioridade \u00e9 que o doente recupere a sua vida com o m\u00ednimo de desconforto poss\u00edvel&#8221;, indicou Vanesa Abu\u00edn.<\/p>\n<p data-remotead-prev-elm=\"true\" data-remotead-elm-id=\"centro3\">A investigadora sublinhou que o exerc\u00edcio n\u00e3o se deve limitar \u00e0 sala de reabilita\u00e7\u00e3o, mas tamb\u00e9m deve ser praticado cinco a 10 minutos por dia em casa.<\/p>\n<p>&#8220;N\u00e3o se trata de suportar a dor, mas de se movimentar bem e no momento certo&#8221;, acrescentou Abu\u00edn.<\/p>\n<p data-remotead-prev-elm=\"true\" data-remotead-elm-id=\"centro4\">O formigueiro persistente, a perda de for\u00e7a ou a dor noturna que impedem o descanso s\u00e3o alguns dos sintomas de alerta que precisam de avalia\u00e7\u00e3o cl\u00ednica para ajustar o regime de exerc\u00edcio.<\/p>\n<p>A fisioterapia oncol\u00f3gica (para pacientes com cancro) procura ajudar os doentes a recuperar a sua independ\u00eancia e bem-estar.<\/p>\n","protected":false},"excerpt":{"rendered":"A inclus\u00e3o de uma t\u00e9cnica de mobiliza\u00e7\u00e3o nervosa durante a reabilita\u00e7\u00e3o ap\u00f3s uma cirurgia de cancro de cabe\u00e7a&hellip;\n","protected":false},"author":2,"featured_media":119925,"comment_status":"","ping_status":"","sticky":false,"template":"","format":"standard","meta":{"footnotes":""},"categories":[86],"tags":[2200,1207,20491,5474,116,10835,32,33,117],"class_list":{"0":"post-119924","1":"post","2":"type-post","3":"status-publish","4":"format-standard","5":"has-post-thumbnail","7":"category-saude","8":"tag-cabeca","9":"tag-cancro","10":"tag-delas","11":"tag-dor","12":"tag-health","13":"tag-pescoco","14":"tag-portugal","15":"tag-pt","16":"tag-saude"},"share_on_mastodon":{"url":"","error":""},"_links":{"self":[{"href":"https:\/\/www.europesays.com\/pt\/wp-json\/wp\/v2\/posts\/119924","targetHints":{"allow":["GET"]}}],"collection":[{"href":"https:\/\/www.europesays.com\/pt\/wp-json\/wp\/v2\/posts"}],"about":[{"href":"https:\/\/www.europesays.com\/pt\/wp-json\/wp\/v2\/types\/post"}],"author":[{"embeddable":true,"href":"https:\/\/www.europesays.com\/pt\/wp-json\/wp\/v2\/users\/2"}],"replies":[{"embeddable":true,"href":"https:\/\/www.europesays.com\/pt\/wp-json\/wp\/v2\/comments?post=119924"}],"version-history":[{"count":0,"href":"https:\/\/www.europesays.com\/pt\/wp-json\/wp\/v2\/posts\/119924\/revisions"}],"wp:featuredmedia":[{"embeddable":true,"href":"https:\/\/www.europesays.com\/pt\/wp-json\/wp\/v2\/media\/119925"}],"wp:attachment":[{"href":"https:\/\/www.europesays.com\/pt\/wp-json\/wp\/v2\/media?parent=119924"}],"wp:term":[{"taxonomy":"category","embeddable":true,"href":"https:\/\/www.europesays.com\/pt\/wp-json\/wp\/v2\/categories?post=119924"},{"taxonomy":"post_tag","embeddable":true,"href":"https:\/\/www.europesays.com\/pt\/wp-json\/wp\/v2\/tags?post=119924"}],"curies":[{"name":"wp","href":"https:\/\/api.w.org\/{rel}","templated":true}]}}