{"id":119928,"date":"2025-10-21T07:39:14","date_gmt":"2025-10-21T07:39:14","guid":{"rendered":"https:\/\/www.europesays.com\/pt\/119928\/"},"modified":"2025-10-21T07:39:14","modified_gmt":"2025-10-21T07:39:14","slug":"coreia-do-sul-lancou-programa-de-livros-com-ia-para-o-ensino-medio-durou-4-meses","status":"publish","type":"post","link":"https:\/\/www.europesays.com\/pt\/119928\/","title":{"rendered":"Coreia do Sul lan\u00e7ou programa de livros com IA para o ensino m\u00e9dio. Durou 4 meses&#8230;"},"content":{"rendered":"<p>A Coreia do Sul apostou forte na intelig\u00eancia artificial (IA) para revolucionar as suas salas de aula, investindo milh\u00f5es em manuais escolares digitais. No entanto, o que parecia ser o futuro da educa\u00e7\u00e3o transformou-se num fracasso em apenas quatro meses, servindo como um alerta para a implementa\u00e7\u00e3o apressada da tecnologia no ensino.<\/p>\n<p style=\"text-align: center;\"><a target=\"_blank\" href=\"https:\/\/pplware.sapo.pt\/wp-content\/uploads\/2024\/04\/coreia_sul_semicondutores_chips00.jpg\" onclick=\"refreshIframe()\" class=\"foobox\" rel=\"nofollow noopener\"><img fetchpriority=\"high\" decoding=\"async\" src=\"https:\/\/www.europesays.com\/pt\/wp-content\/uploads\/2025\/10\/coreia_sul_semicondutores_chips00-1024x576.jpg\" alt=\"Semicondutores Coreia do Sul\" width=\"720\" height=\"405\" class=\"alignnone size-large wp-image-986815\"  \/><\/a><\/p>\n<p>Um objetivo ambicioso com IA que terminou em fracasso<\/p>\n<p>O governo sul-coreano, sob a lideran\u00e7a do ent\u00e3o presidente Yoon Suk Yeol, lan\u00e7ou em mar\u00e7o um programa educativo de grande escala <strong>que prometia revolucionar o ensino<\/strong>.<\/p>\n<p>Com um investimento governamental superior a 1,2 bili\u00f5es de wons (cerca de 726 milh\u00f5es de euros) em equipamentos e forma\u00e7\u00e3o, e um contributo de 800 mil milh\u00f5es de wons (484 milh\u00f5es de euros) por parte das editoras, foram desenvolvidos manuais escolares com recurso a IA para as disciplinas de matem\u00e1tica, ingl\u00eas e inform\u00e1tica.<\/p>\n<p>O objetivo era claro: personalizar a aprendizagem, aliviar a carga de trabalho dos professores e reduzir o abandono escolar. Contudo, a realidade foi bem diferente. Apenas quatro meses ap\u00f3s o seu lan\u00e7amento, em agosto, o parlamento retirou-lhes o estatuto de material oficial obrigat\u00f3rio, relegando-os para a categoria de material complementar. A decis\u00e3o ficou ao crit\u00e9rio de cada escola<strong> e poucas continuaram a utiliz\u00e1-los<\/strong>.<\/p>\n<p>Os problemas surgiram quase de imediato. Ko Ho-dam, um estudante do ensino secund\u00e1rio na ilha de Jeju, <a target=\"_blank\" href=\"https:\/\/restofworld.org\/2025\/south-korea-ai-textbook\/\" rel=\"nofollow noopener\">partilhou<\/a> a sua experi\u00eancia:<\/p>\n<blockquote>\n<p>Todas as nossas aulas sofreram atrasos devido a problemas t\u00e9cnicos. Eu tamb\u00e9m n\u00e3o sabia utiliz\u00e1-los corretamente. A trabalhar sozinho no meu port\u00e1til, era dif\u00edcil manter a concentra\u00e7\u00e3o. Os manuais n\u00e3o ofereciam li\u00e7\u00f5es adaptadas ao meu n\u00edvel de conhecimento.<\/p>\n<\/blockquote>\n<p>Este tipo de queixa multiplicou-se por todo o pa\u00eds. Alunos, professores e encarregados de educa\u00e7\u00e3o denunciaram erros nos conte\u00fados, falhas de seguran\u00e7a que colocavam em risco a privacidade dos dados e, paradoxalmente, um aumento da carga de trabalho para todos os envolvidos, <strong>que tinham de somar o tempo de adapta\u00e7\u00e3o ao novo e inst\u00e1vel sistema<\/strong>.<\/p>\n<p style=\"text-align: center;\"><a target=\"_blank\" href=\"https:\/\/www.europesays.com\/pt\/wp-content\/uploads\/2025\/10\/computador-imagem-freepik.jpeg\" onclick=\"refreshIframe()\" class=\"foobox\"><img loading=\"lazy\" decoding=\"async\" src=\"https:\/\/www.europesays.com\/pt\/wp-content\/uploads\/2025\/10\/computador-imagem-freepik.jpeg\" alt=\"\" width=\"1024\" height=\"576\" class=\"alignnone size-full wp-image-971704\"  \/><\/a><\/p>\n<p>A pressa foi inimiga da perfei\u00e7\u00e3o<\/p>\n<p>A implementa\u00e7\u00e3o acelerada do projeto foi um dos pontos mais criticados. A deputada da oposi\u00e7\u00e3o, Kang Kyung-sook, questionou os prazos no parlamento:<\/p>\n<blockquote>\n<p>Os manuais escolares tradicionais demoram 18 meses a ser desenvolvidos, nove a ser revistos e seis a serem preparados. Mas os manuais com IA demoraram apenas 12, tr\u00eas e tr\u00eas meses, respetivamente. Qual foi o motivo de tanta pressa?<\/p>\n<\/blockquote>\n<p>Lee Bohm, investigador da Universidade de Cambridge, real\u00e7ou esta vis\u00e3o, afirmando que &#8220;a IA deveria ser testada primeiro em trabalhos de casa ou exerc\u00edcios pr\u00e1ticos antes de ser introduzida cuidadosamente nas aulas. O foco deve ser a forma de a integrar no curr\u00edculo escolar&#8221;.<\/p>\n<p>A introdu\u00e7\u00e3o de mais ecr\u00e3s nas escolas colidiu com um problema j\u00e1 existente na Coreia do Sul: a elevada depend\u00eancia digital entre os jovens. Segundo o psiquiatra Lee Hae-kook, professor na Universidade Cat\u00f3lica da Coreia, &#8220;quase um em cada dois jovens est\u00e1 em risco de depend\u00eancia do smartphone&#8221;, um n\u00famero que, de acordo com o <a target=\"_blank\" href=\"https:\/\/www.lemonde.fr\/en\/international\/article\/2025\/10\/17\/in-south-korea-digital-detox-centers-are-tackling-the-country-s-growing-tech-addiction_6746507_4.html\" rel=\"nofollow noopener\">Le Monde<\/a>, <strong>cresceu entre 30% a 40% ap\u00f3s a pandemia<\/strong>.<\/p>\n<p>Num pa\u00eds que possui centros de desintoxica\u00e7\u00e3o digital desde 2002 e que planeia proibir os telem\u00f3veis nas escolas a partir de mar\u00e7o de 2026,<strong> a iniciativa gerou uma forte contesta\u00e7\u00e3o<\/strong>. Jang Ha-na, da organiza\u00e7\u00e3o Political Mamas, defendeu que &#8220;os manuais [com IA] pioram a efic\u00e1cia da aprendizagem. Quando os dispositivos digitais se tornam centrais nas salas de aula, a exposi\u00e7\u00e3o aos ecr\u00e3s aumenta, enfraquecendo a literacia e as compet\u00eancias de comunica\u00e7\u00e3o&#8221;.<\/p>\n<p>A press\u00e3o levou o governo a recuar da implementa\u00e7\u00e3o obrigat\u00f3ria para um teste volunt\u00e1rio de um ano. O cen\u00e1rio pol\u00edtico viria a ditar o fim da experi\u00eancia: Yoon Suk Yeol foi destitu\u00eddo em abril e o novo presidente, Lee Jae Myung, que havia prometido reverter a pol\u00edtica, <strong>cumpriu a sua palavra<\/strong>.<\/p>\n<p>Como consequ\u00eancia, as editoras que investiram no desenvolvimento dos manuais<strong> anunciaram que iriam processar o Estado por perdas e danos<\/strong>, com Hwang Geun-sik, representante das empresas, a lamentar que &#8220;as empresas que confiaram no governo viram o mercado desaparecer de repente&#8221;.<\/p>\n<p>\u00a0<\/p>\n<p><strong>Leia tamb\u00e9m:<\/strong><\/p>\n","protected":false},"excerpt":{"rendered":"A Coreia do Sul apostou forte na intelig\u00eancia artificial (IA) para revolucionar as suas salas de aula, investindo&hellip;\n","protected":false},"author":2,"featured_media":119929,"comment_status":"","ping_status":"","sticky":false,"template":"","format":"standard","meta":{"footnotes":""},"categories":[50],"tags":[27,28,3092,15,16,14,414,25,26,21,22,62,12,13,19,20,23,24,17,18,29,30,31,63,64,65],"class_list":{"0":"post-119928","1":"post","2":"type-post","3":"status-publish","4":"format-standard","5":"has-post-thumbnail","7":"category-mundo","8":"tag-breaking-news","9":"tag-breakingnews","10":"tag-coreia-do-sul","11":"tag-featured-news","12":"tag-featurednews","13":"tag-headlines","14":"tag-ia","15":"tag-latest-news","16":"tag-latestnews","17":"tag-main-news","18":"tag-mainnews","19":"tag-mundo","20":"tag-news","21":"tag-noticias","22":"tag-noticias-principais","23":"tag-noticiasprincipais","24":"tag-principais-noticias","25":"tag-principaisnoticias","26":"tag-top-stories","27":"tag-topstories","28":"tag-ultimas","29":"tag-ultimas-noticias","30":"tag-ultimasnoticias","31":"tag-world","32":"tag-world-news","33":"tag-worldnews"},"share_on_mastodon":{"url":"https:\/\/pubeurope.com\/@pt\/115411023583095381","error":""},"_links":{"self":[{"href":"https:\/\/www.europesays.com\/pt\/wp-json\/wp\/v2\/posts\/119928","targetHints":{"allow":["GET"]}}],"collection":[{"href":"https:\/\/www.europesays.com\/pt\/wp-json\/wp\/v2\/posts"}],"about":[{"href":"https:\/\/www.europesays.com\/pt\/wp-json\/wp\/v2\/types\/post"}],"author":[{"embeddable":true,"href":"https:\/\/www.europesays.com\/pt\/wp-json\/wp\/v2\/users\/2"}],"replies":[{"embeddable":true,"href":"https:\/\/www.europesays.com\/pt\/wp-json\/wp\/v2\/comments?post=119928"}],"version-history":[{"count":0,"href":"https:\/\/www.europesays.com\/pt\/wp-json\/wp\/v2\/posts\/119928\/revisions"}],"wp:featuredmedia":[{"embeddable":true,"href":"https:\/\/www.europesays.com\/pt\/wp-json\/wp\/v2\/media\/119929"}],"wp:attachment":[{"href":"https:\/\/www.europesays.com\/pt\/wp-json\/wp\/v2\/media?parent=119928"}],"wp:term":[{"taxonomy":"category","embeddable":true,"href":"https:\/\/www.europesays.com\/pt\/wp-json\/wp\/v2\/categories?post=119928"},{"taxonomy":"post_tag","embeddable":true,"href":"https:\/\/www.europesays.com\/pt\/wp-json\/wp\/v2\/tags?post=119928"}],"curies":[{"name":"wp","href":"https:\/\/api.w.org\/{rel}","templated":true}]}}