{"id":119932,"date":"2025-10-21T07:44:17","date_gmt":"2025-10-21T07:44:17","guid":{"rendered":"https:\/\/www.europesays.com\/pt\/119932\/"},"modified":"2025-10-21T07:44:17","modified_gmt":"2025-10-21T07:44:17","slug":"lancamento-do-livro-postumo-de-dom-phillips-marca-noite-de-reflexao-sobre-a-amazonia-no-cine-libero-belem","status":"publish","type":"post","link":"https:\/\/www.europesays.com\/pt\/119932\/","title":{"rendered":"Lan\u00e7amento do livro p\u00f3stumo de Dom Phillips marca noite de reflex\u00e3o sobre a Amaz\u00f4nia no Cine L\u00edbero | Bel\u00e9m"},"content":{"rendered":"<p>Nesta ter\u00e7a-feira, (21), o Cine L\u00edbero Luxardo recebe uma programa\u00e7\u00e3o especial da \u201cMostra de Filmes Amaz\u00f4nia: Mem\u00f3rias para o Futuro\u201d, com o lan\u00e7amento do livro &#8220;Como Salvar a Amaz\u00f4nia: uma busca mortal por respostas&#8221;, obra p\u00f3stuma do jornalista brit\u00e2nico Dom Phillips, assassinado brutalmente em junho de 2022, no Vale do Javari, junto com o indigenista Bruno Pereira.<\/p>\n<p>O evento contar\u00e1 com exibi\u00e7\u00f5es de filmes, debate e o lan\u00e7amento oficial do livro, que re\u00fane reportagens, relatos e reflex\u00f5es colhidas por Phillips ao longo de sua imers\u00e3o na floresta amaz\u00f4nica. A pesquisa, interrompida tragicamente por sua morte, foi conclu\u00edda com o apoio de amigos e colegas jornalistas, que assumiram o compromisso de finalizar o projeto e preservar o prop\u00f3sito do autor: mostrar que salvar a Amaz\u00f4nia \u00e9 uma miss\u00e3o urgente e de interesse global, e que a pr\u00f3pria floresta guarda as respostas para esse desafio.<\/p>\n<p>Misturando elementos de di\u00e1rio de viagem, investiga\u00e7\u00e3o jornal\u00edstica e manifesto ambiental, &#8220;Como Salvar a Amaz\u00f4nia&#8221; oferece uma aula contundente sobre os conflitos e press\u00f5es que recaem sobre a regi\u00e3o: o avan\u00e7o do agroneg\u00f3cio, os desmontes de pol\u00edticas p\u00fablicas, a crise clim\u00e1tica e a resist\u00eancia dos povos ind\u00edgenas e comunidades tradicionais. Apesar da dureza dos temas, Dom Phillips adota um tom esperan\u00e7oso: acredita que ainda h\u00e1 tempo de reverter o curso da destrui\u00e7\u00e3o.<\/p>\n<p>O livro traz colabora\u00e7\u00f5es de nomes como Andrew Fishman, Eliane Brum, Jon Lee Anderson, Jonathan Watts, Tom Phillips, entre outros colegas que conviveram com Dom e conhecem de perto a complexidade da Amaz\u00f4nia.<\/p>\n<p>Antes do debate e lan\u00e7amento, a mostra exibir\u00e1 tr\u00eas filmes que dialogam com o tema da luta socioambiental na regi\u00e3o:<\/p>\n<p>17h \u2013 Matando por Terras e Chico Mendes: Eu Quero Viver, de Adrian Cowell e Vicente Rios.<\/p>\n<p>19h \u2013 Relatos de um Correspondente da Guerra na Amaz\u00f4nia, de Ana Aranha e Daniel Camargos.<\/p>\n<p>20h \u2013 Debate e lan\u00e7amento do livro.<\/p>\n<p>Servi\u00e7o:<\/p>\n<p>Lan\u00e7amento do livro &#8220;Como Salvar a Amaz\u00f4nia: uma busca mortal por respostas&#8221;<\/p>\n<p>Data: Ter\u00e7a-feira, 21 de outubro<\/p>\n<p>Hor\u00e1rio: A partir das 17h (sess\u00f5es de cinema); 20h (debate e lan\u00e7amento)<\/p>\n<p>Local: Cine L\u00edbero Luxardo<\/p>\n<p>Entrada gratuita<\/p>\n","protected":false},"excerpt":{"rendered":"Nesta ter\u00e7a-feira, (21), o Cine L\u00edbero Luxardo recebe uma programa\u00e7\u00e3o especial da \u201cMostra de Filmes Amaz\u00f4nia: Mem\u00f3rias para&hellip;\n","protected":false},"author":2,"featured_media":119933,"comment_status":"","ping_status":"","sticky":false,"template":"","format":"standard","meta":{"footnotes":""},"categories":[143],"tags":[169,114,115,170,32,33],"class_list":{"0":"post-119932","1":"post","2":"type-post","3":"status-publish","4":"format-standard","5":"has-post-thumbnail","7":"category-livros","8":"tag-books","9":"tag-entertainment","10":"tag-entretenimento","11":"tag-livros","12":"tag-portugal","13":"tag-pt"},"share_on_mastodon":{"url":"https:\/\/pubeurope.com\/@pt\/115411043272590065","error":""},"_links":{"self":[{"href":"https:\/\/www.europesays.com\/pt\/wp-json\/wp\/v2\/posts\/119932","targetHints":{"allow":["GET"]}}],"collection":[{"href":"https:\/\/www.europesays.com\/pt\/wp-json\/wp\/v2\/posts"}],"about":[{"href":"https:\/\/www.europesays.com\/pt\/wp-json\/wp\/v2\/types\/post"}],"author":[{"embeddable":true,"href":"https:\/\/www.europesays.com\/pt\/wp-json\/wp\/v2\/users\/2"}],"replies":[{"embeddable":true,"href":"https:\/\/www.europesays.com\/pt\/wp-json\/wp\/v2\/comments?post=119932"}],"version-history":[{"count":0,"href":"https:\/\/www.europesays.com\/pt\/wp-json\/wp\/v2\/posts\/119932\/revisions"}],"wp:featuredmedia":[{"embeddable":true,"href":"https:\/\/www.europesays.com\/pt\/wp-json\/wp\/v2\/media\/119933"}],"wp:attachment":[{"href":"https:\/\/www.europesays.com\/pt\/wp-json\/wp\/v2\/media?parent=119932"}],"wp:term":[{"taxonomy":"category","embeddable":true,"href":"https:\/\/www.europesays.com\/pt\/wp-json\/wp\/v2\/categories?post=119932"},{"taxonomy":"post_tag","embeddable":true,"href":"https:\/\/www.europesays.com\/pt\/wp-json\/wp\/v2\/tags?post=119932"}],"curies":[{"name":"wp","href":"https:\/\/api.w.org\/{rel}","templated":true}]}}