{"id":119942,"date":"2025-10-21T07:53:07","date_gmt":"2025-10-21T07:53:07","guid":{"rendered":"https:\/\/www.europesays.com\/pt\/119942\/"},"modified":"2025-10-21T07:53:07","modified_gmt":"2025-10-21T07:53:07","slug":"o-lugar-de-putin-e-em-haia-europa-contra-cimeira-com-trump-em-budapeste-diario-de-noticias","status":"publish","type":"post","link":"https:\/\/www.europesays.com\/pt\/119942\/","title":{"rendered":"\u201cO lugar de Putin \u00e9 em Haia\u201d. Europa contra cimeira com Trump em Budapeste &#8211; Di\u00e1rio de Not\u00edcias"},"content":{"rendered":"<ol>\n<li><a href=\"https:\/\/news.google.com\/rss\/articles\/CBMiowFBVV95cUxPTzhGNXB6aEg5WlhXUEF5amMtRVJnWi1YUmUwbTMzZTdheEw5SWhBa0x5OVptUkdGQ0RaY2ZMV0s3amtMYVJ0bFM2Wm50QXdkYk54bWJTaFFpc05CVHlyN1psWk1aRG9NUGUtODkwNDI1SFZfYl9LajZJeUFPM3lJVkdyR2k2R3dtbU1DbDJRTjd0NlpJbHBDdHAwamxSNVB3VWpR?oc=5\" target=\"_blank\" rel=\"nofollow noopener\">\u201cO lugar de Putin \u00e9 em Haia\u201d. Europa contra cimeira com Trump em Budapeste<\/a>&nbsp;&nbsp;Di\u00e1rio de Not\u00edcias<\/li>\n<li><a href=\"https:\/\/news.google.com\/rss\/articles\/CBMitwFBVV95cUxNUG5BMWpTMlk4RlRFd215X085anh4Q1hFSVRUdmJ2UXBDRkltenhsLW5LQnVZcU1md0l2dTFieGEwemxUMEx0bkR3S2Y4djF6OFFMZ3pJb3FDeWJKVmR2WDVWb3Bkend1NTdwcFZUNVd6dHZ4RHB1ZDRjQlExSnZzejh6VTZoNXAzSmRHRmh4QTZsNnBFQkxMQ0cyTDlieGNPVFB6Z05haEZmdzZMVVV1NGR6TmQ3R3M?oc=5\" target=\"_blank\" rel=\"nofollow noopener\">Trump e Zelensky t\u00eam &#8220;total clareza&#8221; sobre pr\u00f3ximos passos, diz embaixadora<\/a>&nbsp;&nbsp;CNN Brasil<\/li>\n<li><a href=\"https:\/\/news.google.com\/rss\/articles\/CBMiygFBVV95cUxOaFJxdkgxZnZ5ZUxpRGhiSktjeEl0WGRkMUdTZGx5MTBJUTJITHdVLWUyakV4cmdFdHotaUJOcEVkXzdUNW1QY0ZxSjJsQV92ejJLZG1vN0VCWlNMYjIxYk92YjJFbUt0LW1QblhsWmZuZXFYX1U1d2hyOUdQU0xpU3RTa1hzcUNrZlVuM19WYmxGZXc4Y1lHT3M3dXdRYThvZ05QZUw3cXpVVUkzZWRFeDE4YW1qb3c0eW4zeXJmT29PQzlBakVkWlZ30gHYAUFVX3lxTFBNNUlHRU5JWXRSMmxidkM4bFA0WjhfYXFwMVR0QTNqZnhiZWVVUkVlNGo3Um5ZRFY1S1BGYmVaQmNvRjhLRWdfcmJyOTFZWUhPaE9aM19KamhnNUYwS0g5cGtOUngyOFM3dkdMR2FwSHVxUnN4Zk5kMEVDNHZlWkhfSjIxU0ZEUF9xY0M3MlZkS1ZlUmFud3RvXzVTNjltRmJUREdZOEt5aUhuQUtXdks0ZjdWd0ZXZExKVmlqRDAxNF9rLUkwS3dwaWNteWRsSFBFN1NKbVg0SA?oc=5\" target=\"_blank\" rel=\"nofollow noopener\">Trump diz que n\u00e3o acredita que a Ucr\u00e2nia possa vencer a guerra contra a R\u00fassia<\/a>&nbsp;&nbsp;G1<\/li>\n<li><a href=\"https:\/\/news.google.com\/rss\/articles\/CBMizgFBVV95cUxQcGx1YUJRWHBVc1FqN0gtcnZqTVRmTmZUSEMwbFBhb0dnMlRuck9yRm5TczEwVVRvWW9QMW1PYkVHRWJ5cmhfXzVtYVh4dGZtZm9obkJoanVxdnhuWk5wNkdVYzUxdUttNzlPYlVxR2lVWDczVVc5RGM3VDd0U0NMV2hMMmxPek14dktINTBuVjdFMEgxMDR6RTZBRVNURHo2VFJ2MTdGcjluOEpHd1A1VDlQZFNEeWNtVWJNOTBQQzdvaU42ZVVYUzNjQVkzdw?oc=5\" target=\"_blank\" rel=\"nofollow noopener\">Zelensky afirma que est\u00e1 disposto a participar de reuni\u00e3o Trump-Putin<\/a>&nbsp;&nbsp;UOL Not\u00edcias<\/li>\n<li><a href=\"https:\/\/news.google.com\/rss\/articles\/CBMizAFBVV95cUxQUExrWEFkMWZOV005c2xPTGFHVTBDR0JWOXhYVkduazhOSklXTDhBS19YcU1DLU5ydF9sSjFsRFZ5dFlwX0xqbGhtaWF1aF8tQzJ4N1Y0dHE0ZjFxUHBGdUlENWQyNDQ3RUFIM0tKbl91a2NGbHZ1NjJodlhLbHF4VlZUMVZIeTdnNHJQd2lKVUYtdUVfb3F1LU15bmg4ZU04WEFkLWxfdl9hYUNHZU1zYWlkMFBHcXhTb0UzS0EtTjVyS3JqWXFDSzZ5T3o?oc=5\" target=\"_blank\" rel=\"nofollow noopener\">Entenda a mudan\u00e7a no voo de Putin por risco de pris\u00e3o do antes de encontro com Trump<\/a>&nbsp;&nbsp;R7<\/li>\n<\/ol>\n","protected":false},"excerpt":{"rendered":"\u201cO lugar de Putin \u00e9 em Haia\u201d. Europa contra cimeira com Trump em Budapeste&nbsp;&nbsp;Di\u00e1rio de Not\u00edcias Trump e&hellip;\n","protected":false},"author":2,"featured_media":119943,"comment_status":"","ping_status":"","sticky":false,"template":"","format":"standard","meta":{"footnotes":""},"categories":[50],"tags":[27,28,92,306,15,16,14,25,26,21,22,62,12,13,19,20,23,24,839,17,18,840,29,30,31,2415,2416,63,64,65],"class_list":{"0":"post-119942","1":"post","2":"type-post","3":"status-publish","4":"format-standard","5":"has-post-thumbnail","7":"category-mundo","8":"tag-breaking-news","9":"tag-breakingnews","10":"tag-donald-trump","11":"tag-edicao-impressa","12":"tag-featured-news","13":"tag-featurednews","14":"tag-headlines","15":"tag-latest-news","16":"tag-latestnews","17":"tag-main-news","18":"tag-mainnews","19":"tag-mundo","20":"tag-news","21":"tag-noticias","22":"tag-noticias-principais","23":"tag-noticiasprincipais","24":"tag-principais-noticias","25":"tag-principaisnoticias","26":"tag-russia","27":"tag-top-stories","28":"tag-topstories","29":"tag-ucrania","30":"tag-ultimas","31":"tag-ultimas-noticias","32":"tag-ultimasnoticias","33":"tag-vladimir-putin","34":"tag-volodymyr-zelensky","35":"tag-world","36":"tag-world-news","37":"tag-worldnews"},"share_on_mastodon":{"url":"","error":"Validation failed: Text character limit of 500 exceeded"},"_links":{"self":[{"href":"https:\/\/www.europesays.com\/pt\/wp-json\/wp\/v2\/posts\/119942","targetHints":{"allow":["GET"]}}],"collection":[{"href":"https:\/\/www.europesays.com\/pt\/wp-json\/wp\/v2\/posts"}],"about":[{"href":"https:\/\/www.europesays.com\/pt\/wp-json\/wp\/v2\/types\/post"}],"author":[{"embeddable":true,"href":"https:\/\/www.europesays.com\/pt\/wp-json\/wp\/v2\/users\/2"}],"replies":[{"embeddable":true,"href":"https:\/\/www.europesays.com\/pt\/wp-json\/wp\/v2\/comments?post=119942"}],"version-history":[{"count":0,"href":"https:\/\/www.europesays.com\/pt\/wp-json\/wp\/v2\/posts\/119942\/revisions"}],"wp:featuredmedia":[{"embeddable":true,"href":"https:\/\/www.europesays.com\/pt\/wp-json\/wp\/v2\/media\/119943"}],"wp:attachment":[{"href":"https:\/\/www.europesays.com\/pt\/wp-json\/wp\/v2\/media?parent=119942"}],"wp:term":[{"taxonomy":"category","embeddable":true,"href":"https:\/\/www.europesays.com\/pt\/wp-json\/wp\/v2\/categories?post=119942"},{"taxonomy":"post_tag","embeddable":true,"href":"https:\/\/www.europesays.com\/pt\/wp-json\/wp\/v2\/tags?post=119942"}],"curies":[{"name":"wp","href":"https:\/\/api.w.org\/{rel}","templated":true}]}}