{"id":119946,"date":"2025-10-21T08:03:08","date_gmt":"2025-10-21T08:03:08","guid":{"rendered":"https:\/\/www.europesays.com\/pt\/119946\/"},"modified":"2025-10-21T08:03:08","modified_gmt":"2025-10-21T08:03:08","slug":"a-protegida-aparece-um-dador-compativel-para-salvar-a-vida-de-paz-novelas","status":"publish","type":"post","link":"https:\/\/www.europesays.com\/pt\/119946\/","title":{"rendered":"A Protegida: Aparece um dador compat\u00edvel para salvar a vida de Paz &#8211; Novelas"},"content":{"rendered":"<p>Clarice (Fernanda Serrano) fala ao telem\u00f3vel com Gon\u00e7alo (Jo\u00e3o Bettencourt) e d\u00e1-lhe os parab\u00e9ns por ter ganho o campeonato. Um pouco depois tocam \u00e0 campainha e Clarice fica surpreendida por ser Jorge (Paulo Pires) com um homem com mau aspeto. Jorge apresenta-lhe Francisco (Vitor D&#8217;Andrade) e pede-lhe para o ajudar a mudar de visual.<\/p>\n<p>Aruna (Noua Wong) chega com Gina (Paula Neves) e Leandro (Dinis Lima). Sanjay (M\u00e1rio Oliveira) estranha a visita. Aruna diz que Leandro tem uma novidade para lhe contar. Leandro agradece as piadas e conta que apareceu um dador para Paz. Sanjay fica muito feliz. Leandro mostra-lhe um v\u00eddeo que Paz (Aline Neves) gravou para ele e Sanjay emociona-se.<\/p>\n<p>Margarida (In\u00eas Her\u00e9dia) e Rui (Daniel Viana) chegam a casa. Margarida vem a ler uma carta sem remetente que estava no correio, mas que vem assinada por Rui. Margarida pergunta-lhe se foi ele que escreveu a carta e Rui diz que sim. Margarida fica confusa e Rui diz que a ama. Rui volta a ler a carta e questiona-se sobre quem a ter\u00e1 escrito. Aruna j\u00e1 sabe da carta apaixonada que Sanjay escreveu a Margarida, mas onde se fez passar por Rui. Aruna acha que o irm\u00e3o est\u00e1 maluco ao fazer aquilo e n\u00e3o percebe porque est\u00e1 a entregar a mulher que ama, de bandeja a outro homem. Sanjay diz que o fez por Paz, pois ela merece ter a fam\u00edlia unida. Aruna n\u00e3o consegue compreender.<\/p>\n<p>Francisco chega ao Turismo Rural, com o seu novo visual, cl\u00e1ssico e elegante. Pede um quarto e diz que vai ficar por tempo indeterminado. Sofia (Cataruna Rebelo) sorri-lhe, simp\u00e1tica.<\/p>\n<p>Benedita prepara o pequeno-almo\u00e7o, quando subitamente tem uma vis\u00e3o do marido. Ela fica confusa por estar a v\u00ea-lo, uma vez que j\u00e1 morreu.<\/p>\n<p>Mariana e Laura est\u00e3o muito felizes por ter aparecido um dador para Paz. Laura acha que pode ter sido algu\u00e9m da f\u00e1brica. Mariana est\u00e1 muito entusiasmada com o almo\u00e7o solid\u00e1rio. Laura fica orgulhosa da filha. Ouvem um estrondo na cozinha e ficam preocupadas.<\/p>\n","protected":false},"excerpt":{"rendered":"Clarice (Fernanda Serrano) fala ao telem\u00f3vel com Gon\u00e7alo (Jo\u00e3o Bettencourt) e d\u00e1-lhe os parab\u00e9ns por ter ganho o&hellip;\n","protected":false},"author":2,"featured_media":70147,"comment_status":"","ping_status":"","sticky":false,"template":"","format":"standard","meta":{"footnotes":""},"categories":[142],"tags":[160,166,114,115,157,167,164,161,158,165,159,32,33,156,163,151,162],"class_list":{"0":"post-119946","1":"post","2":"type-post","3":"status-publish","4":"format-standard","5":"has-post-thumbnail","7":"category-tv","8":"tag-ana-guiomar","9":"tag-cristina-ferreira","10":"tag-entertainment","11":"tag-entretenimento","12":"tag-festa-e-festa","13":"tag-ficcao","14":"tag-jose-fidalgo","15":"tag-novelas","16":"tag-para-sempre","17":"tag-pedro-sousa","18":"tag-pedro-teixeira","19":"tag-portugal","20":"tag-pt","21":"tag-queridos-papas","22":"tag-tiago-teotonio-pereira","23":"tag-tv","24":"tag-tvi"},"share_on_mastodon":{"url":"https:\/\/pubeurope.com\/@pt\/115411117905472843","error":""},"_links":{"self":[{"href":"https:\/\/www.europesays.com\/pt\/wp-json\/wp\/v2\/posts\/119946","targetHints":{"allow":["GET"]}}],"collection":[{"href":"https:\/\/www.europesays.com\/pt\/wp-json\/wp\/v2\/posts"}],"about":[{"href":"https:\/\/www.europesays.com\/pt\/wp-json\/wp\/v2\/types\/post"}],"author":[{"embeddable":true,"href":"https:\/\/www.europesays.com\/pt\/wp-json\/wp\/v2\/users\/2"}],"replies":[{"embeddable":true,"href":"https:\/\/www.europesays.com\/pt\/wp-json\/wp\/v2\/comments?post=119946"}],"version-history":[{"count":0,"href":"https:\/\/www.europesays.com\/pt\/wp-json\/wp\/v2\/posts\/119946\/revisions"}],"wp:featuredmedia":[{"embeddable":true,"href":"https:\/\/www.europesays.com\/pt\/wp-json\/wp\/v2\/media\/70147"}],"wp:attachment":[{"href":"https:\/\/www.europesays.com\/pt\/wp-json\/wp\/v2\/media?parent=119946"}],"wp:term":[{"taxonomy":"category","embeddable":true,"href":"https:\/\/www.europesays.com\/pt\/wp-json\/wp\/v2\/categories?post=119946"},{"taxonomy":"post_tag","embeddable":true,"href":"https:\/\/www.europesays.com\/pt\/wp-json\/wp\/v2\/tags?post=119946"}],"curies":[{"name":"wp","href":"https:\/\/api.w.org\/{rel}","templated":true}]}}