{"id":119974,"date":"2025-10-21T08:28:11","date_gmt":"2025-10-21T08:28:11","guid":{"rendered":"https:\/\/www.europesays.com\/pt\/119974\/"},"modified":"2025-10-21T08:28:11","modified_gmt":"2025-10-21T08:28:11","slug":"whindersson-nunes-desabafa-depois-de-companhia-aerea-quebrar-seu-violao-e-so-ter-atencao","status":"publish","type":"post","link":"https:\/\/www.europesays.com\/pt\/119974\/","title":{"rendered":"Whindersson Nunes desabafa depois de companhia a\u00e9rea quebrar seu viol\u00e3o: &#8216;\u00c9 s\u00f3 ter aten\u00e7\u00e3o&#8217;"},"content":{"rendered":"<p>\n                        Humorista n\u00e3o informou qual \u00e9 a companhia a\u00e9rea respons\u00e1vel pelo voo\n                    <\/p>\n<blockquote class=\"instagram-media\" data-instgrm-captioned=\"\" data-instgrm-permalink=\"https:\/\/www.instagram.com\/reel\/DQCRJSfEVft\/?utm_source=ig_embed&amp;utm_campaign=loading\" data-instgrm-version=\"14\" style=\" background:#FFF; border:0; border-radius:3px; box-shadow:0 0 1px 0 rgba(0,0,0,0.5),0 1px 10px 0 rgba(0,0,0,0.15); margin: 1px; max-width:658px; min-width:326px; padding:0; width:99.375%; width:-webkit-calc(100% - 2px); width:calc(100% - 2px);\"><p>\n<a href=\"https:\/\/www.instagram.com\/reel\/DQCRJSfEVft\/?utm_source=ig_embed&amp;utm_campaign=loading\" style=\" background:#FFFFFF; line-height:0; padding:0 0; text-align:center; text-decoration:none; width:100%;\" target=\"_blank\" rel=\"nofollow noopener\"><\/p>\n<p>      View this post on Instagram <\/p>\n<p><\/a><\/p>\n<p class=\"text\" style=\" color:#c9c8cd; font-family:Arial,sans-serif; font-size:14px; line-height:17px; margin-bottom:0; margin-top:8px; overflow:hidden; padding:8px 0 7px; text-align:center; text-overflow:ellipsis; white-space:nowrap;\"><a href=\"https:\/\/www.instagram.com\/reel\/DQCRJSfEVft\/?utm_source=ig_embed&amp;utm_campaign=loading\" style=\" color:#c9c8cd; font-family:Arial,sans-serif; font-size:14px; font-style:normal; font-weight:normal; line-height:17px; text-decoration:none;\" target=\"_blank\" rel=\"nofollow noopener\">A post shared by Whindersson Nunes (@whinderssonnunes)<\/a><\/p>\n<\/blockquote>\n<p class=\"text\">O influenciador <b>Whindersson Nunes<\/b> usou as redes sociais, nesta segunda-feira, 20, para relatar que teve o viol\u00e3o quebrado durante uma viagem de avi\u00e3o. O comediante n\u00e3o informou qual \u00e9 companhia a\u00e9rea respons\u00e1vel pelo voo.<\/p>\n<p class=\"text\">&#8220;Vamos falar sobre a palavra cuidado, sobre a palavra carinho, sobre a palavra amor. Esse \u00e9 um problema que eu tenho passado nas linhas a\u00e9reas. A turma fala pra mim &#8216;por que tu n\u00e3o leva mais teus cachorros pra viajar?&#8217;, se eles fazem isso com coisas as inanimadas&#8221;, disse Nunes em v\u00eddeo.<\/p>\n<p><img loading=\"lazy\" decoding=\"async\" alt=\"Whindersson Nunes fez reclama\u00e7\u00e3o por viol\u00e3o quebrado em rede social\" class=\"img-75561ed48a79e6696cc92d924b4c9229a4133i3e\" height=\"968\" src=\"https:\/\/www.europesays.com\/pt\/wp-content\/uploads\/2025\/10\/208048521-lqrwhnr2greiphorjzaej7s7ya.jpg\"  title=\"Whindersson Nunes fez reclama\u00e7\u00e3o por viol\u00e3o quebrado em rede social\" width=\"774\"\/><\/p>\n<p>Whindersson Nunes fez reclama\u00e7\u00e3o por viol\u00e3o quebrado em rede social<\/p>\n<p>Foto: @whinderssonnunes via Instagram \/ Estad\u00e3o<\/p>\n<p class=\"text\">Whindersson mostrou o viol\u00e3o, que teve o bra\u00e7o partido. A capa do instrumento tamb\u00e9m foi danificada. O humorista afirmou que \u00e9 a segunda vez que ele passa por isso.<\/p>\n<p class=\"text\">&#8220;A minha vontade aqui n\u00e3o \u00e9 de causar mal a ningu\u00e9m, nem a demiss\u00e3o de ningu\u00e9m. Eu sei que todo mundo trabalha, t\u00e1 todo mundo estressado, t\u00e1 todo mundo sem saber o que fazer, t\u00e1 tudo caro, t\u00e1 tudo dif\u00edcil, t\u00e1 dif\u00edcil manter o amor enquanto faz o trabalho&#8221;, complementou ele.<\/p>\n<p>                            <script async src=\"\/\/www.instagram.com\/embed.js\"><\/script><\/p>\n","protected":false},"excerpt":{"rendered":"Humorista n\u00e3o informou qual \u00e9 a companhia a\u00e9rea respons\u00e1vel pelo voo View this post on Instagram A post&hellip;\n","protected":false},"author":2,"featured_media":119975,"comment_status":"","ping_status":"","sticky":false,"template":"","format":"standard","meta":{"footnotes":""},"categories":[145],"tags":[211,210,114,115,32,33,4903],"class_list":{"0":"post-119974","1":"post","2":"type-post","3":"status-publish","4":"format-standard","5":"has-post-thumbnail","7":"category-celebridades","8":"tag-celebridades","9":"tag-celebrities","10":"tag-entertainment","11":"tag-entretenimento","12":"tag-portugal","13":"tag-pt","14":"tag-whindersson-nunes"},"share_on_mastodon":{"url":"https:\/\/pubeurope.com\/@pt\/115411216255262908","error":""},"_links":{"self":[{"href":"https:\/\/www.europesays.com\/pt\/wp-json\/wp\/v2\/posts\/119974","targetHints":{"allow":["GET"]}}],"collection":[{"href":"https:\/\/www.europesays.com\/pt\/wp-json\/wp\/v2\/posts"}],"about":[{"href":"https:\/\/www.europesays.com\/pt\/wp-json\/wp\/v2\/types\/post"}],"author":[{"embeddable":true,"href":"https:\/\/www.europesays.com\/pt\/wp-json\/wp\/v2\/users\/2"}],"replies":[{"embeddable":true,"href":"https:\/\/www.europesays.com\/pt\/wp-json\/wp\/v2\/comments?post=119974"}],"version-history":[{"count":0,"href":"https:\/\/www.europesays.com\/pt\/wp-json\/wp\/v2\/posts\/119974\/revisions"}],"wp:featuredmedia":[{"embeddable":true,"href":"https:\/\/www.europesays.com\/pt\/wp-json\/wp\/v2\/media\/119975"}],"wp:attachment":[{"href":"https:\/\/www.europesays.com\/pt\/wp-json\/wp\/v2\/media?parent=119974"}],"wp:term":[{"taxonomy":"category","embeddable":true,"href":"https:\/\/www.europesays.com\/pt\/wp-json\/wp\/v2\/categories?post=119974"},{"taxonomy":"post_tag","embeddable":true,"href":"https:\/\/www.europesays.com\/pt\/wp-json\/wp\/v2\/tags?post=119974"}],"curies":[{"name":"wp","href":"https:\/\/api.w.org\/{rel}","templated":true}]}}