{"id":119984,"date":"2025-10-21T08:40:09","date_gmt":"2025-10-21T08:40:09","guid":{"rendered":"https:\/\/www.europesays.com\/pt\/119984\/"},"modified":"2025-10-21T08:40:09","modified_gmt":"2025-10-21T08:40:09","slug":"relatorio-preliminar-do-elevador-da-gloria-paira-sobre-sessao-da-assembleia-municipal","status":"publish","type":"post","link":"https:\/\/www.europesays.com\/pt\/119984\/","title":{"rendered":"Relat\u00f3rio preliminar do Elevador da Gl\u00f3ria paira sobre sess\u00e3o da Assembleia Municipal"},"content":{"rendered":"<p>                    O vereador comunista Jo\u00e3o ferreira considera que o presidente da C\u00e2mara da capital, Carlos Moedas, n\u00e3o pode ignorar o assunto, t\u00e3o-pouco transferir responsabilidades somente para os t\u00e9cnicos.<\/p>\n<p><b>\u201cA partir do momento em que o presidente da C\u00e2mara Municipal de Lisboa tem conhecimento do conte\u00fado deste relat\u00f3rio, tem que tomar um conjunto de medidas que n\u00e3o podem ser empurradas para a frente\u201d<\/b>, advogou Jo\u00e3o Ferreira, propondo-se \u201cconfrontar\u201d o autarca \u201ccom a necessidade de ado\u00e7\u00e3o destas medidas\u201d.<\/p>\n<p>          <img decoding=\"async\" itemprop=\"image\" class=\"img-fluid\"   src=\"https:\/\/www.europesays.com\/pt\/wp-content\/uploads\/2025\/10\/746ce3407e7d80a7bdff8e8c56ce2089_N.jpg\"\/><\/p>\n<p>O relat\u00f3rio preliminar, <a href=\"https:\/\/www.rtp.pt\/noticias\/pais\/relatorio-aponta-falhas-da-carris-na-aquisicao-e-manutencao-do-cabo-do-elevador-da-gloria_n1692511\" target=\"_blank\" rel=\"nofollow noopener\">conhecido na segunda-feira<\/a>, assaca responsabilidades \u00e0 Carris.<\/p>\n<p>O gabinete que est\u00e1 a investigar o desastre apurou que <b>o cabo instalado em 2022 n\u00e3o possu\u00eda certifica\u00e7\u00e3o para o transporte de pessoas, al\u00e9m de se encontrar desgastado<\/b>. <b>O mesmo acontece com o Elevador do Lavra<\/b>.O relat\u00f3rio final s\u00f3 dever\u00e1 ficar conclu\u00eddo em setembro de 2026. Consulte <a href=\"https:\/\/cdn-images.rtp.pt\/icm\/noticias\/docs\/4d\/4dc93e9a9128a715842235d4ebfd0b8d_6f5a8fc0a6baa4bb7576bdc0ef201891.pdf\" target=\"_blank\" rel=\"nofollow noopener\">aqui a vers\u00e3o preliminar<\/a>.<br \/>&#13;\n<\/p>\n<p>O relat\u00f3rio aponta, em concreto, <b>falhas no processo de aquisi\u00e7\u00e3o, aceita\u00e7\u00e3o e instala\u00e7\u00e3o do cabo. Refere ainda que os freios de emerg\u00eancia n\u00e3o foram devidamente testados<\/b>.<\/p>\n<p>&#8220;A utiliza\u00e7\u00e3o de cabos multiplamente desconformes com as especifica\u00e7\u00f5es e restri\u00e7\u00f5es de utiliza\u00e7\u00e3o deveu-se a diversas falhas acumuladas no seu processo de aquisi\u00e7\u00e3o, aceita\u00e7\u00e3o e aplica\u00e7\u00e3o pela CCFL (Companhia Carris de Ferro de Lisboa, E.M, S.A), cujos mecanismos organizacionais de controlo interno n\u00e3o foram suficientes ou adequados para prevenir e detetar tais falhas&#8221;, l\u00ea-se no documento. <\/p>\n<p>Por outro lado, estima-se que <b>os t\u00e9cnicos de manuten\u00e7\u00e3o n\u00e3o tinham compet\u00eancia para detetar as falhas. \u00c9 tamb\u00e9m denunciada a execu\u00e7\u00e3o de trabalhos fora das normas padronizadas<\/b>.<\/p>\n<p>Numa primeira rea\u00e7\u00e3o ao teor do documento preliminar, a C\u00e2mara Municipal de Lisboa afirma que, \u201cao contr\u00e1rio da politiza\u00e7\u00e3o que alguns fizeram durante a campanha, <b>o relat\u00f3rio reafirma que a infeliz trag\u00e9dia do elevador da gl\u00f3ria foi derivada de causas t\u00e9cnicas e n\u00e3o pol\u00edticas<\/b>\u201d.<\/p>\n<p>Por sua vez, a Carris <a href=\"https:\/\/www.rtp.pt\/noticias\/pais\/elevador-da-gloria-carris-aponta-para-decisoes-de-mandatos-anteriores-camara-sublinha-causas-tecnicas_n1692532\" target=\"_blank\" rel=\"nofollow noopener\">salientou<\/a> que <b>o processo de aquisi\u00e7\u00e3o dos cabos teve no mandato anterior ao do atual Conselho de Administra\u00e7\u00e3o<\/b>.<br \/>&#13;<\/p>\n","protected":false},"excerpt":{"rendered":"O vereador comunista Jo\u00e3o ferreira considera que o presidente da C\u00e2mara da capital, Carlos Moedas, n\u00e3o pode ignorar&hellip;\n","protected":false},"author":2,"featured_media":119985,"comment_status":"","ping_status":"","sticky":false,"template":"","format":"standard","meta":{"footnotes":""},"categories":[10],"tags":[4501,27,28,5408,3069,16270,15,16,16451,14,25,26,21,22,5231,12,13,19,20,32,27899,23,24,33,22178,17,18,29,30,31],"class_list":{"0":"post-119984","1":"post","2":"type-post","3":"status-publish","4":"format-standard","5":"has-post-thumbnail","7":"category-portugal","8":"tag-assembleia","9":"tag-breaking-news","10":"tag-breakingnews","11":"tag-camara","12":"tag-desastre","13":"tag-elevador","14":"tag-featured-news","15":"tag-featurednews","16":"tag-gloria","17":"tag-headlines","18":"tag-latest-news","19":"tag-latestnews","20":"tag-main-news","21":"tag-mainnews","22":"tag-municipal","23":"tag-news","24":"tag-noticias","25":"tag-noticias-principais","26":"tag-noticiasprincipais","27":"tag-portugal","28":"tag-preliminar","29":"tag-principais-noticias","30":"tag-principaisnoticias","31":"tag-pt","32":"tag-relatorio","33":"tag-top-stories","34":"tag-topstories","35":"tag-ultimas","36":"tag-ultimas-noticias","37":"tag-ultimasnoticias"},"share_on_mastodon":{"url":"https:\/\/pubeurope.com\/@pt\/115411263566268814","error":""},"_links":{"self":[{"href":"https:\/\/www.europesays.com\/pt\/wp-json\/wp\/v2\/posts\/119984","targetHints":{"allow":["GET"]}}],"collection":[{"href":"https:\/\/www.europesays.com\/pt\/wp-json\/wp\/v2\/posts"}],"about":[{"href":"https:\/\/www.europesays.com\/pt\/wp-json\/wp\/v2\/types\/post"}],"author":[{"embeddable":true,"href":"https:\/\/www.europesays.com\/pt\/wp-json\/wp\/v2\/users\/2"}],"replies":[{"embeddable":true,"href":"https:\/\/www.europesays.com\/pt\/wp-json\/wp\/v2\/comments?post=119984"}],"version-history":[{"count":0,"href":"https:\/\/www.europesays.com\/pt\/wp-json\/wp\/v2\/posts\/119984\/revisions"}],"wp:featuredmedia":[{"embeddable":true,"href":"https:\/\/www.europesays.com\/pt\/wp-json\/wp\/v2\/media\/119985"}],"wp:attachment":[{"href":"https:\/\/www.europesays.com\/pt\/wp-json\/wp\/v2\/media?parent=119984"}],"wp:term":[{"taxonomy":"category","embeddable":true,"href":"https:\/\/www.europesays.com\/pt\/wp-json\/wp\/v2\/categories?post=119984"},{"taxonomy":"post_tag","embeddable":true,"href":"https:\/\/www.europesays.com\/pt\/wp-json\/wp\/v2\/tags?post=119984"}],"curies":[{"name":"wp","href":"https:\/\/api.w.org\/{rel}","templated":true}]}}