{"id":119988,"date":"2025-10-21T08:42:10","date_gmt":"2025-10-21T08:42:10","guid":{"rendered":"https:\/\/www.europesays.com\/pt\/119988\/"},"modified":"2025-10-21T08:42:10","modified_gmt":"2025-10-21T08:42:10","slug":"deborah-secco-passa-por-transformacao-radical-no-visual-ficou-perfeita","status":"publish","type":"post","link":"https:\/\/www.europesays.com\/pt\/119988\/","title":{"rendered":"Deborah Secco passa por transforma\u00e7\u00e3o radical no visual: &#8216;Ficou perfeita&#8217;"},"content":{"rendered":"<p><a href=\"https:\/\/caras.com.br\/tags\/deborah-secco\" target=\"_blank\" rel=\"noopener nofollow\"><strong>Deborah Secco<\/strong><\/a> chamou a aten\u00e7\u00e3o dos seguidores das redes sociais ao exibir seu novo visual. Ela decidiu passar por uma transforma\u00e7\u00e3o radical e impressionou ao abandonar os fios escuros e surgir loira.<\/p>\n<p>Em seu perfil oficial, a atriz compartilhou um v\u00eddeo mostrando a mudan\u00e7a sendo feita pelo hairstylist Washington Nunnes, e contou que o novo visual \u00e9 para marcar uma nova fase.\u00a0\u201cUma nova era blond! A melhor vers\u00e3o de mim mesma, a que eu escolho ser. Obrigada, Washington Nunnes por mais essa transforma\u00e7\u00e3o! Voc\u00ea \u00e9 incr\u00edvel! Agora sim: pronta para viver algo incr\u00edvel!!!\u201d, escreveu a artista na legenda.<\/p>\n<p>O post recebeu diversos elogios.\u00a0\u201cAmei\u201d, disse uma seguidora.\u00a0\u201cFicou mais linda\u201d, escreveu outra.\u00a0\u201cMaravilhosa demais\u201d, afirmou uma f\u00e3.\u00a0\u201cN\u00e3o tenho palavras. Ficou perfeita!\u201d, confessou mais uma.\u00a0\u201cA mais linda do universo inteiro\u201d, comentou uma admiradora.<\/p>\n<p><strong>Confira:<\/strong><\/p>\n<p>\t <img loading=\"lazy\" decoding=\"async\" class=\"size-full wp-image-1020592 img-fluid lazy\" alt=\"Deborah Secco exibe novo visual \" width=\"720\" height=\"1240\" src=\"https:\/\/www.europesays.com\/pt\/wp-content\/uploads\/2025\/10\/deborah-secco-surge-loira.jpeg\"  \/>Deborah Secco exibe novo visual \u2013 Foto: Instagram <\/p>\n<p>\u00a0<\/p>\n<p> <img loading=\"lazy\" decoding=\"async\" class=\"size-full wp-image-1020593 img-fluid lazy\" alt=\"Deborah Secco exibe novo visual \" width=\"720\" height=\"1228\" src=\"https:\/\/www.europesays.com\/pt\/wp-content\/uploads\/2025\/10\/deborah-secco-surge-loira1.jpeg\"  \/>Deborah Secco exibe novo visual \u2013 Foto: Instagram <\/p>\n<p>\u00a0<\/p>\n<blockquote class=\"instagram-media\" style=\"background: #FFF; border: 0; border-radius: 3px; box-shadow: 0 0 1px 0 rgba(0,0,0,0.5),0 1px 10px 0 rgba(0,0,0,0.15); margin: 1px; max-width: 540px; min-width: 326px; padding: 0; width: calc(100% - 2px);\" data-instgrm-permalink=\"https:\/\/www.instagram.com\/reel\/DQC-M79kSJD\/?utm_source=ig_embed&amp;utm_campaign=loading\" data-instgrm-version=\"14\"><\/blockquote>\n<p>A atriz Deborah Secco abriu o jogo sobre seu relacionamento com sua filha, Maria Flor, de 11 anos, fruto de seu relacionamento com Hugo Moura. Ela tamb\u00e9m aproveitou o m\u00eas das crian\u00e7as para falar sobre a maternidade e revelar como cria boas mem\u00f3rias com a herdeira.\u00a0\u201cN\u00f3s criamos mais do que uma rela\u00e7\u00e3o de m\u00e3e e filha. \u00c9 uma rela\u00e7\u00e3o de amizade, de confian\u00e7a. Eu sei que, quando o calo dela aperta, \u00e9 para mim que ela corre\u201d, contou ela em entrevista \u00e0 revista Crescer.<\/p>\n<p>Para a artista, criar boas mem\u00f3rias \u00e9 uma parte fundamental para a constru\u00e7\u00e3o de uma boa rela\u00e7\u00e3o com os pequenos. Sendo assim, a mam\u00e3e coruja sempre procura passar um tempo a s\u00f3s com Maria Flor, principalmente, para conhecerem novos lugares juntas. <a href=\"https:\/\/caras.com.br\/atualidades\/deborah-secco-fala-sobre-seu-relacionamento-com-a-filha.phtml\" target=\"_blank\" rel=\"noopener nofollow\"><strong>Saiba mais!<\/strong><\/a><\/p>\n<p><strong>Leia tamb\u00e9m:<\/strong> <a href=\"https:\/\/caras.com.br\/beleza\/virginia-fonseca-encanta-ao-mostrar-novo-visual-das-filhas-elas-me-pediram.phtml\" target=\"_blank\" rel=\"noopener nofollow\">Virginia Fonseca encanta ao mostrar novo visual das filhas: \u2018Elas me pediram\u2019<\/a><\/p>\n<p>        <a href=\"https:\/\/caras.com.br\/autor\/daniela-santos\" rel=\"nofollow noopener\" target=\"_blank\">&#13;<br \/>\n          <img loading=\"lazy\" decoding=\"async\" alt=\"Daniela Santos\" src=\"https:\/\/www.europesays.com\/pt\/wp-content\/uploads\/2025\/09\/1758949148_187_daniela-santos_sqmd.jpg\" class=\"avatar avatar-115 photo rounded-circle\" height=\"115\" width=\"115\"\/>        <\/a><\/p>\n<p><b>Daniela Santos<\/b> \u00e9 rep\u00f3rter do site CARAS. Formada em jornalismo pela FIAM FAAM, atua na \u00e1rea de celebridades e TV desde 2018<\/p>\n<p>\t                                            <script async src=\"\/\/www.instagram.com\/embed.js\"><\/script><\/p>\n","protected":false},"excerpt":{"rendered":"Deborah Secco chamou a aten\u00e7\u00e3o dos seguidores das redes sociais ao exibir seu novo visual. Ela decidiu passar&hellip;\n","protected":false},"author":2,"featured_media":119989,"comment_status":"","ping_status":"","sticky":false,"template":"","format":"standard","meta":{"footnotes":""},"categories":[145],"tags":[6041,211,210,3580,114,115,27900,3893,27901,32,33,6659],"class_list":{"0":"post-119988","1":"post","2":"type-post","3":"status-publish","4":"format-standard","5":"has-post-thumbnail","7":"category-celebridades","8":"tag-cabelo","9":"tag-celebridades","10":"tag-celebrities","11":"tag-deborah-secco","12":"tag-entertainment","13":"tag-entretenimento","14":"tag-loiro","15":"tag-mudanca","16":"tag-nova-cor","17":"tag-portugal","18":"tag-pt","19":"tag-visual"},"share_on_mastodon":{"url":"https:\/\/pubeurope.com\/@pt\/115411271350765094","error":""},"_links":{"self":[{"href":"https:\/\/www.europesays.com\/pt\/wp-json\/wp\/v2\/posts\/119988","targetHints":{"allow":["GET"]}}],"collection":[{"href":"https:\/\/www.europesays.com\/pt\/wp-json\/wp\/v2\/posts"}],"about":[{"href":"https:\/\/www.europesays.com\/pt\/wp-json\/wp\/v2\/types\/post"}],"author":[{"embeddable":true,"href":"https:\/\/www.europesays.com\/pt\/wp-json\/wp\/v2\/users\/2"}],"replies":[{"embeddable":true,"href":"https:\/\/www.europesays.com\/pt\/wp-json\/wp\/v2\/comments?post=119988"}],"version-history":[{"count":0,"href":"https:\/\/www.europesays.com\/pt\/wp-json\/wp\/v2\/posts\/119988\/revisions"}],"wp:featuredmedia":[{"embeddable":true,"href":"https:\/\/www.europesays.com\/pt\/wp-json\/wp\/v2\/media\/119989"}],"wp:attachment":[{"href":"https:\/\/www.europesays.com\/pt\/wp-json\/wp\/v2\/media?parent=119988"}],"wp:term":[{"taxonomy":"category","embeddable":true,"href":"https:\/\/www.europesays.com\/pt\/wp-json\/wp\/v2\/categories?post=119988"},{"taxonomy":"post_tag","embeddable":true,"href":"https:\/\/www.europesays.com\/pt\/wp-json\/wp\/v2\/tags?post=119988"}],"curies":[{"name":"wp","href":"https:\/\/api.w.org\/{rel}","templated":true}]}}