{"id":120001,"date":"2025-10-21T08:55:30","date_gmt":"2025-10-21T08:55:30","guid":{"rendered":"https:\/\/www.europesays.com\/pt\/120001\/"},"modified":"2025-10-21T08:55:30","modified_gmt":"2025-10-21T08:55:30","slug":"o-onze-provavel-do-benfica-para-o-jogo-com-o-newcastle-fotos","status":"publish","type":"post","link":"https:\/\/www.europesays.com\/pt\/120001\/","title":{"rendered":"O onze prov\u00e1vel do Benfica para o jogo com o Newcastle (fotos)"},"content":{"rendered":"<p>NEWCASTLE \u2014 E \u00e0 terceira jornada na <a class=\"autolink-enabled\" data-resource-id=\"27\" data-resource-type=\"competition\" data-sport=\"football\" href=\"https:\/\/www.abola.pt\/futebol\/competicao\/uefa-champions-league-27\" rel=\"nofollow noopener\" target=\"_blank\">UEFA Champions League<\/a>, sob as nuvens negras da amea\u00e7a de tornar o estrago do arranque na prova irrepar\u00e1vel, tamb\u00e9m sob as muitas nuvens negras que cobrem o c\u00e9u da cidade, o <a class=\"autolink-enabled\" data-resource-id=\"450\" data-resource-type=\"team\" data-sport=\"football\" href=\"https:\/\/www.abola.pt\/futebol\/benfica-450\" rel=\"nofollow noopener\" target=\"_blank\">Benfica<\/a> entra em campo, esta noite, com o objetivo de vencer, para refor\u00e7ar a candidatura europeia.<\/p>\n<p>No contexto desfavor\u00e1vel, tamb\u00e9m, provocado pela campanha eleitoral, que Jos\u00e9 Mourinho diz afetar os jogadores \u2014 \u00abN\u00e3o \u00e9 justo. A press\u00e3o de jogar no Benfica n\u00e3o \u00e9 para todos\u00bb, insistiu ontem \u2014, chega o dia em que todos votam pela continuidade na competi\u00e7\u00e3o. \u00c9 isso que acontecer\u00e1 por c\u00e1, com apoio de quase 2.700 benfiquistas, que nas ruas, vai-se ouvindo, tamb\u00e9m v\u00e3o discutindo quem escolher\u00e3o, s\u00e1bado, para a presid\u00eancia.<\/p>\n<p>Jos\u00e9 Mourinho deu poucas pistas sobre o onze a escolher para defrontar o <a class=\"autolink-enabled\" data-resource-id=\"103\" data-resource-type=\"team\" data-sport=\"football\" href=\"https:\/\/www.abola.pt\/futebol\/newcastle-103\" rel=\"nofollow noopener\" target=\"_blank\">Newcastle<\/a>, mas deve apostar na f\u00f3rmula que utilizou contra o <a class=\"autolink-enabled\" data-resource-id=\"82\" data-resource-type=\"team\" data-sport=\"football\" href=\"https:\/\/www.abola.pt\/futebol\/chelsea-82\" rel=\"nofollow noopener\" target=\"_blank\">Chelsea<\/a>. S\u00f3 levantou o v\u00e9u em declara\u00e7\u00f5es \u00e0 BTV \u2014 \u00abEspero que o Eddie [Howe, treinador do <a class=\"autolink-enabled\" data-resource-id=\"103\" data-resource-type=\"team\" data-sport=\"football\" href=\"https:\/\/www.abola.pt\/futebol\/newcastle-103\" rel=\"nofollow noopener\" target=\"_blank\">Newcastle<\/a>] n\u00e3o veja a BTV\u00bb, brincou \u2014, admitindo colocar <a class=\"autolink-enabled\" data-resource-id=\"228169\" data-resource-type=\"player\" data-sport=\"football\" href=\"https:\/\/www.abola.pt\/futebol\/jogador\/heorhii-sudakov-228169\" rel=\"nofollow noopener\" target=\"_blank\">Sudakov<\/a> mais pr\u00f3ximo de <a class=\"autolink-enabled\" data-resource-id=\"55942\" data-resource-type=\"player\" data-sport=\"football\" href=\"https:\/\/www.abola.pt\/futebol\/jogador\/pavlidis-55942\" rel=\"nofollow noopener\" target=\"_blank\">Pavlidis<\/a>, e n\u00e3o a partir da esquerda, para apostar mais nas combina\u00e7\u00f5es entre os dois; no passado fim de semana, o <a class=\"autolink-enabled\" data-resource-id=\"134\" data-resource-type=\"team\" data-sport=\"football\" href=\"https:\/\/www.abola.pt\/futebol\/brighton-134\" rel=\"nofollow noopener\" target=\"_blank\">Brighton<\/a> marcou dois golos ao <a class=\"autolink-enabled\" data-resource-id=\"103\" data-resource-type=\"team\" data-sport=\"football\" href=\"https:\/\/www.abola.pt\/futebol\/newcastle-103\" rel=\"nofollow noopener\" target=\"_blank\">Newcastle<\/a> pelo meio.<\/p>\n<p><strong>Este deve ser, ent\u00e3o, o onze prov\u00e1vel do Benfica para esta noite:<\/strong><\/p>\n<p>                            Fechar<\/p>\n<p>                                                    <img decoding=\"async\" class=\"h-full w-full max-w-[1180px] select-none rounded-t object-contain object-center\" src=\"https:\/\/www.europesays.com\/pt\/wp-content\/uploads\/2025\/10\/359b5de0-bb9d-4df9-afd8-eefe0317171c.jpg\" alt=\"\" x-show=\"imageGalleryOpened &amp;&amp; imageGalleryImageIndex == 1\"\/><\/p>\n<p>                                        \/ 11<\/p>\n<p>                                        Trubin \u00e0 chegada a Newcastle: o ucraniano volta \u00e0 baliza &#8211; Foto SL BENFICA<\/p>\n<p>                                                    <img decoding=\"async\" class=\"h-full w-full max-w-[1180px] select-none rounded-t object-contain object-center\" src=\"https:\/\/www.europesays.com\/pt\/wp-content\/uploads\/2025\/10\/a7ac0a77-7f06-4b05-be3b-5a91972dde3b.jpg\" alt=\"\" x-show=\"imageGalleryOpened &amp;&amp; imageGalleryImageIndex == 2\"\/><\/p>\n<p>                                        \/ 11<\/p>\n<p>                                        Dedic \u00e0 partida de Lisboa: ser\u00e1 o lateral-direito &#8211; Foto SL BENFICA<\/p>\n<p>                                                    <img decoding=\"async\" class=\"h-full w-full max-w-[1180px] select-none rounded-t object-contain object-center\" src=\"https:\/\/www.europesays.com\/pt\/wp-content\/uploads\/2025\/10\/81247fb8-f9bb-4202-8d9e-d68d2382d4af.jpg\" alt=\"\" x-show=\"imageGalleryOpened &amp;&amp; imageGalleryImageIndex == 3\"\/><\/p>\n<p>                                        \/ 11<\/p>\n<p>                                        Ant\u00f3nio Silva no aeroporto de Lisboa na segunda-feira: ser\u00e1 um dos centrais &#8211; Foto SL BENFICA<\/p>\n<p>                                                    <img decoding=\"async\" class=\"h-full w-full max-w-[1180px] select-none rounded-t object-contain object-center\" src=\"https:\/\/www.europesays.com\/pt\/wp-content\/uploads\/2025\/10\/68c9c891-49ec-41e1-85b4-2bf0b436aa06.jpg\" alt=\"\" x-show=\"imageGalleryOpened &amp;&amp; imageGalleryImageIndex == 4\"\/><\/p>\n<p>                                        \/ 11<\/p>\n<p>                                        Otamendi \u00e0 chegada a Newcastle: descansou com o Chaves e agora volta ao onze &#8211; Foto SL BENFICA<\/p>\n<p>                                                    <img decoding=\"async\" class=\"h-full w-full max-w-[1180px] select-none rounded-t object-contain object-center\" src=\"https:\/\/www.europesays.com\/pt\/wp-content\/uploads\/2025\/10\/4eeabe8c-f554-4a19-9e46-8272b41e58fd.jpg\" alt=\"\" x-show=\"imageGalleryOpened &amp;&amp; imageGalleryImageIndex == 5\"\/><\/p>\n<p>                                        \/ 11<\/p>\n<p>                                        Samuel Dahl sai do avi\u00e3o em Newcastle: continua como lateral-esquerdo &#8211; Foto SL BENFICA<\/p>\n<p>                                                    <img decoding=\"async\" class=\"h-full w-full max-w-[1180px] select-none rounded-t object-contain object-center\" src=\"https:\/\/www.europesays.com\/pt\/wp-content\/uploads\/2025\/10\/53219c7b-d1cd-46bc-99ef-6673a9edd982.jpg\" alt=\"\" x-show=\"imageGalleryOpened &amp;&amp; imageGalleryImageIndex == 6\"\/><\/p>\n<p>                                        \/ 11<\/p>\n<p>                                        Richard R\u00edos no treino de segunda-feira, no Seixal: est\u00e1 de volta ao onze  &#8211; Foto SL BENFICA<\/p>\n<p>                                                    <img decoding=\"async\" class=\"h-full w-full max-w-[1180px] select-none rounded-t object-contain object-center\" src=\"https:\/\/www.europesays.com\/pt\/wp-content\/uploads\/2025\/10\/e4a8f90f-6ec6-41b7-b342-9388ffa07616.jpg\" alt=\"\" x-show=\"imageGalleryOpened &amp;&amp; imageGalleryImageIndex == 7\"\/><\/p>\n<p>                                        \/ 11<\/p>\n<p>                                        Barrenechea \u00e0 partida de Lisboa: o argentino far\u00e1 dupla com R\u00edos &#8211; Foto SL BENFICA<\/p>\n<p>                                                    <img decoding=\"async\" class=\"h-full w-full max-w-[1180px] select-none rounded-t object-contain object-center\" src=\"https:\/\/www.europesays.com\/pt\/wp-content\/uploads\/2025\/10\/0013a808-7e4b-4eb1-9d2c-9ab3d01f738b.jpg\" alt=\"\" x-show=\"imageGalleryOpened &amp;&amp; imageGalleryImageIndex == 8\"\/><\/p>\n<p>                                        \/ 11<\/p>\n<p>                                        Lukebakio \u00e0 chegada a Newcastle: o belga joga na direita do ataque &#8211; Foto SL BENFICA<\/p>\n<p>                                                    <img decoding=\"async\" class=\"h-full w-full max-w-[1180px] select-none rounded-t object-contain object-center\" src=\"https:\/\/www.europesays.com\/pt\/wp-content\/uploads\/2025\/10\/acc42e27-996f-43e0-8d2f-5e1a989f5509.jpg\" alt=\"\" x-show=\"imageGalleryOpened &amp;&amp; imageGalleryImageIndex == 9\"\/><\/p>\n<p>                                        \/ 11<\/p>\n<p>                                        Sudakov \u00e0 chegada a Newcastle: Mourinho prometeu que vai jogar mais perto do ponta de lan\u00e7a &#8211; Foto SL BENFICA<\/p>\n<p>                                                    <img decoding=\"async\" class=\"h-full w-full max-w-[1180px] select-none rounded-t object-contain object-center\" src=\"https:\/\/www.europesays.com\/pt\/wp-content\/uploads\/2025\/10\/b7b20991-836d-493a-b80a-026e7551113f.jpg\" alt=\"\" x-show=\"imageGalleryOpened &amp;&amp; imageGalleryImageIndex == 10\"\/><\/p>\n<p>                                        \/ 11<\/p>\n<p>                                        Aursnes em Inglaterra: para aproximar Sudakov de zonas centrais, deve ser o noruegu\u00eas a fechar \u00e0 esquerda &#8211; Foto SL BENFICA<\/p>\n<p>                                                    <img decoding=\"async\" class=\"h-full w-full max-w-[1180px] select-none rounded-t object-contain object-center\" src=\"https:\/\/www.europesays.com\/pt\/wp-content\/uploads\/2025\/10\/d04952c5-9024-43ff-9988-cacc98486c73.jpg\" alt=\"\" x-show=\"imageGalleryOpened &amp;&amp; imageGalleryImageIndex == 11\"\/><\/p>\n<p>                                        \/ 11<\/p>\n<p>                                        Pavlidis \u00e0 partida de Lisboa: mesmo com a concorr\u00eancia de Ivanovic, grego deve manter-se no onze &#8211; Foto SL BENFICA<\/p>\n<p>            Galeria de imagens<\/p>\n<p>            11 Fotos<\/p>\n<p>Mourinho convocou 25 jogadores \u2014 o extremo <a target=\"_blank\" class=\"editor-link autolink-enabled\" href=\"https:\/\/www.abola.pt\/futebol\/jogador\/ivan-lima-259035\" data-resource-id=\"259035\" data-resource-type=\"player\" data-sport=\"football\" rel=\"nofollow noopener\">Ivan Lima<\/a> vai-se mantendo nos eleitos \u2014 mas foi ele a principal figura no aeroporto de Lisboa (muitos incentivos e pedidos de fotografias) e, claro, em Newcastle. Depois da confer\u00eancia de imprensa, o treinador do Benfica satisfez a vontade de v\u00e1rios adeptos para fotografias e aut\u00f3grafos.<\/p>\n","protected":false},"excerpt":{"rendered":"NEWCASTLE \u2014 E \u00e0 terceira jornada na UEFA Champions League, sob as nuvens negras da amea\u00e7a de tornar&hellip;\n","protected":false},"author":2,"featured_media":120002,"comment_status":"","ping_status":"","sticky":false,"template":"","format":"standard","meta":{"footnotes":""},"categories":[8],"tags":[27,28,15,16,14,25,26,21,22,12,13,19,20,32,23,24,33,17,18,29,30,31],"class_list":{"0":"post-120001","1":"post","2":"type-post","3":"status-publish","4":"format-standard","5":"has-post-thumbnail","7":"category-principais-noticias","8":"tag-breaking-news","9":"tag-breakingnews","10":"tag-featured-news","11":"tag-featurednews","12":"tag-headlines","13":"tag-latest-news","14":"tag-latestnews","15":"tag-main-news","16":"tag-mainnews","17":"tag-news","18":"tag-noticias","19":"tag-noticias-principais","20":"tag-noticiasprincipais","21":"tag-portugal","22":"tag-principais-noticias","23":"tag-principaisnoticias","24":"tag-pt","25":"tag-top-stories","26":"tag-topstories","27":"tag-ultimas","28":"tag-ultimas-noticias","29":"tag-ultimasnoticias"},"share_on_mastodon":{"url":"https:\/\/pubeurope.com\/@pt\/115411322824002738","error":""},"_links":{"self":[{"href":"https:\/\/www.europesays.com\/pt\/wp-json\/wp\/v2\/posts\/120001","targetHints":{"allow":["GET"]}}],"collection":[{"href":"https:\/\/www.europesays.com\/pt\/wp-json\/wp\/v2\/posts"}],"about":[{"href":"https:\/\/www.europesays.com\/pt\/wp-json\/wp\/v2\/types\/post"}],"author":[{"embeddable":true,"href":"https:\/\/www.europesays.com\/pt\/wp-json\/wp\/v2\/users\/2"}],"replies":[{"embeddable":true,"href":"https:\/\/www.europesays.com\/pt\/wp-json\/wp\/v2\/comments?post=120001"}],"version-history":[{"count":0,"href":"https:\/\/www.europesays.com\/pt\/wp-json\/wp\/v2\/posts\/120001\/revisions"}],"wp:featuredmedia":[{"embeddable":true,"href":"https:\/\/www.europesays.com\/pt\/wp-json\/wp\/v2\/media\/120002"}],"wp:attachment":[{"href":"https:\/\/www.europesays.com\/pt\/wp-json\/wp\/v2\/media?parent=120001"}],"wp:term":[{"taxonomy":"category","embeddable":true,"href":"https:\/\/www.europesays.com\/pt\/wp-json\/wp\/v2\/categories?post=120001"},{"taxonomy":"post_tag","embeddable":true,"href":"https:\/\/www.europesays.com\/pt\/wp-json\/wp\/v2\/tags?post=120001"}],"curies":[{"name":"wp","href":"https:\/\/api.w.org\/{rel}","templated":true}]}}