{"id":120005,"date":"2025-10-21T08:58:06","date_gmt":"2025-10-21T08:58:06","guid":{"rendered":"https:\/\/www.europesays.com\/pt\/120005\/"},"modified":"2025-10-21T08:58:06","modified_gmt":"2025-10-21T08:58:06","slug":"sabados-em-familia-regressam-a-biblioteca-da-amadora-para-incentivar-os-miudos-a-ler-new-in-amadora","status":"publish","type":"post","link":"https:\/\/www.europesays.com\/pt\/120005\/","title":{"rendered":"S\u00e1bados em fam\u00edlia regressam \u00e0 biblioteca da Amadora para incentivar os mi\u00fados a ler \u2014 New in Amadora"},"content":{"rendered":"<p>Est\u00e1 mais do que estudado pela comunidade cient\u00edfica: mi\u00fados habituados \u00e0 leitura s\u00e3o mais saud\u00e1veis socialmente do aqueles que nunca pegam num livro. Mas no tempo dos ecr\u00e3s, eles s\u00f3 pegam nos livros se forem incentivados a isso, se virem os pais a fazerem-no e sentirem-se que as hist\u00f3rias que lhes contam s\u00e3o enriquecedoras e divertidas.<\/p>\n<p><strong>A leitura \u00e9 crucial para o desenvolvimento infantil, pois estimula o conhecimento, a linguagem, a criatividade e a intelig\u00eancia emocional. <\/strong>O h\u00e1bito de ler, desde cedo, melhora o vocabul\u00e1rio, a concentra\u00e7\u00e3o, o racioc\u00ednio e a capacidade de interpretar o mundo, al\u00e9m de promover empatia e reduzir o stress.\u00a0<\/p>\n<p>O impacto dos livros no processo de crescimento tem resultados mensur\u00e1veis. Ler exp\u00f5e os mi\u00fados a novas palavras e estruturas de frase, melhorando a fala e a escrita.\u00a0 Al\u00e9m disso, exige foco, o que ajuda a desenvolver a aten\u00e7\u00e3o, o racioc\u00ednio l\u00f3gico e a capacidade de interpretar textos, fundamental para todas as mat\u00e9rias escolares. A leitura contextualiza a aprendizagem das letras, tornando o processo de alfabetiza\u00e7\u00e3o mais eficiente.\u00a0<\/p>\n<p>Os livros contribuem tamb\u00e9m para o desenvolvimento emocional e social, como a empatia. Ao se identificarem com personagens, as crian\u00e7as desenvolvem a capacidade de compreender e valorizar diferentes perspetivas e sentimentos. Por isso, a leitura por prazer est\u00e1 ligada a um maior bem-estar emocional e \u00e0 capacidade de lidar com desafios, estimulando a imagina\u00e7\u00e3o e reduzindo o stress.<\/p>\n<p>Sess\u00e3o dupla de leitura<\/p>\n<p>Se h\u00e1 coisa que funciona muito bem na Amadora, apesar de muitos moradores do concelho n\u00e3o fazerem ideia do que ali se passa, \u00e9 o projeto \u201cS\u00e1bados em Fam\u00edlia\u201d. No pr\u00f3ximo dia, 25, a <a href=\"https:\/\/newinamadora.nit.pt\/na-cidade\/velhinha-secundaria-da-amadora-vai-ser-reabilitada-e-ter-uma-nova-biblioteca\" target=\"_blank\" rel=\"noopener nofollow\">Biblioteca<\/a> Municipal Fernando Piteira Santos promover\u00e1 duas iniciativas dirigidas aos mais novos, acompanhados por pais ou outros cuidadores.<\/p>\n<p>Entre as 10 horas e as 11h30, vai decorrer uma sess\u00e3o para beb\u00e9s, seguida de oficina, na Bedetecal.<strong> A partir do conto \u201cPing Ping Atchim\u201d, de Maria In\u00eas Gra\u00e7a com ilustra\u00e7\u00f5es de Christian Inaraja, ser\u00e1 estimulada a imagina\u00e7\u00e3o dos mi\u00fados,<\/strong> seguida da atividade \u201cVamos fazer um puzzle\u201d. Os destinat\u00e1rios s\u00e3o fam\u00edlias com beb\u00e9s dos 18 aos 36 meses, e custa 3\u20ac por mi\u00fado. Os pais n\u00e3o pagam.<\/p>\n<p>Da parte da tarde, entre as 15 horas e as 16h30, a a\u00e7\u00e3o passa para a ludoteca, com a Hora do conto baseada nos livros de Gracia Iglesias e Vicente Cruz, seguida de oficina \u201cM\u00famias\u201d.\u00a0A atividade destina-se a fam\u00edlias com mi\u00fados a partir dos tr\u00eas anos e custa igualmente 3\u20ac.\u00a0Ambas as iniciativas requerem inscri\u00e7\u00e3o pr\u00e9via por email (bibliotecas@nullcm-amadora.pt) ou telefone (21 4369 054).<\/p>\n<p>A Biblioteca Municipal Fernando Piteira Santos est\u00e1 localizada na Venteira, numa das principais art\u00e9rias de entrada na cidade, no n\u00famero 6 da Avenida Conde Castro Guimar\u00e3es, em frente \u00e0 Academia Militar.<\/p>\n<p>Carregue na galeria e conhecer o espa\u00e7o por dentro.<\/p>\n<p>\u00a0<\/p>\n","protected":false},"excerpt":{"rendered":"Est\u00e1 mais do que estudado pela comunidade cient\u00edfica: mi\u00fados habituados \u00e0 leitura s\u00e3o mais saud\u00e1veis socialmente do aqueles&hellip;\n","protected":false},"author":2,"featured_media":120006,"comment_status":"","ping_status":"","sticky":false,"template":"","format":"standard","meta":{"footnotes":""},"categories":[143],"tags":[169,114,115,170,32,33],"class_list":{"0":"post-120005","1":"post","2":"type-post","3":"status-publish","4":"format-standard","5":"has-post-thumbnail","7":"category-livros","8":"tag-books","9":"tag-entertainment","10":"tag-entretenimento","11":"tag-livros","12":"tag-portugal","13":"tag-pt"},"share_on_mastodon":{"url":"https:\/\/pubeurope.com\/@pt\/115411334213601737","error":""},"_links":{"self":[{"href":"https:\/\/www.europesays.com\/pt\/wp-json\/wp\/v2\/posts\/120005","targetHints":{"allow":["GET"]}}],"collection":[{"href":"https:\/\/www.europesays.com\/pt\/wp-json\/wp\/v2\/posts"}],"about":[{"href":"https:\/\/www.europesays.com\/pt\/wp-json\/wp\/v2\/types\/post"}],"author":[{"embeddable":true,"href":"https:\/\/www.europesays.com\/pt\/wp-json\/wp\/v2\/users\/2"}],"replies":[{"embeddable":true,"href":"https:\/\/www.europesays.com\/pt\/wp-json\/wp\/v2\/comments?post=120005"}],"version-history":[{"count":0,"href":"https:\/\/www.europesays.com\/pt\/wp-json\/wp\/v2\/posts\/120005\/revisions"}],"wp:featuredmedia":[{"embeddable":true,"href":"https:\/\/www.europesays.com\/pt\/wp-json\/wp\/v2\/media\/120006"}],"wp:attachment":[{"href":"https:\/\/www.europesays.com\/pt\/wp-json\/wp\/v2\/media?parent=120005"}],"wp:term":[{"taxonomy":"category","embeddable":true,"href":"https:\/\/www.europesays.com\/pt\/wp-json\/wp\/v2\/categories?post=120005"},{"taxonomy":"post_tag","embeddable":true,"href":"https:\/\/www.europesays.com\/pt\/wp-json\/wp\/v2\/tags?post=120005"}],"curies":[{"name":"wp","href":"https:\/\/api.w.org\/{rel}","templated":true}]}}