{"id":120007,"date":"2025-10-21T08:59:10","date_gmt":"2025-10-21T08:59:10","guid":{"rendered":"https:\/\/www.europesays.com\/pt\/120007\/"},"modified":"2025-10-21T08:59:10","modified_gmt":"2025-10-21T08:59:10","slug":"ana-barbosa-levanta-suspeita-de-trauma-antigo","status":"publish","type":"post","link":"https:\/\/www.europesays.com\/pt\/120007\/","title":{"rendered":"Ana Barbosa levanta suspeita de trauma antigo"},"content":{"rendered":"<p>Marie est\u00e1 de volta, ao ex-namorado, \u00e0s redes sociais e, dizem alguns f\u00e3s, aos velhos exageros. A ex-concorrente de reality shows reacendeu a rela\u00e7\u00e3o com o companheiro 32 anos mais velho e n\u00e3o tem escondido o entusiasmo nas publica\u00e7\u00f5es que partilha online.<\/p>\n<p>Depois de semanas de rumores, agora \u00e9 a pr\u00f3pria quem o confirma. Num comunicado partilhado nas redes sociais, Marie declarou-se e deixou um desabafo carregado de emo\u00e7\u00e3o, <strong>\u201cA fam\u00edlia come\u00e7a agora. Felizmente sobrevivi a toda a manipula\u00e7\u00e3o e doen\u00e7a alheia que me fez acreditar que eu sim era a maluca.\u201d<\/strong><\/p>\n<p>As palavras da jovem deixaram os seguidores divididos, entre o apoio e a preocupa\u00e7\u00e3o. Alguns comentam que Marie <strong>\u201cest\u00e1 novamente numa fase man\u00edaca\u201d,<\/strong> recordando que a artista revelou, no in\u00edcio do ano, sofrer de bipolaridade e recorrer \u00e0 medica\u00e7\u00e3o.<\/p>\n<p>No Tarde das Estrelas o assunto foi tema de debate, e Ana Barbosa levante aqui uns detalhes, \u201cE n\u00f3s devemos reparar que todos os ex-namorados da Marie t\u00eam sempre comportamentos inadequados. Certo?\u201d, come\u00e7a por dizer, com aquele tom meio-interrogativo de quem observa um padr\u00e3o, <strong>\u201cO outro anterior a este, tamb\u00e9m\u2026 que acho que a rela\u00e7\u00e3o at\u00e9 estava a correr muito bem, ela tamb\u00e9m dizia que era agora, sim, encontrei o amor para a minha vida\u2026 e depois, tamb\u00e9m houve uma situa\u00e7\u00e3o qualquer que ele era demasiado abusivo, qualquer coisa deste estilo.\u201d<\/strong><\/p>\n<p>Para Ana Barbosa, h\u00e1 um fio condutor nestas hist\u00f3rias que se repetem.<strong> \u201cEu acho que h\u00e1 ali um comportamento de um trauma, eu n\u00e3o quero estar aqui\u2026 isto \u00e9 aquilo que eu acho\u2026 que possa haver ali um trauma antigo de inf\u00e2ncia\u201d,<\/strong> admite, quase como quem pensa em voz alta, <strong>\u201cPorque h\u00e1 aqui, em todos os ex-namorados, h\u00e1 sempre um problema com eles.\u201d<\/strong><\/p>\n<p>Ana levanta a hip\u00f3tese de algo mais profundo, talvez enraizado, <strong>\u201cSoa-me que tenha que haver um problema na autoridade masculina\u201d,<\/strong> reflete, <strong>\u201cA partir do momento em que tudo corre bem, est\u00e1 tudo bem, mas se calhar, se o homem lhe diz qualquer coisa que j\u00e1 n\u00e3o v\u00e1 ao encontro daquilo que ela gosta, h\u00e1 ali logo uma rotura.\u201d<\/strong><\/p>\n<p>A rematar disse, <strong>\u201cEnt\u00e3o est\u00e1 numa crise psic\u00f3tica. Exatamente. Penso que tem mesmo a ver com uma autoridade masculina. H\u00e1 ali qualquer coisa que n\u00e3o soa\u2026 exatamente.\u201d<\/strong><\/p>\n","protected":false},"excerpt":{"rendered":"Marie est\u00e1 de volta, ao ex-namorado, \u00e0s redes sociais e, dizem alguns f\u00e3s, aos velhos exageros. A ex-concorrente&hellip;\n","protected":false},"author":2,"featured_media":120008,"comment_status":"","ping_status":"","sticky":false,"template":"","format":"standard","meta":{"footnotes":""},"categories":[142],"tags":[114,115,356,32,33,26164,151],"class_list":{"0":"post-120007","1":"post","2":"type-post","3":"status-publish","4":"format-standard","5":"has-post-thumbnail","7":"category-tv","8":"tag-entertainment","9":"tag-entretenimento","10":"tag-marie","11":"tag-portugal","12":"tag-pt","13":"tag-tarde-das-estrelas","14":"tag-tv"},"share_on_mastodon":{"url":"https:\/\/pubeurope.com\/@pt\/115411338196778258","error":""},"_links":{"self":[{"href":"https:\/\/www.europesays.com\/pt\/wp-json\/wp\/v2\/posts\/120007","targetHints":{"allow":["GET"]}}],"collection":[{"href":"https:\/\/www.europesays.com\/pt\/wp-json\/wp\/v2\/posts"}],"about":[{"href":"https:\/\/www.europesays.com\/pt\/wp-json\/wp\/v2\/types\/post"}],"author":[{"embeddable":true,"href":"https:\/\/www.europesays.com\/pt\/wp-json\/wp\/v2\/users\/2"}],"replies":[{"embeddable":true,"href":"https:\/\/www.europesays.com\/pt\/wp-json\/wp\/v2\/comments?post=120007"}],"version-history":[{"count":0,"href":"https:\/\/www.europesays.com\/pt\/wp-json\/wp\/v2\/posts\/120007\/revisions"}],"wp:featuredmedia":[{"embeddable":true,"href":"https:\/\/www.europesays.com\/pt\/wp-json\/wp\/v2\/media\/120008"}],"wp:attachment":[{"href":"https:\/\/www.europesays.com\/pt\/wp-json\/wp\/v2\/media?parent=120007"}],"wp:term":[{"taxonomy":"category","embeddable":true,"href":"https:\/\/www.europesays.com\/pt\/wp-json\/wp\/v2\/categories?post=120007"},{"taxonomy":"post_tag","embeddable":true,"href":"https:\/\/www.europesays.com\/pt\/wp-json\/wp\/v2\/tags?post=120007"}],"curies":[{"name":"wp","href":"https:\/\/api.w.org\/{rel}","templated":true}]}}