{"id":120011,"date":"2025-10-21T09:02:09","date_gmt":"2025-10-21T09:02:09","guid":{"rendered":"https:\/\/www.europesays.com\/pt\/120011\/"},"modified":"2025-10-21T09:02:09","modified_gmt":"2025-10-21T09:02:09","slug":"xadrez-grande-mestre-daniel-naroditsky-morre-aos-29-anos","status":"publish","type":"post","link":"https:\/\/www.europesays.com\/pt\/120011\/","title":{"rendered":"Xadrez: grande mestre Daniel Naroditsky morre aos 29 anos"},"content":{"rendered":"<p>Daniel Naroditsky, grande mestre de xadrez norte-americano, faleceu aos 29 anos de forma \u00abinesperada\u00bb. A informa\u00e7\u00e3o foi avan\u00e7ada pelo Charlotte Chess Center, clube que representava.<\/p>\n<p>\u00ab\u00c9 com muita tristeza que partilhamos o falecimento inesperado de Daniel Naroditsky. Daniel era um talentoso jogador de xadrez, educador e membro estimado da comunidade. Era um filho, irm\u00e3o e amigo leal. Vamos honrar o Daniel e relembrar a sua paix\u00e3o pelo xadrez e inspira\u00e7\u00e3o que nos trouxe a todos\u00bb, refere a nota oficial.<\/p>\n<p>A causa da morte ainda \u00e9 desconhecida.<\/p>\n<p>\u00a0<\/p>\n<blockquote class=\"instagram-media\" data-instgrm-captioned=\"\" data-instgrm-permalink=\"https:\/\/www.instagram.com\/p\/DQCb9J7kfA4\/?utm_source=ig_embed&amp;utm_campaign=loading\" data-instgrm-version=\"14\" style=\" background:#FFF; border:0; border-radius:3px; box-shadow:0 0 1px 0 rgba(0,0,0,0.5),0 1px 10px 0 rgba(0,0,0,0.15); margin: 1px; max-width:540px; min-width:326px; padding:0; width:99.375%; width:-webkit-calc(100% - 2px); width:calc(100% - 2px);\">\n<\/blockquote>\n<p>                                <script async src=\"\/\/www.instagram.com\/embed.js\"><\/script><\/p>\n","protected":false},"excerpt":{"rendered":"Daniel Naroditsky, grande mestre de xadrez norte-americano, faleceu aos 29 anos de forma \u00abinesperada\u00bb. A informa\u00e7\u00e3o foi avan\u00e7ada&hellip;\n","protected":false},"author":2,"featured_media":120012,"comment_status":"","ping_status":"","sticky":false,"template":"","format":"standard","meta":{"footnotes":""},"categories":[87],"tags":[27902,135,413,82,46,1437,32,33,47,134,26350],"class_list":{"0":"post-120011","1":"post","2":"type-post","3":"status-publish","4":"format-standard","5":"has-post-thumbnail","7":"category-desporto","8":"tag-daniel-naroditsky","9":"tag-desporto","10":"tag-eua","11":"tag-internacional","12":"tag-maisfutebol","13":"tag-morte","14":"tag-portugal","15":"tag-pt","16":"tag-pura-paixao","17":"tag-sports","18":"tag-xadrez"},"share_on_mastodon":{"url":"https:\/\/pubeurope.com\/@pt\/115411349903058154","error":""},"_links":{"self":[{"href":"https:\/\/www.europesays.com\/pt\/wp-json\/wp\/v2\/posts\/120011","targetHints":{"allow":["GET"]}}],"collection":[{"href":"https:\/\/www.europesays.com\/pt\/wp-json\/wp\/v2\/posts"}],"about":[{"href":"https:\/\/www.europesays.com\/pt\/wp-json\/wp\/v2\/types\/post"}],"author":[{"embeddable":true,"href":"https:\/\/www.europesays.com\/pt\/wp-json\/wp\/v2\/users\/2"}],"replies":[{"embeddable":true,"href":"https:\/\/www.europesays.com\/pt\/wp-json\/wp\/v2\/comments?post=120011"}],"version-history":[{"count":0,"href":"https:\/\/www.europesays.com\/pt\/wp-json\/wp\/v2\/posts\/120011\/revisions"}],"wp:featuredmedia":[{"embeddable":true,"href":"https:\/\/www.europesays.com\/pt\/wp-json\/wp\/v2\/media\/120012"}],"wp:attachment":[{"href":"https:\/\/www.europesays.com\/pt\/wp-json\/wp\/v2\/media?parent=120011"}],"wp:term":[{"taxonomy":"category","embeddable":true,"href":"https:\/\/www.europesays.com\/pt\/wp-json\/wp\/v2\/categories?post=120011"},{"taxonomy":"post_tag","embeddable":true,"href":"https:\/\/www.europesays.com\/pt\/wp-json\/wp\/v2\/tags?post=120011"}],"curies":[{"name":"wp","href":"https:\/\/api.w.org\/{rel}","templated":true}]}}