{"id":120015,"date":"2025-10-21T09:04:08","date_gmt":"2025-10-21T09:04:08","guid":{"rendered":"https:\/\/www.europesays.com\/pt\/120015\/"},"modified":"2025-10-21T09:04:08","modified_gmt":"2025-10-21T09:04:08","slug":"ines-aires-pereira-de-volta-com-o-ex-atriz-anuncia-terceira-gravidez-que-comece-a-aventura","status":"publish","type":"post","link":"https:\/\/www.europesays.com\/pt\/120015\/","title":{"rendered":"In\u00eas Aires Pereira &#8211; De volta com o ex, atriz anuncia terceira gravidez: &#8220;Que come\u00e7e a aventura&#8221;"},"content":{"rendered":"<p><strong>In\u00eas Aires Pereira<\/strong> surpreendeu tudo e todos <strong>ao anunciar que est\u00e1 gr\u00e1vida pela terceira vez.<\/strong> A novidade foi partilhada pela atriz esta segunda-feira, atrav\u00e9s de um v\u00eddeo publicado no Instagram, onde mostra os bastidores do seu novo espet\u00e1culo &#8216;Namast\u00ea&#8217;, que estreou no Coliseu dos Recreios, em Lisboa.<\/p>\n<p>No final da grava\u00e7\u00e3o, <strong>In\u00eas aparece ao lado de David Ferreira, o pai dos seus dois filhos,<\/strong> e o momento que mais chamou a aten\u00e7\u00e3o foi quando a atriz, radiante, toca na sua barriga j\u00e1 visivelmente saliente.<\/p>\n<p><strong>\u201cQue comece a aventura!\u201d<\/strong>, escreveu In\u00eas na legenda do v\u00eddeo, confirmando assim a novidade. Aos 36 anos, a artista prepara-se para ser m\u00e3e novamente, fruto da rela\u00e7\u00e3o com David, com quem recentemente reatou.<\/p>\n<p>Recorde-se que In\u00eas Aires Pereira e David Ferreira, que j\u00e1 s\u00e3o\u00a0pais de Alice, de cinco anos, e de Joaquim, de dois,\u00a0tinham anunciado a separa\u00e7\u00e3o no in\u00edcio de 2024.\u00a0<br \/>\u00a0<\/p>\n<blockquote class=\"instagram-media\" data-instgrm-captioned=\"\" data-instgrm-permalink=\"https:\/\/www.instagram.com\/reel\/DQDA0QmjGnb\/?utm_source=ig_embed&amp;utm_campaign=loading\" data-instgrm-version=\"14\" style=\" background:#FFF; border:0; border-radius:3px; box-shadow:0 0 1px 0 rgba(0,0,0,0.5),0 1px 10px 0 rgba(0,0,0,0.15); margin: 1px; max-width:540px; min-width:326px; padding:0; width:99.375%; width:-webkit-calc(100% - 2px); width:calc(100% - 2px);\"><\/blockquote>\n<p>\u00a0<\/p>\n<p>Texto: Tiago Miguel Sim\u00f5es; Fotos: Impala\u00a0<\/p>\n<p>\u00a0<\/p>\n<p>\u00a0<\/p>\n<p class=\"intagram-text\">Siga a Nova Gente no Instagram<\/p>\n<p>                        <a href=\"https:\/\/www.instagram.com\/revistanovagente\/\" target=\"_blank\" aria-label=\"instagram\" rel=\"noopener nofollow\"><img decoding=\"async\" style=\"display: block; margin-left: auto; margin-right: auto; width: 250px; height: 83px;\" src=\"https:\/\/www.europesays.com\/pt\/wp-content\/uploads\/2025\/10\/Instagram_NG.png\" alt=\"instagram\"\/><\/a><br \/>\n                    <script async src=\"\/\/www.instagram.com\/embed.js\"><\/script><\/p>\n","protected":false},"excerpt":{"rendered":"In\u00eas Aires Pereira surpreendeu tudo e todos ao anunciar que est\u00e1 gr\u00e1vida pela terceira vez. A novidade foi&hellip;\n","protected":false},"author":2,"featured_media":120016,"comment_status":"","ping_status":"","sticky":false,"template":"","format":"standard","meta":{"footnotes":""},"categories":[85],"tags":[114,115,1041,1210,7399,1017,32,33],"class_list":{"0":"post-120015","1":"post","2":"type-post","3":"status-publish","4":"format-standard","5":"has-post-thumbnail","7":"category-entretenimento","8":"tag-entertainment","9":"tag-entretenimento","10":"tag-gravidez","11":"tag-ines-aires-pereira","12":"tag-namorado","13":"tag-namoro","14":"tag-portugal","15":"tag-pt"},"share_on_mastodon":{"url":"https:\/\/pubeurope.com\/@pt\/115411357884289352","error":""},"_links":{"self":[{"href":"https:\/\/www.europesays.com\/pt\/wp-json\/wp\/v2\/posts\/120015","targetHints":{"allow":["GET"]}}],"collection":[{"href":"https:\/\/www.europesays.com\/pt\/wp-json\/wp\/v2\/posts"}],"about":[{"href":"https:\/\/www.europesays.com\/pt\/wp-json\/wp\/v2\/types\/post"}],"author":[{"embeddable":true,"href":"https:\/\/www.europesays.com\/pt\/wp-json\/wp\/v2\/users\/2"}],"replies":[{"embeddable":true,"href":"https:\/\/www.europesays.com\/pt\/wp-json\/wp\/v2\/comments?post=120015"}],"version-history":[{"count":0,"href":"https:\/\/www.europesays.com\/pt\/wp-json\/wp\/v2\/posts\/120015\/revisions"}],"wp:featuredmedia":[{"embeddable":true,"href":"https:\/\/www.europesays.com\/pt\/wp-json\/wp\/v2\/media\/120016"}],"wp:attachment":[{"href":"https:\/\/www.europesays.com\/pt\/wp-json\/wp\/v2\/media?parent=120015"}],"wp:term":[{"taxonomy":"category","embeddable":true,"href":"https:\/\/www.europesays.com\/pt\/wp-json\/wp\/v2\/categories?post=120015"},{"taxonomy":"post_tag","embeddable":true,"href":"https:\/\/www.europesays.com\/pt\/wp-json\/wp\/v2\/tags?post=120015"}],"curies":[{"name":"wp","href":"https:\/\/api.w.org\/{rel}","templated":true}]}}