{"id":120019,"date":"2025-10-21T09:09:15","date_gmt":"2025-10-21T09:09:15","guid":{"rendered":"https:\/\/www.europesays.com\/pt\/120019\/"},"modified":"2025-10-21T09:09:15","modified_gmt":"2025-10-21T09:09:15","slug":"cristianinho-na-lista-de-convocados-da-selecao-nacional-de-sub-16","status":"publish","type":"post","link":"https:\/\/www.europesays.com\/pt\/120019\/","title":{"rendered":"Cristianinho na lista de convocados da Sele\u00e7\u00e3o Nacional de sub-16"},"content":{"rendered":"<p>A Sele\u00e7\u00e3o Nacional de sub-16 vai participar na Ta\u00e7a das Federa\u00e7\u00f5es, certame para o qual Filipe Ramos convocou 22 jogadores.<\/p>\n<p>O <a target=\"_blank\" class=\"editor-link autolink-enabled\" href=\"https:\/\/www.abola.pt\/futebol\/sporting-448\" data-resource-id=\"448\" data-resource-type=\"team\" data-sport=\"football\" rel=\"nofollow noopener\">Sporting<\/a>, com sete atletas da forma\u00e7\u00e3o chamados \u00e0 equipa das Quinas, \u00e9 o clube mais representado, seguido de <a target=\"_blank\" class=\"editor-link autolink-enabled\" href=\"https:\/\/www.abola.pt\/futebol\/benfica-450\" data-resource-id=\"450\" data-resource-type=\"team\" data-sport=\"football\" rel=\"nofollow noopener\">Benfica<\/a> (cinco) e <a target=\"_blank\" class=\"editor-link autolink-enabled\" href=\"https:\/\/www.abola.pt\/futebol\/fc-porto-451\" data-resource-id=\"451\" data-resource-type=\"team\" data-sport=\"football\" rel=\"nofollow noopener\">FC Porto<\/a> (quatro). Nota para a chamada de Cristianinho (<a target=\"_blank\" class=\"editor-link autolink-enabled\" href=\"https:\/\/www.abola.pt\/futebol\/al-nassr-1681\" data-resource-id=\"1681\" data-resource-type=\"team\" data-sport=\"football\" rel=\"nofollow noopener\">Al Nassr<\/a>), filho do capit\u00e3o da principal Sele\u00e7\u00e3o Nacional.<\/p>\n<p>O jovem de 15 anos, que atua preferencialmente pela ala esquerda do ataque, j\u00e1 soma quatro internacionaliza\u00e7\u00f5es pelo escal\u00e3o de sub-15. No Torneio de Desenvolvimento que se disputou na Cro\u00e1cia, em maio, bisou na final, diante do pa\u00eds anfitri\u00e3o, assumindo papel decisivo na conquista da prova.<\/p>\n<p>Nesta competi\u00e7\u00e3o, que vai decorrer entre 30 de outubro e 4 de novembro, em Antalya, Portugal vai defrontar Turquia (30 de outubro), Pa\u00eds de Gales (1 de novembro) e Inglaterra (4 de novembro).\u00a0<\/p>\n<p style=\"text-align: start\">Todos os jogos s\u00e3o disputados no\u00a0Emirhan Sports Centre. A concentra\u00e7\u00e3o da Sele\u00e7\u00e3o est\u00e1 marcada para 27 de outubro, na Cidade do Futebol, com a comitiva a viajar no dia seguinte para a Turquia.<\/p>\n","protected":false},"excerpt":{"rendered":"A Sele\u00e7\u00e3o Nacional de sub-16 vai participar na Ta\u00e7a das Federa\u00e7\u00f5es, certame para o qual Filipe Ramos convocou&hellip;\n","protected":false},"author":2,"featured_media":120020,"comment_status":"","ping_status":"","sticky":false,"template":"","format":"standard","meta":{"footnotes":""},"categories":[8],"tags":[27,28,15,16,14,25,26,21,22,12,13,19,20,32,23,24,33,17,18,29,30,31],"class_list":{"0":"post-120019","1":"post","2":"type-post","3":"status-publish","4":"format-standard","5":"has-post-thumbnail","7":"category-principais-noticias","8":"tag-breaking-news","9":"tag-breakingnews","10":"tag-featured-news","11":"tag-featurednews","12":"tag-headlines","13":"tag-latest-news","14":"tag-latestnews","15":"tag-main-news","16":"tag-mainnews","17":"tag-news","18":"tag-noticias","19":"tag-noticias-principais","20":"tag-noticiasprincipais","21":"tag-portugal","22":"tag-principais-noticias","23":"tag-principaisnoticias","24":"tag-pt","25":"tag-top-stories","26":"tag-topstories","27":"tag-ultimas","28":"tag-ultimas-noticias","29":"tag-ultimasnoticias"},"share_on_mastodon":{"url":"https:\/\/pubeurope.com\/@pt\/115411377508938442","error":""},"_links":{"self":[{"href":"https:\/\/www.europesays.com\/pt\/wp-json\/wp\/v2\/posts\/120019","targetHints":{"allow":["GET"]}}],"collection":[{"href":"https:\/\/www.europesays.com\/pt\/wp-json\/wp\/v2\/posts"}],"about":[{"href":"https:\/\/www.europesays.com\/pt\/wp-json\/wp\/v2\/types\/post"}],"author":[{"embeddable":true,"href":"https:\/\/www.europesays.com\/pt\/wp-json\/wp\/v2\/users\/2"}],"replies":[{"embeddable":true,"href":"https:\/\/www.europesays.com\/pt\/wp-json\/wp\/v2\/comments?post=120019"}],"version-history":[{"count":0,"href":"https:\/\/www.europesays.com\/pt\/wp-json\/wp\/v2\/posts\/120019\/revisions"}],"wp:featuredmedia":[{"embeddable":true,"href":"https:\/\/www.europesays.com\/pt\/wp-json\/wp\/v2\/media\/120020"}],"wp:attachment":[{"href":"https:\/\/www.europesays.com\/pt\/wp-json\/wp\/v2\/media?parent=120019"}],"wp:term":[{"taxonomy":"category","embeddable":true,"href":"https:\/\/www.europesays.com\/pt\/wp-json\/wp\/v2\/categories?post=120019"},{"taxonomy":"post_tag","embeddable":true,"href":"https:\/\/www.europesays.com\/pt\/wp-json\/wp\/v2\/tags?post=120019"}],"curies":[{"name":"wp","href":"https:\/\/api.w.org\/{rel}","templated":true}]}}