{"id":120027,"date":"2025-10-21T09:20:09","date_gmt":"2025-10-21T09:20:09","guid":{"rendered":"https:\/\/www.europesays.com\/pt\/120027\/"},"modified":"2025-10-21T09:20:09","modified_gmt":"2025-10-21T09:20:09","slug":"jose-mourinho-revela-data-do-regresso-de-manu-silva","status":"publish","type":"post","link":"https:\/\/www.europesays.com\/pt\/120027\/","title":{"rendered":"Jos\u00e9 Mourinho revela data do regresso de Manu Silva"},"content":{"rendered":"<p><strong>Jos\u00e9 Mourinho chegou ao Benfica a 18 de setembro. Desde ent\u00e3o soma tr\u00eas vit\u00f3rias, dois empates e uma derrota. Na antevis\u00e3o ao jogo com o <a href=\"https:\/\/maisfutebol.iol.pt\/jogo\/newcastle-united\/benfica\/13830191\" target=\"_blank\" rel=\"nofollow noopener\">Newcastle United, da Liga dos Campe\u00f5es, marcado para esta ter\u00e7a-feira (20h)<\/a>, o treinador dos encarnados \u00abinvejou\u00bb o hom\u00f3logo, Eddie Howe, por estar no cargo h\u00e1 \u00abtr\u00eas\/quatro\u00bb anos e ter jogadores \u00e0 sua imagem. No seguimento, Mourinho revelou tamb\u00e9m a data de regresso de Manu Silva<\/strong><\/p>\n<p> Um balan\u00e7o do primeiro m\u00eas no Benfica <\/p>\n<p>\u00ab\u00c9 a terceira vez em que agarro numa equipa com o campeonato em andamento: Benfica na primeira vez, Tottenham e agora o Benfica. N\u00e3o posso dizer que tenha muita experi\u00eancia nisso, mas essas pequenas experi\u00eancias d\u00e3o-me a no\u00e7\u00e3o que \u00e9 muito mais dif\u00edcil do que come\u00e7ar uma \u00e9poca e ter tempo para discutir coisas. Como tenho dito, o Eddie tem tido esse privil\u00e9gio por estar aqui h\u00e1 tr\u00eas\/quatro anos. Todos os jogadores s\u00e3o perfil Eddie. Quando se entra a meio da \u00e9poca n\u00e3o se pode estar frustrado. Cheguei com o comboio em andamento e tenho de tentar adaptar-me, sem sentir nenhum tipo de frustra\u00e7\u00e3o.\u00bb<\/p>\n<p> O regresso de Manu Silva <\/p>\n<p>\u00abPenso que na pr\u00f3xima semana estar\u00e1 a treinar connosco num modo global. J\u00e1 faz algumas coisas connosco, como viram no treino de hoje (segunda-feira), mas com muito controlo. Pensamos que na pr\u00f3xima semana j\u00e1 pode come\u00e7ar a integrar o trabalho normal com a equipa. Se estamos no final de outubro, quase que me arriscaria a dizer que no final de novembro j\u00e1 ter\u00e1 condi\u00e7\u00f5es para poder jogar.\u00bb<\/p>\n","protected":false},"excerpt":{"rendered":"Jos\u00e9 Mourinho chegou ao Benfica a 18 de setembro. Desde ent\u00e3o soma tr\u00eas vit\u00f3rias, dois empates e uma&hellip;\n","protected":false},"author":2,"featured_media":84760,"comment_status":"","ping_status":"","sticky":false,"template":"","format":"standard","meta":{"footnotes":""},"categories":[87],"tags":[51,135,25705,1385,7706,46,25103,22640,32,33,47,134],"class_list":{"0":"post-120027","1":"post","2":"type-post","3":"status-publish","4":"format-standard","5":"has-post-thumbnail","7":"category-desporto","8":"tag-benfica","9":"tag-desporto","10":"tag-eddie-howe","11":"tag-jose-mourinho","12":"tag-liga-campeoes","13":"tag-maisfutebol","14":"tag-manu-silva","15":"tag-newcastle-united","16":"tag-portugal","17":"tag-pt","18":"tag-pura-paixao","19":"tag-sports"},"share_on_mastodon":{"url":"https:\/\/pubeurope.com\/@pt\/115411420847913250","error":""},"_links":{"self":[{"href":"https:\/\/www.europesays.com\/pt\/wp-json\/wp\/v2\/posts\/120027","targetHints":{"allow":["GET"]}}],"collection":[{"href":"https:\/\/www.europesays.com\/pt\/wp-json\/wp\/v2\/posts"}],"about":[{"href":"https:\/\/www.europesays.com\/pt\/wp-json\/wp\/v2\/types\/post"}],"author":[{"embeddable":true,"href":"https:\/\/www.europesays.com\/pt\/wp-json\/wp\/v2\/users\/2"}],"replies":[{"embeddable":true,"href":"https:\/\/www.europesays.com\/pt\/wp-json\/wp\/v2\/comments?post=120027"}],"version-history":[{"count":0,"href":"https:\/\/www.europesays.com\/pt\/wp-json\/wp\/v2\/posts\/120027\/revisions"}],"wp:featuredmedia":[{"embeddable":true,"href":"https:\/\/www.europesays.com\/pt\/wp-json\/wp\/v2\/media\/84760"}],"wp:attachment":[{"href":"https:\/\/www.europesays.com\/pt\/wp-json\/wp\/v2\/media?parent=120027"}],"wp:term":[{"taxonomy":"category","embeddable":true,"href":"https:\/\/www.europesays.com\/pt\/wp-json\/wp\/v2\/categories?post=120027"},{"taxonomy":"post_tag","embeddable":true,"href":"https:\/\/www.europesays.com\/pt\/wp-json\/wp\/v2\/tags?post=120027"}],"curies":[{"name":"wp","href":"https:\/\/api.w.org\/{rel}","templated":true}]}}