{"id":120036,"date":"2025-10-21T09:28:15","date_gmt":"2025-10-21T09:28:15","guid":{"rendered":"https:\/\/www.europesays.com\/pt\/120036\/"},"modified":"2025-10-21T09:28:15","modified_gmt":"2025-10-21T09:28:15","slug":"a-que-nivel-chegou-record","status":"publish","type":"post","link":"https:\/\/www.europesays.com\/pt\/120036\/","title":{"rendered":"\u2018A que n\u00edvel chegou\u2019 \u2013 Record"},"content":{"rendered":"<p><img decoding=\"async\" data-chromatic=\"ignore\" alt=\"\" class=\"c-image\" loading=\"lazy\" src=\"https:\/\/www.europesays.com\/pt\/wp-content\/uploads\/2025\/10\/LTILJET625FTTBJAENXLHKPB6E.png\"  width=\"2116\" height=\"1153\"\/>Yon\u00e1 est\u00e1 com a pulga atr\u00e1s da orelha sobre a toalha de Dudu Reprodu\u00e7\u00e3o\/RecordPlus <\/p>\n<p class=\"jarvics:base-text-neutral-high-400 base-text-[calc(theme(fontSize.xs)_*_var(--font-size,_1))] base-font-normal base-font-primary base-text-neutral-low-500 base-text-left\">Um mist\u00e9rio ronda <a href=\"https:\/\/record.r7.com\/a-fazenda\/a-fazenda-17\/\" target=\"_self\" rel=\"nofollow noopener\" title=\"https:\/\/record.r7.com\/a-fazenda\/a-fazenda-17\/\"><b>A Fazenda 17<\/b><\/a> nesta segunda (20)! <a href=\"https:\/\/record.r7.com\/a-fazenda\/a-fazenda-17\/peoes\/yona-sousa\" target=\"_self\" title=\"Yon&#xE1; Sousa\" rel=\"nofollow noopener\"><b>Yon\u00e1 Sousa<\/b><\/a> viu uma roupa de <a href=\"https:\/\/record.r7.com\/a-fazenda\/a-fazenda-17\/peoes\/dudu-camargo\" target=\"_self\" title=\"Dudu Camargo\" rel=\"nofollow noopener\"><b>Dudu Camargo<\/b><\/a> dentro da privada na sede, e ficou inconformada com a situa\u00e7\u00e3o. A advogada acredita que algum pe\u00e3o jogou a pe\u00e7a dentro do vaso de prop\u00f3sito. Ser\u00e1?<\/p>\n<ul class=\"b-article-body__list-unordered\">\n<li><b>Quer ficar por dentro de tudo que est\u00e1 acontecendo em\u00a0<\/b><b>A Fazenda 17<\/b><b>?\u00a0<\/b><a href=\"https:\/\/www.whatsapp.com\/channel\/0029Va2cJIR1noz2ahzX0D1N\" target=\"_blank\" rel=\"noreferrer nofollow noopener\" title=\"https:\/\/www.whatsapp.com\/channel\/0029Va2cJIR1noz2ahzX0D1N\"><b>Clique aqui<\/b><\/a><b>\u00a0e fa\u00e7a parte do nosso canal no WhatsApp!<\/b><\/li>\n<\/ul>\n<p class=\"jarvics:base-text-neutral-high-400 base-text-[calc(theme(fontSize.xs)_*_var(--font-size,_1))] base-font-normal base-font-primary base-text-neutral-low-500 base-text-left\"><a href=\"https:\/\/record.r7.com\/a-fazenda\/a-fazenda-17\/peoes\/fabiano-moraes\" target=\"_self\" title=\"Fabiano Moraes\" rel=\"nofollow noopener\"><b>Fabiano Moraes<\/b><\/a><b> <\/b>contou para os amigos que avistou uma pe\u00e7a de Dudu na privada e contou para Yon\u00e1. Na cozinha da sede, a advogada desabafou: \u201cOntem n\u00e3o estava dentro da privada, n\u00e3o, estava dentro do banheiro. Agora jogar dentro da privada \u00e9 outra coisa. Tirasse, avisasse, chamasse ele para tirar. Jogar dentro da privada \u00e9 outra coisa!\u201d<\/p>\n<p class=\"jarvics:base-text-neutral-high-400 base-text-[calc(theme(fontSize.xs)_*_var(--font-size,_1))] base-font-normal base-font-primary base-text-neutral-low-500 base-text-left\"><a href=\"https:\/\/record.r7.com\/a-fazenda\/a-fazenda-17\/peoes\/rayane-figliuzzi\" target=\"_self\" title=\"Rayane Figliuzzi\" rel=\"nofollow noopener\"><b>Rayane Figliuzzi<\/b><\/a><b> <\/b>estava no local cozinhando, e falou que a roupa pode ter ca\u00eddo sozinha. Yon\u00e1 discordou: \u201cCaiu? Jogaram dentro! Enfiaram dentro! Cair \u00e9 uma coisa, ca\u00edsse no ch\u00e3o. A que n\u00edvel chegou? Jogaram minha toalha n\u00e3o sei aonde, a\u00ed disse que ia tacar fogo na minha roupa&#8230; Agora jogar roupa do cara dentro da privada. Quem fez isso, vamos botar a m\u00e3o na consci\u00eancia.\u201d<\/p>\n<p class=\"jarvics:base-text-neutral-high-400 base-text-[calc(theme(fontSize.xs)_*_var(--font-size,_1))] base-font-normal base-font-primary base-text-neutral-low-500 base-text-left\">Voc\u00ea acha que algum pe\u00e3o jogou sacaneou Dudu ou a roupa caiu sozinha? Por enquanto, o jornalista ainda n\u00e3o se pronunciou.<\/p>\n<p><b>Assista:<\/b><\/p>\n<p class=\"jarvics:base-text-neutral-high-400 base-text-[calc(theme(fontSize.xs)_*_var(--font-size,_1))] base-font-normal base-font-primary base-text-neutral-low-500 base-text-left\">Fique ligado! <a href=\"https:\/\/record.r7.com\/a-fazenda\/a-fazenda-17\/\" rel=\"nofollow noopener\" title=\"https:\/\/record.r7.com\/a-fazenda\/a-fazenda-17\/\" target=\"_blank\"><b>A Fazenda 17<\/b><\/a> vai ao ar de segunda a domingo, \u00e0s 22h30, na tela da <a href=\"https:\/\/record.r7.com\/\" rel=\"nofollow noopener\" target=\"_blank\"><b>RECORD<\/b><\/a>. Assine o <a href=\"https:\/\/www.recordplus.com\/home\" rel=\"nofollow noopener\" title=\"https:\/\/www.recordplus.com\/home\" target=\"_blank\"><b>RecordPlus<\/b><\/a> e tenha acesso \u00e0s c\u00e2meras 24 horas.<\/p>\n<p><b>Exposed de romance, guerra de cosm\u00e9ticos e mais! Confira o resum\u00e3o da semana de A Fazenda 17<\/b><\/p>\n<p class=\"jarvics:base-text-neutral-high-400 base-text-[calc(theme(fontSize.xxs)_*_var(--font-size,_1))] base-font-semibold base-font-primary base-text-neutral-low-500 base-text-left\">Uma nova semana ca\u00f3tica se passou em A Fazenda 17 e os pe\u00f5es provaram que conseguem se superar quando o assunto \u00e9 entregar entretenimento. Os \u00faltimos dias na sede foram cheios de reviravoltas, adrenalina, embates pesados e muita emo\u00e7\u00e3o; relembre!<\/p>\n<p class=\"jarvics:base-text-neutral-high-400 base-text-[calc(theme(fontSize.little)_*_var(--font-size,_1))] base-font-normal base-font-primary base-text-neutral-low-500 base-text-left\">Reprodu\u00e7\u00e3o\/RECORD<\/p>\n","protected":false},"excerpt":{"rendered":"Yon\u00e1 est\u00e1 com a pulga atr\u00e1s da orelha sobre a toalha de Dudu Reprodu\u00e7\u00e3o\/RecordPlus Um mist\u00e9rio ronda A&hellip;\n","protected":false},"author":2,"featured_media":120037,"comment_status":"","ping_status":"","sticky":false,"template":"","format":"standard","meta":{"footnotes":""},"categories":[145],"tags":[657,211,210,114,115,32,33],"class_list":{"0":"post-120036","1":"post","2":"type-post","3":"status-publish","4":"format-standard","5":"has-post-thumbnail","7":"category-celebridades","8":"tag-a-fazenda","9":"tag-celebridades","10":"tag-celebrities","11":"tag-entertainment","12":"tag-entretenimento","13":"tag-portugal","14":"tag-pt"},"share_on_mastodon":{"url":"https:\/\/pubeurope.com\/@pt\/115411452465294089","error":""},"_links":{"self":[{"href":"https:\/\/www.europesays.com\/pt\/wp-json\/wp\/v2\/posts\/120036","targetHints":{"allow":["GET"]}}],"collection":[{"href":"https:\/\/www.europesays.com\/pt\/wp-json\/wp\/v2\/posts"}],"about":[{"href":"https:\/\/www.europesays.com\/pt\/wp-json\/wp\/v2\/types\/post"}],"author":[{"embeddable":true,"href":"https:\/\/www.europesays.com\/pt\/wp-json\/wp\/v2\/users\/2"}],"replies":[{"embeddable":true,"href":"https:\/\/www.europesays.com\/pt\/wp-json\/wp\/v2\/comments?post=120036"}],"version-history":[{"count":0,"href":"https:\/\/www.europesays.com\/pt\/wp-json\/wp\/v2\/posts\/120036\/revisions"}],"wp:featuredmedia":[{"embeddable":true,"href":"https:\/\/www.europesays.com\/pt\/wp-json\/wp\/v2\/media\/120037"}],"wp:attachment":[{"href":"https:\/\/www.europesays.com\/pt\/wp-json\/wp\/v2\/media?parent=120036"}],"wp:term":[{"taxonomy":"category","embeddable":true,"href":"https:\/\/www.europesays.com\/pt\/wp-json\/wp\/v2\/categories?post=120036"},{"taxonomy":"post_tag","embeddable":true,"href":"https:\/\/www.europesays.com\/pt\/wp-json\/wp\/v2\/tags?post=120036"}],"curies":[{"name":"wp","href":"https:\/\/api.w.org\/{rel}","templated":true}]}}