{"id":120038,"date":"2025-10-21T09:29:07","date_gmt":"2025-10-21T09:29:07","guid":{"rendered":"https:\/\/www.europesays.com\/pt\/120038\/"},"modified":"2025-10-21T09:29:07","modified_gmt":"2025-10-21T09:29:07","slug":"vieira-da-silva-em-bilbau-pintora-portuguesa-em-exposicao-no-guggenheim-rtp","status":"publish","type":"post","link":"https:\/\/www.europesays.com\/pt\/120038\/","title":{"rendered":"Vieira da Silva em Bilbau. Pintora portuguesa em exposi\u00e7\u00e3o no Guggenheim &#8211; RTP"},"content":{"rendered":"<ol>\n<li><a href=\"https:\/\/news.google.com\/rss\/articles\/CBMitwFBVV95cUxQaVU1TklQZVVQeHNITDlxM3NFdGpVb3ExbTRVZkZlY0pTNEZ2YkVjY3lyaEk5YVJ3Mks0TWRUYm5ZUl9zbThCZ1BnOHp0RE1GbGQ4NFBta2d0QlZrQkpBMTkyeWhoNHBxRUJ3UGtrcVNCYVNsNm9FR0hpTzAxRUNhT1F2VEJTbnp3ZUt3b25LN2w2VkZfWWZ6MFZZUzQxeUhVdGhpanpYY1JjaE5JZUVwWldPaFdGMW8?oc=5\" target=\"_blank\" rel=\"nofollow noopener\">Vieira da Silva em Bilbau. Pintora portuguesa em exposi\u00e7\u00e3o no Guggenheim<\/a>&nbsp;&nbsp;RTP<\/li>\n<li><a href=\"https:\/\/news.google.com\/rss\/articles\/CBMiywFBVV95cUxOemhMekl0dW80U3lLb3FzRS1qZGFPYTZXN0x0VHNhRHc3UlB2TnA3c01ad1Itc2hURDZxYUdSSXpzVTFOaC1JWVE3LTFlMHJ1SVo4bm93RFJMREpXcG5wbUJrUWZjazItcjBrRzZmb1R1Sm04a0JsbE9MdVBnNDJVRkw5R2k2QWxZdzViRjBCX3JxcGdJaHdIYUdpVkVMa051U0hHUnR4Y2ZOR3VrTDAwX0cydnQydDVaeGI4aXZRRzNQU3hFWmJZOVVwa9IB0AFBVV95cUxOSDBMdlIzdjl1YlRvdnRuUy1pRm0yVDRRU18tUGxfREZPSkU3aWxRM2NxbUJwQ3k5TVliS2dKYWtXNFVrcEpmODJwVVh6VG5BcndCYXloOEhJQVd1WkFwelBtanNuYWt1MFZtempRdVp3bEpSX1puUERsemNHaEZKSmpUblpiQm45REtRc2pkWlk0RTUtbHBRYTVCR3Y3YUJxdFFlNTlQUjQ3NGVqaU1TaGdOTDVhWjN5aUljS2drTGJERWxCNW9pT1EzQTl1SDAt?oc=5\" target=\"_blank\" rel=\"nofollow noopener\">Acidente com Elevador da Gl\u00f3ria foi causado por falta de manuten\u00e7\u00e3o, diz relat\u00f3rio<\/a>&nbsp;&nbsp;Folha de S.Paulo<\/li>\n<li><a href=\"https:\/\/news.google.com\/rss\/articles\/CBMiYkFVX3lxTFA5czl5SC1MNjRZbkFOT2xEREtZYy1NMnhBMnZ3b0pZNEdBdTFablRxampZQWd0SkdKbGZpQTh6ZWw4c0tIazVkbm1IMC1lVW1IZWU4MzNQdm45MHRrWXNHLVF3?oc=5\" target=\"_blank\" rel=\"nofollow noopener\">Elevador da Gl\u00f3ria: o que diz relat\u00f3rio preliminar sobre acidente com bondinho em Lisboa<\/a>&nbsp;&nbsp;BBC<\/li>\n<li><a href=\"https:\/\/news.google.com\/rss\/articles\/CBMiugFBVV95cUxPUGRfaVFjUXVNV0pQUS1DaEZhMDlOZ0thWXYyWGFlNEZUUmFaX3RsTkxfZDFtckNjQzBjOE5sMmxkRmxUeDlMU0hDd183TG85Zjl6SVhkTjJQQUtXTzBKY3ZOSnE2bWU1RTBVb2RJa3FCU0tLLVJHb0dCYTNYcUJOLU1rVDY3cnptblNyTXdibm80RDVPR1QySFlWdU1BWnRPZmxDcTl0LXFxYVhnWWt5bUNoTVpwLWZ2MXfSAcgBQVVfeXFMTldRNW5WWTAteUlWNmwtblpFRTZTYmloSFdTeU5xVnBNMmE3a3B6b1hLb1ZQVzFqcGlQNWNDVmR3ZVVNakxTYXYyQU51ckZ6dnFZM004LVBuUHd1ZXNRazEzZ05TTkpVWm5rZzNYaUlQS1puc1dwMVI5bEp5TEJKRHcxNHM5V1NQcWhEMThEN1FZNmtyVzZ1a1U3TFNheTBiNDBMTl9QN0NZVmgzaWFCUkhUMzdmbDUtczl3VG83VnF4OTQ1alZqTFQ?oc=5\" target=\"_blank\" rel=\"nofollow noopener\">Acidente com bondinho em Lisboa foi causado por rompimento de cabo: &#8216;N\u00e3o atendia especifica\u00e7\u00f5es&#8217;<\/a>&nbsp;&nbsp;O Globo<\/li>\n<li><a href=\"https:\/\/news.google.com\/rss\/articles\/CBMiwwFBVV95cUxOUVZlLXM5bmJPWXZoZmU5dWdqMFFOTHM4ckdLbHg3dUN6NHZYS2JNUDRwMmZzekhaMFZNV0U2cHA1aGE1NUs0NVVKSWFtLTdYTGZFb2ZNTzlMclBSY1Iyc3ZERlgxaHd0NG4tLXFTbUJCNEJFTS1kR2FHUGNheFlwYlVJd1JTQjdibmYtR1BZTm9NbllGd25zdjNXZVZfaUtncnFRWERPUDJNdDJQZ3lWeVF6b3BEQ3VqejZUcWFWa2trQ1k?oc=5\" target=\"_blank\" rel=\"nofollow noopener\">Cabo instalado no Elevador da Gl\u00f3ria &#8220;n\u00e3o estava certificado&#8221;<\/a>&nbsp;&nbsp;Euronews.com<\/li>\n<\/ol>\n","protected":false},"excerpt":{"rendered":"Vieira da Silva em Bilbau. Pintora portuguesa em exposi\u00e7\u00e3o no Guggenheim&nbsp;&nbsp;RTP Acidente com Elevador da Gl\u00f3ria foi causado&hellip;\n","protected":false},"author":2,"featured_media":120039,"comment_status":"","ping_status":"","sticky":false,"template":"","format":"standard","meta":{"footnotes":""},"categories":[144],"tags":[207,205,206,203,201,202,204,114,115,13,32,33,420,421],"class_list":{"0":"post-120038","1":"post","2":"type-post","3":"status-publish","4":"format-standard","5":"has-post-thumbnail","7":"category-arte-e-design","8":"tag-arte","9":"tag-arte-e-design","10":"tag-artedesign","11":"tag-arts","12":"tag-arts-and-design","13":"tag-artsanddesign","14":"tag-design","15":"tag-entertainment","16":"tag-entretenimento","17":"tag-noticias","18":"tag-portugal","19":"tag-pt","20":"tag-rtp","21":"tag-rtp-noticias"},"share_on_mastodon":{"url":"https:\/\/pubeurope.com\/@pt\/115411456363964941","error":""},"_links":{"self":[{"href":"https:\/\/www.europesays.com\/pt\/wp-json\/wp\/v2\/posts\/120038","targetHints":{"allow":["GET"]}}],"collection":[{"href":"https:\/\/www.europesays.com\/pt\/wp-json\/wp\/v2\/posts"}],"about":[{"href":"https:\/\/www.europesays.com\/pt\/wp-json\/wp\/v2\/types\/post"}],"author":[{"embeddable":true,"href":"https:\/\/www.europesays.com\/pt\/wp-json\/wp\/v2\/users\/2"}],"replies":[{"embeddable":true,"href":"https:\/\/www.europesays.com\/pt\/wp-json\/wp\/v2\/comments?post=120038"}],"version-history":[{"count":0,"href":"https:\/\/www.europesays.com\/pt\/wp-json\/wp\/v2\/posts\/120038\/revisions"}],"wp:featuredmedia":[{"embeddable":true,"href":"https:\/\/www.europesays.com\/pt\/wp-json\/wp\/v2\/media\/120039"}],"wp:attachment":[{"href":"https:\/\/www.europesays.com\/pt\/wp-json\/wp\/v2\/media?parent=120038"}],"wp:term":[{"taxonomy":"category","embeddable":true,"href":"https:\/\/www.europesays.com\/pt\/wp-json\/wp\/v2\/categories?post=120038"},{"taxonomy":"post_tag","embeddable":true,"href":"https:\/\/www.europesays.com\/pt\/wp-json\/wp\/v2\/tags?post=120038"}],"curies":[{"name":"wp","href":"https:\/\/api.w.org\/{rel}","templated":true}]}}