{"id":120050,"date":"2025-10-21T09:40:10","date_gmt":"2025-10-21T09:40:10","guid":{"rendered":"https:\/\/www.europesays.com\/pt\/120050\/"},"modified":"2025-10-21T09:40:10","modified_gmt":"2025-10-21T09:40:10","slug":"vital-moreira-considera-que-marcelo-ultrapassou-limites-constitucionais","status":"publish","type":"post","link":"https:\/\/www.europesays.com\/pt\/120050\/","title":{"rendered":"Vital Moreira considera que Marcelo ultrapassou limites constitucionais"},"content":{"rendered":"<p>          <img decoding=\"async\" itemprop=\"image\" class=\"img-fluid\"   src=\"https:\/\/www.europesays.com\/pt\/wp-content\/uploads\/2025\/10\/1761039609_422_bg_playeraudio_2.jpg\"\/><\/p>\n<p>Neste livro, <b>o constitucionalista tra\u00e7a um perfil da postura que um presidente deve ter durante o exerc\u00edcio do seu mandato e alerta tamb\u00e9m para poderes que o presidente n\u00e3o tem<\/b>.<br \/>\n          <img decoding=\"async\" itemprop=\"image\" class=\"img-fluid\"   src=\"https:\/\/www.europesays.com\/pt\/wp-content\/uploads\/2025\/10\/1761039609_409_bg_playeraudio_5.jpg\"\/><\/p>\n<p>O pref\u00e1cio do livro \u00e9 assinado por Ant\u00f3nio Costa.<br \/>\n          <img decoding=\"async\" itemprop=\"image\" class=\"img-fluid\"   src=\"https:\/\/www.europesays.com\/pt\/wp-content\/uploads\/2025\/10\/1761039610_408_bg_playeraudio_4.jpg\"\/><\/p>\n<p>Entre as v\u00e1rias reflex\u00f5es surgem tamb\u00e9m respostas para que servem as elei\u00e7\u00f5es presidenciais e qual \u00e9 o papel do presidente.<\/p>\n<p><b>&#13;<br \/>\nVital Moreira prop\u00f5e tamb\u00e9m uma revis\u00e3o constitucional que clarifique os poderes do presidente, para que permita mais estabilidade politica e governativa<\/b>.<\/p>\n<p>O livro do constitucionalista surge no contexto das elei\u00e7\u00f5es presidenciais de janeiro e \u00e9 lan\u00e7ado esta ter\u00e7a-feira, a partir das 18h30, na FNAC do Chiado, em Lisboa.&#13;<\/p>\n","protected":false},"excerpt":{"rendered":"Neste livro, o constitucionalista tra\u00e7a um perfil da postura que um presidente deve ter durante o exerc\u00edcio do&hellip;\n","protected":false},"author":2,"featured_media":120051,"comment_status":"","ping_status":"","sticky":false,"template":"","format":"standard","meta":{"footnotes":""},"categories":[10],"tags":[27,28,15,16,14,25,26,21,22,12,13,19,20,32,23,24,33,420,421,17,18,29,30,31],"class_list":{"0":"post-120050","1":"post","2":"type-post","3":"status-publish","4":"format-standard","5":"has-post-thumbnail","7":"category-portugal","8":"tag-breaking-news","9":"tag-breakingnews","10":"tag-featured-news","11":"tag-featurednews","12":"tag-headlines","13":"tag-latest-news","14":"tag-latestnews","15":"tag-main-news","16":"tag-mainnews","17":"tag-news","18":"tag-noticias","19":"tag-noticias-principais","20":"tag-noticiasprincipais","21":"tag-portugal","22":"tag-principais-noticias","23":"tag-principaisnoticias","24":"tag-pt","25":"tag-rtp","26":"tag-rtp-noticias","27":"tag-top-stories","28":"tag-topstories","29":"tag-ultimas","30":"tag-ultimas-noticias","31":"tag-ultimasnoticias"},"share_on_mastodon":{"url":"https:\/\/pubeurope.com\/@pt\/115411499489710529","error":""},"_links":{"self":[{"href":"https:\/\/www.europesays.com\/pt\/wp-json\/wp\/v2\/posts\/120050","targetHints":{"allow":["GET"]}}],"collection":[{"href":"https:\/\/www.europesays.com\/pt\/wp-json\/wp\/v2\/posts"}],"about":[{"href":"https:\/\/www.europesays.com\/pt\/wp-json\/wp\/v2\/types\/post"}],"author":[{"embeddable":true,"href":"https:\/\/www.europesays.com\/pt\/wp-json\/wp\/v2\/users\/2"}],"replies":[{"embeddable":true,"href":"https:\/\/www.europesays.com\/pt\/wp-json\/wp\/v2\/comments?post=120050"}],"version-history":[{"count":0,"href":"https:\/\/www.europesays.com\/pt\/wp-json\/wp\/v2\/posts\/120050\/revisions"}],"wp:featuredmedia":[{"embeddable":true,"href":"https:\/\/www.europesays.com\/pt\/wp-json\/wp\/v2\/media\/120051"}],"wp:attachment":[{"href":"https:\/\/www.europesays.com\/pt\/wp-json\/wp\/v2\/media?parent=120050"}],"wp:term":[{"taxonomy":"category","embeddable":true,"href":"https:\/\/www.europesays.com\/pt\/wp-json\/wp\/v2\/categories?post=120050"},{"taxonomy":"post_tag","embeddable":true,"href":"https:\/\/www.europesays.com\/pt\/wp-json\/wp\/v2\/tags?post=120050"}],"curies":[{"name":"wp","href":"https:\/\/api.w.org\/{rel}","templated":true}]}}