{"id":120054,"date":"2025-10-21T09:42:13","date_gmt":"2025-10-21T09:42:13","guid":{"rendered":"https:\/\/www.europesays.com\/pt\/120054\/"},"modified":"2025-10-21T09:42:13","modified_gmt":"2025-10-21T09:42:13","slug":"patricia-poeta-celebra-aniversario-em-hospital-ao-lado-do-filho","status":"publish","type":"post","link":"https:\/\/www.europesays.com\/pt\/120054\/","title":{"rendered":"Patr\u00edcia Poeta celebra anivers\u00e1rio em hospital ao lado do filho"},"content":{"rendered":"<p>\n                        Felipe Poeta \u00e9 filho da apresentadora com Amauri Soares\n                    <\/p>\n<p class=\"text\"><b>Patr\u00edcia Poeta<\/b> comemorou seu anivers\u00e1rio de 49 anos no domingo, 19, e foi surpreendida pelo filho, <b>Felipe Poeta<\/b>. O filho da apresentadora est\u00e1 internado e tratando um problema de sa\u00fade h\u00e1 cerca de dois meses.<\/p>\n<p><img loading=\"lazy\" decoding=\"async\" alt=\"Patr\u00edcia Poeta celebrou seu anivers\u00e1rio de 49 anos ao lado do filho Felipe Poeta, que est\u00e1 internado.\" class=\"img-2619e52d1f16d3213ce997ab5bacfc83j9x5cvaz\" height=\"788\" src=\"https:\/\/www.europesays.com\/pt\/wp-content\/uploads\/2025\/10\/86931132-xtf2pxe7crcptbmnvnekjnau4m.jpeg\"  title=\"Patr\u00edcia Poeta celebrou seu anivers\u00e1rio de 49 anos ao lado do filho Felipe Poeta, que est\u00e1 internado.\" width=\"774\"\/><\/p>\n<p>Patr\u00edcia Poeta celebrou seu anivers\u00e1rio de 49 anos ao lado do filho Felipe Poeta, que est\u00e1 internado.<\/p>\n<p>Foto: @poetanobeat via Instagram \/ Estad\u00e3o<\/p>\n<p class=\"text\">Nas redes sociais, o DJ publicou uma homenagem \u00e0 m\u00e3e, cantando Parab\u00e9ns a Voc\u00ea, enquanto a apresentadora recebe uma torta.<\/p>\n<p class=\"text\">&#8220;Te amo, m\u00e3e. Detalhe para a import\u00e2ncia do 4.9 e n\u00e3o 5.0?, escreveu.<\/p>\n<p class=\"text\">Felipe Poeta tem 23 anos de idade \u00e9 fruto do antigo relacionamento da apresentadora com o jornalista <b>Amauri Soares<\/b>, diretor-geral dos Est\u00fadios Globo.<\/p>\n<p class=\"text\">Na sexta-feira, 17, ela se emocionou no Encontro ao falar do estado de sa\u00fade do filho. &#8220;Esse momento da minha vida, em termos pessoais, est\u00e1 sendo um dos mais dif\u00edceis. H\u00e1 dois meses, meu filho est\u00e1 se tratando&#8221;, disse.<\/p>\n<blockquote class=\"instagram-media\" data-instgrm-captioned=\"\" data-instgrm-permalink=\"https:\/\/www.instagram.com\/reel\/DP6ooPpDkoY\/?utm_source=ig_embed&amp;utm_campaign=loading\" data-instgrm-version=\"14\" style=\" background:#FFF; border:0; border-radius:3px; box-shadow:0 0 1px 0 rgba(0,0,0,0.5),0 1px 10px 0 rgba(0,0,0,0.15); margin: 1px; max-width:658px; min-width:326px; padding:0; width:99.375%; width:-webkit-calc(100% - 2px); width:calc(100% - 2px);\"><p>\n<a href=\"https:\/\/www.instagram.com\/reel\/DP6ooPpDkoY\/?utm_source=ig_embed&amp;utm_campaign=loading\" style=\" background:#FFFFFF; line-height:0; padding:0 0; text-align:center; text-decoration:none; width:100%;\" target=\"_blank\" rel=\"nofollow noopener\"><\/p>\n<p>      View this post on Instagram <\/p>\n<p><\/a><\/p>\n<p class=\"text\" style=\" color:#c9c8cd; font-family:Arial,sans-serif; font-size:14px; line-height:17px; margin-bottom:0; margin-top:8px; overflow:hidden; padding:8px 0 7px; text-align:center; text-overflow:ellipsis; white-space:nowrap;\"><a href=\"https:\/\/www.instagram.com\/reel\/DP6ooPpDkoY\/?utm_source=ig_embed&amp;utm_campaign=loading\" style=\" color:#c9c8cd; font-family:Arial,sans-serif; font-size:14px; font-style:normal; font-weight:normal; line-height:17px; text-decoration:none;\" target=\"_blank\" rel=\"nofollow noopener\">A post shared by @ehpraacabar<\/a><\/p>\n<\/blockquote>\n<p>                            <script async src=\"\/\/www.instagram.com\/embed.js\"><\/script><\/p>\n","protected":false},"excerpt":{"rendered":"Felipe Poeta \u00e9 filho da apresentadora com Amauri Soares Patr\u00edcia Poeta comemorou seu anivers\u00e1rio de 49 anos no&hellip;\n","protected":false},"author":2,"featured_media":120055,"comment_status":"","ping_status":"","sticky":false,"template":"","format":"standard","meta":{"footnotes":""},"categories":[145],"tags":[211,210,114,115,10994,32,33],"class_list":{"0":"post-120054","1":"post","2":"type-post","3":"status-publish","4":"format-standard","5":"has-post-thumbnail","7":"category-celebridades","8":"tag-celebridades","9":"tag-celebrities","10":"tag-entertainment","11":"tag-entretenimento","12":"tag-patricia-poeta","13":"tag-portugal","14":"tag-pt"},"share_on_mastodon":{"url":"https:\/\/pubeurope.com\/@pt\/115411507342580939","error":""},"_links":{"self":[{"href":"https:\/\/www.europesays.com\/pt\/wp-json\/wp\/v2\/posts\/120054","targetHints":{"allow":["GET"]}}],"collection":[{"href":"https:\/\/www.europesays.com\/pt\/wp-json\/wp\/v2\/posts"}],"about":[{"href":"https:\/\/www.europesays.com\/pt\/wp-json\/wp\/v2\/types\/post"}],"author":[{"embeddable":true,"href":"https:\/\/www.europesays.com\/pt\/wp-json\/wp\/v2\/users\/2"}],"replies":[{"embeddable":true,"href":"https:\/\/www.europesays.com\/pt\/wp-json\/wp\/v2\/comments?post=120054"}],"version-history":[{"count":0,"href":"https:\/\/www.europesays.com\/pt\/wp-json\/wp\/v2\/posts\/120054\/revisions"}],"wp:featuredmedia":[{"embeddable":true,"href":"https:\/\/www.europesays.com\/pt\/wp-json\/wp\/v2\/media\/120055"}],"wp:attachment":[{"href":"https:\/\/www.europesays.com\/pt\/wp-json\/wp\/v2\/media?parent=120054"}],"wp:term":[{"taxonomy":"category","embeddable":true,"href":"https:\/\/www.europesays.com\/pt\/wp-json\/wp\/v2\/categories?post=120054"},{"taxonomy":"post_tag","embeddable":true,"href":"https:\/\/www.europesays.com\/pt\/wp-json\/wp\/v2\/tags?post=120054"}],"curies":[{"name":"wp","href":"https:\/\/api.w.org\/{rel}","templated":true}]}}