{"id":120056,"date":"2025-10-21T09:43:09","date_gmt":"2025-10-21T09:43:09","guid":{"rendered":"https:\/\/www.europesays.com\/pt\/120056\/"},"modified":"2025-10-21T09:43:09","modified_gmt":"2025-10-21T09:43:09","slug":"um-novo-olhar-sobre-vieira-da-silva-no-guggenheim-de-bilbau-diario-de-noticias","status":"publish","type":"post","link":"https:\/\/www.europesays.com\/pt\/120056\/","title":{"rendered":"Um novo olhar sobre Vieira da Silva no Guggenheim de Bilbau &#8211; Di\u00e1rio de Not\u00edcias"},"content":{"rendered":"<ol>\n<li><a href=\"https:\/\/news.google.com\/rss\/articles\/CBMijgFBVV95cUxPbHA4U1Z5NEZkbXRFRk5PQWFPRXlCbHJrLUl0TDdSWVZ6eDU2WnM1SUI3Q1FsLVZiV2Zsa1FrZk9iZXpGS1hVTElaQjFXaVp1MlR0dEZGclh5SUl4S2VGMmZBZ1ZyRVB2dnhZYjlWUVphZmZnUEFIdW54NHhyVm9ybXRsOWlmcWVrSWtFajF3?oc=5\" target=\"_blank\" rel=\"nofollow noopener\">Um novo olhar sobre Vieira da Silva no Guggenheim de Bilbau<\/a>&nbsp;&nbsp;Di\u00e1rio de Not\u00edcias<\/li>\n<li><a href=\"https:\/\/news.google.com\/rss\/articles\/CBMiigFBVV95cUxNWGxUWnhkR2g0QWtjaWtHcVczdVpvQjl5MzdlNTExb1VvQU1WODkyN2xod1hjVTBvdU9LeHI4d3AweWdVRzJZN0Z2YUlhT0l2aVdLVUxuSldXNG5LUWE5bkdaVEVMbE9fdFV3SnlQMWFKWFBKYUs2N2ItNXRXN2VPVm9WUnFqTE5fZFE?oc=5\" target=\"_blank\" rel=\"nofollow noopener\">Vieira da Silva, mulher artista futurante<\/a>&nbsp;&nbsp;jornaleconomico.sapo.pt<\/li>\n<li><a href=\"https:\/\/news.google.com\/rss\/articles\/CBMiqwFBVV95cUxNb0xQcWYwZU96S0xyek1UUE1ndS0yVHhpSEFvU0NmOGxabjY0RUFsXzh6N3FmMVBQb0JheXdlTEZuTDM2NzROd0haakxoRWFNUjZ3NjVreUItQ084RGtKMXY5Ul9JMEt0aE9vaUc5cGdWbi01V2hQb3BobTFkZlpuZHFhS0FpV190aXhjQ3JSY3Vwdi12T1hOZUp6RU9zNkN1eFNleC01YnNpczQ?oc=5\" target=\"_blank\" rel=\"nofollow noopener\">Vieira da Silva: um tesouro nacional que se revela em Bilbau<\/a>&nbsp;&nbsp;Observador<\/li>\n<li><a href=\"https:\/\/news.google.com\/rss\/articles\/CBMisAFBVV95cUxNTVpobmxTVVYza25QSnNpX3VSaW5pM0NvTzZpeUxLWnJsVEo1aE9qNXB4WTlGS1VYZVJqTTVjcjc4SzVXdk9tckhZdUk2UmNrTVZ6UU1TNlRUZk1kS29LSVhXcWk5TFBTendrZnZxWlk1dHpWalZFN1VwMXpETnBLS296ZEJvN2FjSkVPNWxlcTNaOGZzQkFrQk50ZkRxY2E1UHBsVTVybzJZX0RrS09CbtIBtgFBVV95cUxPemZkYzdaa25qTUZ4aTAyR1FFMl9FSUFqNUFVMHd6TEo2dG0yc1BxNUtpNXJEM09uVHJCQlZ6WkV1TVk3eldncl9QVmdhV19QSU9RQVRWT2pvbGNHYjVlb3NUdWNYc3p4c2Rwa1Fvak44WkZITnZuZWtEd0JMVlhpSXpCT182T2pFQXNNeFBPbElKVERpQlJhVjZ5QS1YeW80bWlfbzRNQWZ5MWZQSi05dUwwSXpIUQ?oc=5\" target=\"_blank\" rel=\"nofollow noopener\">Guggenheim Bilbau apresenta \u201cAnatomia do Espa\u00e7o\u201d de Vieira da Silva<\/a>&nbsp;&nbsp;Renascen\u00e7a<\/li>\n<li><a href=\"https:\/\/news.google.com\/rss\/articles\/CBMiX0FVX3lxTE9TS3NvLW5MaUE0eW9HNmxmTkd5TWY1S21pMHdKVFRCQm1QY1pncGdQRF9qaDloeGpSVlJ2REl6OVRhNldLNVBKWGV2TUxUWTMycUhpQlJ5dU9oT2RZS2JZ?oc=5\" target=\"_blank\" rel=\"nofollow noopener\">funda\u00e7\u00e3o \u00c1rpad Szenes<\/a>&nbsp;&nbsp;Jornal SOL<\/li>\n<\/ol>\n","protected":false},"excerpt":{"rendered":"Um novo olhar sobre Vieira da Silva no Guggenheim de Bilbau&nbsp;&nbsp;Di\u00e1rio de Not\u00edcias Vieira da Silva, mulher artista&hellip;\n","protected":false},"author":2,"featured_media":120057,"comment_status":"","ping_status":"","sticky":false,"template":"","format":"standard","meta":{"footnotes":""},"categories":[144],"tags":[207,8771,205,206,559,203,201,202,204,306,114,115,18822,27906,32,33],"class_list":{"0":"post-120056","1":"post","2":"type-post","3":"status-publish","4":"format-standard","5":"has-post-thumbnail","7":"category-arte-e-design","8":"tag-arte","9":"tag-arte-contemporanea","10":"tag-arte-e-design","11":"tag-artedesign","12":"tag-artes-plasticas","13":"tag-arts","14":"tag-arts-and-design","15":"tag-artsanddesign","16":"tag-design","17":"tag-edicao-impressa","18":"tag-entertainment","19":"tag-entretenimento","20":"tag-maria-helena-vieira-da-silva","21":"tag-museu-guggenheim-de-bilbau","22":"tag-portugal","23":"tag-pt"},"share_on_mastodon":{"url":"https:\/\/pubeurope.com\/@pt\/115411511472419069","error":""},"_links":{"self":[{"href":"https:\/\/www.europesays.com\/pt\/wp-json\/wp\/v2\/posts\/120056","targetHints":{"allow":["GET"]}}],"collection":[{"href":"https:\/\/www.europesays.com\/pt\/wp-json\/wp\/v2\/posts"}],"about":[{"href":"https:\/\/www.europesays.com\/pt\/wp-json\/wp\/v2\/types\/post"}],"author":[{"embeddable":true,"href":"https:\/\/www.europesays.com\/pt\/wp-json\/wp\/v2\/users\/2"}],"replies":[{"embeddable":true,"href":"https:\/\/www.europesays.com\/pt\/wp-json\/wp\/v2\/comments?post=120056"}],"version-history":[{"count":0,"href":"https:\/\/www.europesays.com\/pt\/wp-json\/wp\/v2\/posts\/120056\/revisions"}],"wp:featuredmedia":[{"embeddable":true,"href":"https:\/\/www.europesays.com\/pt\/wp-json\/wp\/v2\/media\/120057"}],"wp:attachment":[{"href":"https:\/\/www.europesays.com\/pt\/wp-json\/wp\/v2\/media?parent=120056"}],"wp:term":[{"taxonomy":"category","embeddable":true,"href":"https:\/\/www.europesays.com\/pt\/wp-json\/wp\/v2\/categories?post=120056"},{"taxonomy":"post_tag","embeddable":true,"href":"https:\/\/www.europesays.com\/pt\/wp-json\/wp\/v2\/tags?post=120056"}],"curies":[{"name":"wp","href":"https:\/\/api.w.org\/{rel}","templated":true}]}}