{"id":120058,"date":"2025-10-21T09:44:10","date_gmt":"2025-10-21T09:44:10","guid":{"rendered":"https:\/\/www.europesays.com\/pt\/120058\/"},"modified":"2025-10-21T09:44:10","modified_gmt":"2025-10-21T09:44:10","slug":"nobel-da-paz-aos-15-anos-malala-fala-sobre-solidao-experiencia-com-drogas-e-o-desejo-de-ser-uma-jovem-comum-em-novo-livro","status":"publish","type":"post","link":"https:\/\/www.europesays.com\/pt\/120058\/","title":{"rendered":"Nobel da Paz aos 15 anos, Malala fala sobre solid\u00e3o, experi\u00eancia com drogas e o desejo de ser uma jovem comum em novo livro"},"content":{"rendered":"\n<p class=\" content-text__container theme-color-primary-first-letter\" data-track-category=\"Link no Texto\" data-track-links=\"\"> Onze anos depois de ganhar o Nobel da Paz e se tornar s\u00edmbolo da luta pela educa\u00e7\u00e3o feminina, <a class=\"\" href=\"https:\/\/oglobo.globo.com\/mundo\/conheca-malala-yousafzai-adolescente-que-levou-um-tiro-na-cabeca-do-taliba-porque-queria-ir-escola-14203022\" rel=\"nofollow noopener\" target=\"_blank\">Malala Yousafzai<\/a> revela um outro lado, mais humano e vulner\u00e1vel. Em \u201cNo meu caminho\u201d (Companhia das Letras), que chega hoje \u00e0s livrarias, a ativista paquistanesa abandona o tom institucional dos discursos e escreve sobre a vida longe<a class=\"\" href=\"https:\/\/oglobo.globo.com\/100-anos\/noticia\/2025\/07\/27\/homens-usam-religiao-como-desculpa-para-misoginia-disse-malala-yousafzai-em-2023.ghtml\" rel=\"nofollow noopener\" target=\"_blank\"> das confer\u00eancias diplom\u00e1ticas<\/a>. <\/p>\n<ul class=\"content-unordered-list\">\n<li><strong>Nobel de Literatura:<\/strong> <a class=\"\" href=\"https:\/\/oglobo.globo.com\/cultura\/noticia\/2025\/10\/09\/laszlo-krasznahorkai-vence-o-nobel-de-literatura-2025.ghtml\" rel=\"nofollow noopener\" target=\"_blank\">Autor de &#8216;S\u00e1t\u00e1ntang\u00f3&#8217;, h\u00fangaro L\u00e1szl\u00f3 Krasznahorkai vence o pr\u00eamio da Academia Sueca<\/a><\/li>\n<li><strong>Ubu Rei: <\/strong><a class=\"\" href=\"https:\/\/oglobo.globo.com\/cultura\/noticia\/2025\/09\/27\/satira-ao-autoritarismo-ubu-rei-volta-as-livrarias-e-renova-sua-atualidade-com-a-ascensao-de-populismo-extremista.ghtml\" rel=\"nofollow noopener\" target=\"_blank\">S\u00e1tira ao autoritarismo, pe\u00e7a volta \u00e0s livrarias e renova sua atualidade com a ascens\u00e3o de populismo extremista<\/a><\/li>\n<\/ul>\n<p class=\" content-text__container \" data-track-category=\"Link no Texto\" data-track-links=\"\"> Em 2012, aos 15 anos, Malala levou um tiro na cabe\u00e7a por defender o direito das meninas \u00e0 escola em seu pa\u00eds. Sobreviveu ao ataque, sofreu uma paralisia facial parcial e tornou-se um \u00edcone global. Ap\u00f3s mudar-se para o Reino Unido, ingressou na Universidade de Oxford e tentou levar uma vida normal, apesar das responsabilidades incomuns para uma jovem da sua idade. <\/p>\n<p class=\" content-text__container \" data-track-category=\"Link no Texto\" data-track-links=\"\"> Entre festas universit\u00e1rias, crises de ansiedade e aulas de escalada, ela narra seus aprendizados como universit\u00e1ria. Na jornada at\u00e9 se tornar a \u201cnova Malala\u201d, viveu conflitos com uma cultura estrangeira, inseguran\u00e7as com a apar\u00eancia e com as notas ruins, al\u00e9m de uma experi\u00eancia traum\u00e1tica com maconha. <\/p>\n<p class=\" content-text__container \" data-track-category=\"Link no Texto\" data-track-links=\"\"> Em passagens que lembram um romance young-adult de forma\u00e7\u00e3o, compartilha as desilus\u00f5es amorosas e as prefer\u00eancias por bad boys, que precederam a descoberta do grande amor, o atual marido Asser Malik. \u201cMeus homens dos sonhos tinham pele parda, eram rudes e peludos\u201d, escreve. \u201cMeus joelhos fraquejavam diante de uma barba escura e tufos de pelos escapando da camisa\u201d. <\/p>\n<p class=\" content-text__container \" data-track-category=\"Link no Texto\" data-track-links=\"\"> Em entrevista ao GLOBO por videoconfer\u00eancia, de Londres, Malala fala sobre a press\u00e3o de ser vista como infal\u00edvel, o bullying dos haters e a liberdade de finalmente poder errar e ser honesta consigo mesmo. <\/p>\n<p class=\" content-text__container \" data-track-category=\"Link no Texto\" data-track-links=\"\"> <strong>Seu novo livro \u00e9 profundamente pessoal. Por que compartilhar esse lado da sua vida agora?<\/strong> <\/p>\n<p class=\" content-text__container \" data-track-category=\"Link no Texto\" data-track-links=\"\"> Minha hist\u00f3ria \u00e9 p\u00fablica desde os meus 15 anos, quando sobrevivi ao ataque do Talib\u00e3. Mas muita coisa mudou desde ent\u00e3o. Eu era uma aluna solit\u00e1ria e me tornei uma universit\u00e1ria impulsiva. Tenho novas hist\u00f3rias, de amor, amizade, sa\u00fade mental e ativismo. \u00c9 a forma que encontrei de me reintroduzir no mundo. <\/p>\n<p class=\" content-text__container \" data-track-category=\"Link no Texto\" data-track-links=\"\"> <strong>O livro lhe ajudou a recuperar o controle de sua pr\u00f3pria narrativa?<\/strong> <\/p>\n<p class=\" content-text__container \" data-track-category=\"Link no Texto\" data-track-links=\"\"> Exato. Quando h\u00e1 tanta coisa sendo dita sobre voc\u00ea, \u00e9 importante contar a sua pr\u00f3pria vers\u00e3o. Fui totalmente verdadeira neste livro. Espero que as pessoas percebam que, no fim das contas, toda jovem do mundo vive experi\u00eancias parecidas. <\/p>\n<p class=\" content-text__container \" data-track-category=\"Link no Texto\" data-track-links=\"\"> <strong>O que a vida universit\u00e1ria lhe ensinou sobre identidade e pertencimento?<\/strong> <\/p>\n<p class=\" content-text__container \" data-track-category=\"Link no Texto\" data-track-links=\"\"> Na universidade, eu estava tentando resgatar aquela vers\u00e3o mais jovem de mim mesma, que perdeu a inf\u00e2ncia. Eu me tornei ativista t\u00e3o jovem que, durante toda a adolesc\u00eancia, nunca senti que vivia como uma adolescente. Eu vivia como uma diplomata, como uma mulher de Estado de 50 anos. E sempre que eu me via numa sala de aula com meninas da minha idade, eu n\u00e3o me sentia presente. Tinha me tornado uma pessoa quieta, sem amigos. Achava que ningu\u00e9m poderia entender o meu trabalho e que eu n\u00e3o era \u201cdescolada\u201d o suficiente para compreender as g\u00edrias e conversas do dia a dia delas. <\/p>\n<p class=\" content-text__container \" data-track-category=\"Link no Texto\" data-track-links=\"\"> Percebi que, na faculdade, eu poderia experimentar a vida de outro jeito. Meus pais n\u00e3o estavam comigo, eu estava afastada do trabalho. E foi a primeira vez que eu disse: \u201cOk, se ningu\u00e9m est\u00e1 te observando, o que voc\u00ea faria?\u201d Queria ir a todos os jantares, a todos os eventos que meus amigos fossem, queria invadir todas as festas (risos). Ent\u00e3o, comecei a dar prioridade a socializar e fazer amizades. E, por meio dessas amizades, aprendi muito mais sobre mim mesma. <\/p>\n<p class=\" content-text__container \" data-track-category=\"Link no Texto\" data-track-links=\"\"> <strong>As pessoas esperam que voc\u00ea seja sempre forte e inabal\u00e1vel. Mas ser jovem tamb\u00e9m significa se arriscar e fazer besteiras?<\/strong> <\/p>\n<p class=\" content-text__container \" data-track-category=\"Link no Texto\" data-track-links=\"\"> Sim. Quando te chamam de corajosa t\u00e3o cedo, isso molda sua vida. Depois de sofrer um ataque como o que eu sofri, as pessoas acham que nada vai te derrubar ou assustar. Mas fui muito honesta sobre minhas inseguran\u00e7as no livro. Como, por exemplo, achar que nunca iria encontrar o amor na minha vida. Vivendo pela primeira vez como uma pessoa normal na universidade, nesses momentos sozinha em que ningu\u00e9m parecia estar me vigiando, aprendi que errar faz parte da vida. <\/p>\n<p class=\" content-text__container \" data-track-category=\"Link no Texto\" data-track-links=\"\"> <strong>Na primeira vez que voc\u00ea fumou maconha, teve uma bad trip que despertou mem\u00f3rias muito n\u00edtidas do ataque contra sua vida. \u00c9 curioso porque, embora seja uma experi\u00eancia aparentemente normal para uma jovem, traz tamb\u00e9m um trauma incomum&#8230;<\/strong> <\/p>\n<p class=\" content-text__container \" data-track-category=\"Link no Texto\" data-track-links=\"\"> Achei que experimentar maconha seria algo engra\u00e7ado para contar depois, mas n\u00e3o foi. Assim que comecei a me sentir mal, tive flashbacks e revivi o ataque. Foi horr\u00edvel. Depois de ser baleada, eu s\u00f3 tinha pensado na recupera\u00e7\u00e3o f\u00edsica, nunca na sa\u00fade mental. Mas o trauma ficou no meu corpo. Tive pesadelos, ataques de p\u00e2nico. Reviver o ataque mudou tudo. <\/p>\n<p>      <img decoding=\"async\" class=\"content-media__image\"  src=\"https:\/\/www.europesays.com\/pt\/wp-content\/uploads\/2025\/10\/no-meu-caminho.jpg\" alt=\"Capa de &quot;No meu caminho&quot; \u2014 Foto: Divulga\u00e7\u00e3o\" width=\"433\" height=\"650\" loading=\"lazy\"\/>  Capa de &#8220;No meu caminho&#8221; \u2014 Foto: Divulga\u00e7\u00e3o        <\/p>\n<p class=\" content-text__container \" data-track-category=\"Link no Texto\" data-track-links=\"\"> <strong>Foi ent\u00e3o que voc\u00ea procurou terapia pela primeira vez&#8230;<\/strong> <\/p>\n<p class=\" content-text__container \" data-track-category=\"Link no Texto\" data-track-links=\"\"> Sim. Minhas amigas perceberam que eu n\u00e3o estava bem e me incentivaram. Sou grata a elas at\u00e9 hoje. Eu acreditava naquele estere\u00f3tipo de \u201cningu\u00e9m vai entender o que estou passando\u201d. Ent\u00e3o, na minha primeira sess\u00e3o, esperava que o terapeuta me receitasse algum rem\u00e9dio e resolvesse meus problemas imediatamente. Mas \u00e9 um processo, e o tempo \u00e9 a chave para a cura. <\/p>\n<p class=\" content-text__container \" data-track-category=\"Link no Texto\" data-track-links=\"\"> <strong>Como a terapia mudou sua vida?<\/strong> <\/p>\n<p class=\" content-text__container \" data-track-category=\"Link no Texto\" data-track-links=\"\"> Tudo o que aprendi na terapia hoje faz parte da minha vida. Tirar um momento para respirar fundo, sair para caminhar ou correr, experimentar novos esportes, e, acima de tudo, pedir ajuda quando estou passando por um momento dif\u00edcil. N\u00e3o tenho vergonha de pedir ajuda. <\/p>\n<p class=\" content-text__container \" data-track-category=\"Link no Texto\" data-track-links=\"\"> <strong>No livro voc\u00ea fala sobre o uso de botox para corrigir os danos do ataque em seu rosto. Hesitou em compartilhar algo t\u00e3o \u00edntimo?<\/strong> <\/p>\n<p class=\" content-text__container \" data-track-category=\"Link no Texto\" data-track-links=\"\"> O ataque comprometeu um nervo facial. Fiz cirurgias, mas o lado esquerdo do meu rosto nunca voltou a ser o mesmo. Eu recebia muitos coment\u00e1rios maldosos e ofensas de haters (na internet) que zombavam do meu rosto e da minha apar\u00eancia. Isso me deixava muito triste, mas ent\u00e3o eu disse a mim mesma: \u201cOk, quer saber? Vou focar no meu ativismo. Apar\u00eancia e essas coisas n\u00e3o importam.\u201d <\/p>\n<p class=\" content-text__container \" data-track-category=\"Link no Texto\" data-track-links=\"\"> <strong>Como isso afetou sua rela\u00e7\u00e3o com outras pessoas?<\/strong> <\/p>\n<p class=\" content-text__container \" data-track-category=\"Link no Texto\" data-track-links=\"\"> Dizia para mim mesma que eu n\u00e3o deveria esperar ser amada, que eu nunca encontraria algu\u00e9m que me amasse. Mas, no momento em que vi o meu atual marido pela primeira vez, soube que aquilo iria mudar. Ele era lindo, exatamente como eu imaginava que seria o homem com quem eu me casaria. Assim como eu, ele amava cr\u00edquete. T\u00ednhamos tantas coisas em comum\u2026 e o que mais me encantou foi o fato de ele n\u00e3o me ver como a mulher da m\u00eddia que as pessoas acham que conhecem. <\/p>\n<p class=\" content-text__container \" data-track-category=\"Link no Texto\" data-track-links=\"\"> <strong>Quem era a Malala que ele via?<\/strong> <\/p>\n<p class=\" content-text__container \" data-track-category=\"Link no Texto\" data-track-links=\"\"> Ele se interessava mais pela pessoa que eu sou hoje do que pela pessoa do passado. E, com o tempo, eu aprendi a me aceitar com gra\u00e7a e me amar tamb\u00e9m. Ele tem uma vis\u00e3o incr\u00edvel sobre como homens e mulheres devem ser tratados com justi\u00e7a. Ele pensa do jeito que todo homem deveria pensar. Mas n\u00e3o acho que devamos trat\u00e1-lo como uma exce\u00e7\u00e3o ou bater palmas por ter uma vis\u00e3o \u201cdiferente\u201d. Esse deveria ser o pensamento normal: o de igualdade de direitos e dignidade para ambos em uma rela\u00e7\u00e3o. <\/p>\n<p class=\" content-text__container \" data-track-category=\"Link no Texto\" data-track-links=\"\"> <strong>Antes de Asser, todos os seus relacionamentos amorosos viravam alvo de julgamentos e controv\u00e9rsia. Quando voc\u00ea \u00e9 um \u00edcone global, at\u00e9 o namoro se torna pol\u00edtico?<\/strong> <\/p>\n<p class=\" content-text__container \" data-track-category=\"Link no Texto\" data-track-links=\"\"> Tudo vira pol\u00edtica! O que voc\u00ea veste, o que diz, sua vontade ou n\u00e3o de se casar. Me lembro das rea\u00e7\u00f5es negativas quando usei jeans na faculdade. Me criticaram s\u00f3 porque queria me sentir uma estudante comum. Sobre casamento, acredito que toda mulher tem o direito de questionar e escolher. Vi muitas meninas perderem o futuro em casamentos for\u00e7ados. <\/p>\n<p class=\" content-text__container \" data-track-category=\"Link no Texto\" data-track-links=\"\"> <strong>Casar foi uma decis\u00e3o dif\u00edcil para voc\u00ea?<\/strong> <\/p>\n<p class=\" content-text__container \" data-track-category=\"Link no Texto\" data-track-links=\"\"> Na minha cultura, n\u00e3o \u00e9 permitido viver junto com a pessoa que voc\u00ea ama se n\u00e3o for casado. Ent\u00e3o, precisei decidir se queria ou n\u00e3o lutar contra a minha cultura. No fim, me casei, mas isso n\u00e3o significa que eu seja contra ou a favor do casamento. Acredito apenas que deve ser uma escolha da mulher, que ela possa decidir por si mesma. <\/p>\n<p class=\" content-text__container \" data-track-category=\"Link no Texto\" data-track-links=\"\"> <strong>Servi\u00e7o:<\/strong> \u201cNo meu caminho\u201d. <strong>Autor:<\/strong> Malala Yousafzai. <strong>Tradutor:<\/strong> Berilo Vargas e L\u00edgia Azevedo. <strong>Editora:<\/strong> Companhia das Letras. <strong>P\u00e1ginas: <\/strong>320. <strong>Pre\u00e7o: <\/strong>R$ 69,90. <\/p>\n","protected":false},"excerpt":{"rendered":"Onze anos depois de ganhar o Nobel da Paz e se tornar s\u00edmbolo da luta pela educa\u00e7\u00e3o feminina,&hellip;\n","protected":false},"author":2,"featured_media":120059,"comment_status":"","ping_status":"","sticky":false,"template":"","format":"standard","meta":{"footnotes":""},"categories":[143],"tags":[169,114,115,170,32,33,679],"class_list":{"0":"post-120058","1":"post","2":"type-post","3":"status-publish","4":"format-standard","5":"has-post-thumbnail","7":"category-livros","8":"tag-books","9":"tag-entertainment","10":"tag-entretenimento","11":"tag-livros","12":"tag-portugal","13":"tag-pt","14":"tag-reportagem"},"share_on_mastodon":{"url":"https:\/\/pubeurope.com\/@pt\/115411515278404817","error":""},"_links":{"self":[{"href":"https:\/\/www.europesays.com\/pt\/wp-json\/wp\/v2\/posts\/120058","targetHints":{"allow":["GET"]}}],"collection":[{"href":"https:\/\/www.europesays.com\/pt\/wp-json\/wp\/v2\/posts"}],"about":[{"href":"https:\/\/www.europesays.com\/pt\/wp-json\/wp\/v2\/types\/post"}],"author":[{"embeddable":true,"href":"https:\/\/www.europesays.com\/pt\/wp-json\/wp\/v2\/users\/2"}],"replies":[{"embeddable":true,"href":"https:\/\/www.europesays.com\/pt\/wp-json\/wp\/v2\/comments?post=120058"}],"version-history":[{"count":0,"href":"https:\/\/www.europesays.com\/pt\/wp-json\/wp\/v2\/posts\/120058\/revisions"}],"wp:featuredmedia":[{"embeddable":true,"href":"https:\/\/www.europesays.com\/pt\/wp-json\/wp\/v2\/media\/120059"}],"wp:attachment":[{"href":"https:\/\/www.europesays.com\/pt\/wp-json\/wp\/v2\/media?parent=120058"}],"wp:term":[{"taxonomy":"category","embeddable":true,"href":"https:\/\/www.europesays.com\/pt\/wp-json\/wp\/v2\/categories?post=120058"},{"taxonomy":"post_tag","embeddable":true,"href":"https:\/\/www.europesays.com\/pt\/wp-json\/wp\/v2\/tags?post=120058"}],"curies":[{"name":"wp","href":"https:\/\/api.w.org\/{rel}","templated":true}]}}