{"id":120060,"date":"2025-10-21T09:45:08","date_gmt":"2025-10-21T09:45:08","guid":{"rendered":"https:\/\/www.europesays.com\/pt\/120060\/"},"modified":"2025-10-21T09:45:08","modified_gmt":"2025-10-21T09:45:08","slug":"a-fazenda-joel-torna-se-diretor-da-empresa-e-namorado-de-nadir-novelas","status":"publish","type":"post","link":"https:\/\/www.europesays.com\/pt\/120060\/","title":{"rendered":"A Fazenda: Joel torna-se diretor da empresa e namorado de Nadir &#8211; Novelas"},"content":{"rendered":"<p>Em \u00abA Fazenda\u00bb, Gustavo (Nuno Pardal) conta a Esmeralda (Julie Sergeant) as novidades, dizendo que Eva vai ficar a viver em Angola com Leonor (Dalila Carmo) e Gaspar (Nuno Lopes), e que este acabou por s\u00f3 ficar com a fazenda por Lukenia (Rita Cruz) ter posto a salvo tudo o que lhe roubou. Gustavo conta tamb\u00e9m que Joel (Jo\u00e3o Jesus) est\u00e1 a preparar-se para ficar com Nadir (Sharam Diniz), demonstrando s\u00f3 pensar em dinheiro. Gustavo finaliza dizendo que Mafalda (In\u00eas Aguiar) ficou com Eduardo. Svetlana (S\u00f3nia Balac\u00f3) chega, beijando Gustavo, que \u00e9 agora seu namorado.\u00a0<\/p>\n","protected":false},"excerpt":{"rendered":"Em \u00abA Fazenda\u00bb, Gustavo (Nuno Pardal) conta a Esmeralda (Julie Sergeant) as novidades, dizendo que Eva vai ficar&hellip;\n","protected":false},"author":2,"featured_media":120061,"comment_status":"","ping_status":"","sticky":false,"template":"","format":"standard","meta":{"footnotes":""},"categories":[142],"tags":[657,160,166,114,115,157,167,164,2931,161,158,165,159,32,33,156,163,151,162],"class_list":{"0":"post-120060","1":"post","2":"type-post","3":"status-publish","4":"format-standard","5":"has-post-thumbnail","7":"category-tv","8":"tag-a-fazenda","9":"tag-ana-guiomar","10":"tag-cristina-ferreira","11":"tag-entertainment","12":"tag-entretenimento","13":"tag-festa-e-festa","14":"tag-ficcao","15":"tag-jose-fidalgo","16":"tag-novela","17":"tag-novelas","18":"tag-para-sempre","19":"tag-pedro-sousa","20":"tag-pedro-teixeira","21":"tag-portugal","22":"tag-pt","23":"tag-queridos-papas","24":"tag-tiago-teotonio-pereira","25":"tag-tv","26":"tag-tvi"},"share_on_mastodon":{"url":"https:\/\/pubeurope.com\/@pt\/115411518938494173","error":""},"_links":{"self":[{"href":"https:\/\/www.europesays.com\/pt\/wp-json\/wp\/v2\/posts\/120060","targetHints":{"allow":["GET"]}}],"collection":[{"href":"https:\/\/www.europesays.com\/pt\/wp-json\/wp\/v2\/posts"}],"about":[{"href":"https:\/\/www.europesays.com\/pt\/wp-json\/wp\/v2\/types\/post"}],"author":[{"embeddable":true,"href":"https:\/\/www.europesays.com\/pt\/wp-json\/wp\/v2\/users\/2"}],"replies":[{"embeddable":true,"href":"https:\/\/www.europesays.com\/pt\/wp-json\/wp\/v2\/comments?post=120060"}],"version-history":[{"count":0,"href":"https:\/\/www.europesays.com\/pt\/wp-json\/wp\/v2\/posts\/120060\/revisions"}],"wp:featuredmedia":[{"embeddable":true,"href":"https:\/\/www.europesays.com\/pt\/wp-json\/wp\/v2\/media\/120061"}],"wp:attachment":[{"href":"https:\/\/www.europesays.com\/pt\/wp-json\/wp\/v2\/media?parent=120060"}],"wp:term":[{"taxonomy":"category","embeddable":true,"href":"https:\/\/www.europesays.com\/pt\/wp-json\/wp\/v2\/categories?post=120060"},{"taxonomy":"post_tag","embeddable":true,"href":"https:\/\/www.europesays.com\/pt\/wp-json\/wp\/v2\/tags?post=120060"}],"curies":[{"name":"wp","href":"https:\/\/api.w.org\/{rel}","templated":true}]}}