{"id":120068,"date":"2025-10-21T09:53:06","date_gmt":"2025-10-21T09:53:06","guid":{"rendered":"https:\/\/www.europesays.com\/pt\/120068\/"},"modified":"2025-10-21T09:53:06","modified_gmt":"2025-10-21T09:53:06","slug":"nicolas-sarkozy-ja-chegou-a-prisao-de-la-sante-para-cumprir-pena-de-cinco-anos-franca","status":"publish","type":"post","link":"https:\/\/www.europesays.com\/pt\/120068\/","title":{"rendered":"Nicolas Sarkozy j\u00e1 chegou \u00e0 pris\u00e3o de La Sant\u00e9 para cumprir pena de cinco anos | Fran\u00e7a"},"content":{"rendered":"<p>Ao som dos aplausos de uma multid\u00e3o de apoiantes que o esperava e que at\u00e9 entoou o hino franc\u00eas, La Marseillaise\u200b, o antigo Presidente franc\u00eas Nicolas Sarkozy deixou a sua casa em Paris de m\u00e3os dadas com a esposa, Carla Bruni, na manh\u00e3 desta ter\u00e7a-feira, 21 de Outubro, e dirigiu-se para a pris\u00e3o La Sant\u00e9 para cumprir a pena de cinco anos de pris\u00e3o a <a href=\"https:\/\/www.publico.pt\/2025\/09\/25\/mundo\/noticia\/sarkozy-considerado-culpado-associacao-criminosa-caso-financiamento-libio-2148473\" rel=\"nofollow noopener\" target=\"_blank\">que foi condenado no fim de Setembro<\/a>.<\/p>\n<p>Num caso relacionado com financiamento da L\u00edbia \u00e0 sua campanha presidencial de 2007, que acabou por vencer, Sarkozy, que foi Presidente da Fran\u00e7a entre 2007 e 2012, foi condenado a cinco anos de pris\u00e3o efectiva por associa\u00e7\u00e3o criminosa e vai tornar-se, agora, no primeiro ex-chefe de Estado franc\u00eas a cumprir uma pena efectiva de pris\u00e3o desde a deten\u00e7\u00e3o do marechal Philippe P\u00e9tain, um colaborador nazi, ap\u00f3s a Segunda Guerra Mundial.<\/p>\n<p>A condena\u00e7\u00e3o do antigo Presidente conservador representa o fim de uma batalha legal que se arrastou durante v\u00e1rios anos e que estava relacionada com o financiamento da campanha eleitoral do Eliseu de 2007 com fundos do regime l\u00edbio do ditador Muammar Khadafi, em troca de favores diplom\u00e1ticos.<\/p>\n<p>Embora Sarkozy tenha sido considerado culpado de conspirar com os colaboradores mais pr\u00f3ximos para orquestrar o esquema, foi absolvido de receber ou utilizar pessoalmente este dinheiro. O antigo chefe de Estado <a href=\"https:\/\/www.publico.pt\/2025\/09\/25\/mundo\/noticia\/sarkozy-considerado-culpado-associacao-criminosa-caso-financiamento-libio-2148473\" rel=\"nofollow noopener\" target=\"_blank\">negou sempre qualquer irregularidade<\/a> e argumentou que o caso teve motiva\u00e7\u00e3o pol\u00edtica.<\/p>\n<p>Mesmo a caminho da pris\u00e3o, onde chegou pelas 9h40 (8h40 em Portugal Continental), Sarkozy, de 70 anos, reiterou inoc\u00eancia, tal como j\u00e1 o tinha feito no dia da leitura da senten\u00e7a que o condenou tamb\u00e9m a pagar 100 mil euros de multa. Tamb\u00e9m n\u00e3o poder\u00e1 votar em elei\u00e7\u00f5es nem ocupar cargos p\u00fablicos, entre outros, durante cinco anos.<\/p>\n<p>Publicou uma longa mensagem no X, pouco depois de entrar no ve\u00edculo que o levaria \u00e0 La Sant\u00e9, onde comunicou ao povo franc\u00eas que quem ia ser preso esta manh\u00e3 n\u00e3o era &#8220;um ex-presidente da Rep\u00fablica, mas sim um homem inocente.&#8221; Sarkozy tinha dito, no domingo, que &#8220;n\u00e3o tinha medo de ir para a cadeia&#8221; e que planeava escrever um livro enquanto estivesse preso.<\/p>\n<p>Disse ainda sentir uma &#8220;profunda tristeza pela Fran\u00e7a, que se v\u00ea humilhada pela express\u00e3o de uma vingan\u00e7a que elevou o \u00f3dio a um n\u00edvel sem precedentes&#8221; e que o &#8220;pre\u00e7o a pagar \u00e9 esmagador&#8221;, mas n\u00e3o especificou o teor da declara\u00e7\u00e3o.<\/p>\n<p>Segundo a Ag\u00eancia France Presse, os advogados de Nicolas Sarkozy devem apresentar um pedido de liberta\u00e7\u00e3o do ex-Presidente, que recorreu da senten\u00e7a. O recurso \u2014 cuja primeira audi\u00eancia poder\u00e1 acontecer em Mar\u00e7o de 2026 \u2014 n\u00e3o vai mudar a pena de pris\u00e3o que ter\u00e1 que cumprir. O Le Figaro tamb\u00e9m avan\u00e7a que Sarkozy reuniu-se na passada sexta-feira com o actual chefe de Estado, Emmanuel Macron.<\/p>\n<p>Juntando-se \u00e0 multid\u00e3o de apoiantes que esperavam Sarkozy junto aos port\u00f5es de casa, o irm\u00e3o, Guillaume Sarkozy, disse ter &#8220;muito orgulho&#8221; em Sarkozy por estar a ir para a pris\u00e3o de &#8220;cabe\u00e7a erguida e absolutamente convencido da inoc\u00eancia&#8221;, disse ao canal BFM.<\/p>\n<p>Porqu\u00ea a La Sant\u00e9?<\/p>\n<p>O Centro Penitenci\u00e1rio de Paris &#8211; La Sant\u00e9, onde Sarkozy cumprir\u00e1 a sua pena, \u00e9 uma pris\u00e3o hist\u00f3rica no centro de Paris onde j\u00e1 esteve detido o criminoso venezuelano Ilich Ram\u00edrez S\u00e1nchez, <a href=\"https:\/\/www.publico.pt\/2017\/03\/13\/mundo\/noticia\/carlos-o-chacal-volta-a-ser-julgado-em-paris-1765006\" rel=\"nofollow noopener\" target=\"_blank\">mais conhecido por Carlos, \u201co Chacal\u201d<\/a>, e o <a href=\"https:\/\/www.publico.pt\/2017\/05\/30\/mundo\/noticia\/morreu-o-antigo-ditador-do-panama-manuel-noriega-1773910\" rel=\"nofollow noopener\" target=\"_blank\">antigo ditador do Panam\u00e1<\/a> Manuel Noriega.<\/p>\n<p>Sarkozy ficar\u00e1 detido na ala de isolamento da pris\u00e3o \u2014 uma das mais seguras da Fran\u00e7a \u2014 o que significa que estar\u00e1 sozinho numa das 15 celas de nove metros quadrados da unidade de confinamento solit\u00e1rio, mas tamb\u00e9m no p\u00e1tio e sala de actividades, explicou esta ter\u00e7a-feira um dos respons\u00e1veis da pris\u00e3o, S\u00e9bastien Cauwel, \u00e0 emissora RTL. Desta forma, o antigo chefe de Estado vai evitar qualquer contacto com outros reclusos, garantindo a seguran\u00e7a pessoal e impedindo qualquer fotografia n\u00e3o autorizada captada atrav\u00e9s de telem\u00f3veis.<\/p>\n<p>O antigo chefe de gabinete presidencial de Sarkozy, Claude Gueant, que tamb\u00e9m foi condenado no mesmo caso, cumprir\u00e1 pena numa ala especial para &#8220;pessoas vulner\u00e1veis&#8221; \u2014 os chamados &#8220;bairros VIP&#8221;, onde figuras pol\u00edticas proeminentes foram encarceradas no passado. O antigo ministro da Imigra\u00e7\u00e3o durante o mandato de Sarkozy, Brice Hortefeux, foi considerado culpado de associa\u00e7\u00e3o criminosa entre 2005 e 2007 e c\u00famplice no financiamento ilegal de campanha eleitoral, e foi condenado a dois anos de pris\u00e3o.<\/p>\n<p>A localiza\u00e7\u00e3o da La Sant\u00e9, no distrito de Montparnasse, na 14.\u00ba arrondissement, faz com que seja mais f\u00e1cil Sarkozy receber visitas de amigos e familiares. O Ministro da Justi\u00e7a franc\u00eas, Gerald Darmanin, um protegido de Sarkozy, j\u00e1 garantiu que o visitar\u00e1.<\/p>\n<p>                &#13;<br \/>\n                    &#13;<br \/>\n                    &#13;<br \/>\n                        Pol\u00edcia junto ao per\u00edmetro da pris\u00e3o onde Sarkozy cumprir\u00e1 pena&#13;<br \/>\nChristian Hartmann \/ Reuters                    &#13;<\/p>\n<p>Em que tipo de cela ficar\u00e1 Sarkozy?<\/p>\n<p>Segundo detalha a ag\u00eancia Reuters, os detidos na ala &#8220;VIP&#8221; s\u00e3o mantidos em celas individuais, n\u00e3o nas unidades habituais que albergam tr\u00eas pessoas, e ficam sempre sozinhos, mesmo durante actividades ao ar livre, por raz\u00f5es de seguran\u00e7a, disse o representante do sindicato dos guardas prisionais Wilfried Fonck. As celas t\u00eam, normalmente, de 9 a 12 metros quadrados.<\/p>\n<p>As celas de isolamento, que ficam numa ala separada, t\u00eam nove metros quadrados e janelas com coberturas para limitar a comunica\u00e7\u00e3o entre os detidos.<\/p>\n<p>La Sant\u00e9 foi alvo de obras recentemente e, portanto, tem melhores condi\u00e7\u00f5es do que outras pris\u00f5es francesas, de acordo com Julien Fischmeister, especialista do Observat\u00f3rio Internacional de Pris\u00f5es. Todas as celas agora t\u00eam agora chuveiros e telefones fixos. Sarkozy poder\u00e1 ter uma televis\u00e3o na cela, mas ter\u00e1 de pagar 14 euros por m\u00eas para ter acesso. As refei\u00e7\u00f5es di\u00e1rias ser\u00e3o entregues directamente a Sarkozy, que tamb\u00e9m ter\u00e1 a possibilidade de comprar produtos para as preparar na sua cela.<\/p>\n<p>Como muitas pris\u00f5es em Fran\u00e7a (que ocupa o terceiro lugar no que toca \u00e0 sobrelota\u00e7\u00e3o das pris\u00f5es da Europa, depois da Eslov\u00e9nia e do Chipre), a La Sant\u00e9 est\u00e1 sobrelotada. Em Agosto, albergava 1243 detidos quando foi projectada para receber 657 pessoas, segundo dados do Minist\u00e9rio da Justi\u00e7a.<\/p>\n","protected":false},"excerpt":{"rendered":"Ao som dos aplausos de uma multid\u00e3o de apoiantes que o esperava e que at\u00e9 entoou o hino&hellip;\n","protected":false},"author":2,"featured_media":120069,"comment_status":"","ping_status":"","sticky":false,"template":"","format":"standard","meta":{"footnotes":""},"categories":[50],"tags":[27,28,23270,4469,15,16,208,14,603,25,26,24846,21,22,62,12,21757,13,19,20,23,24,17,18,29,30,31,63,64,65],"class_list":{"0":"post-120068","1":"post","2":"type-post","3":"status-publish","4":"format-standard","5":"has-post-thumbnail","7":"category-mundo","8":"tag-breaking-news","9":"tag-breakingnews","10":"tag-carla-bruni","11":"tag-corrupcao","12":"tag-featured-news","13":"tag-featurednews","14":"tag-franca","15":"tag-headlines","16":"tag-justica","17":"tag-latest-news","18":"tag-latestnews","19":"tag-libia","20":"tag-main-news","21":"tag-mainnews","22":"tag-mundo","23":"tag-news","24":"tag-nicolas-sarkozy","25":"tag-noticias","26":"tag-noticias-principais","27":"tag-noticiasprincipais","28":"tag-principais-noticias","29":"tag-principaisnoticias","30":"tag-top-stories","31":"tag-topstories","32":"tag-ultimas","33":"tag-ultimas-noticias","34":"tag-ultimasnoticias","35":"tag-world","36":"tag-world-news","37":"tag-worldnews"},"share_on_mastodon":{"url":"https:\/\/pubeurope.com\/@pt\/115411550762008013","error":""},"_links":{"self":[{"href":"https:\/\/www.europesays.com\/pt\/wp-json\/wp\/v2\/posts\/120068","targetHints":{"allow":["GET"]}}],"collection":[{"href":"https:\/\/www.europesays.com\/pt\/wp-json\/wp\/v2\/posts"}],"about":[{"href":"https:\/\/www.europesays.com\/pt\/wp-json\/wp\/v2\/types\/post"}],"author":[{"embeddable":true,"href":"https:\/\/www.europesays.com\/pt\/wp-json\/wp\/v2\/users\/2"}],"replies":[{"embeddable":true,"href":"https:\/\/www.europesays.com\/pt\/wp-json\/wp\/v2\/comments?post=120068"}],"version-history":[{"count":0,"href":"https:\/\/www.europesays.com\/pt\/wp-json\/wp\/v2\/posts\/120068\/revisions"}],"wp:featuredmedia":[{"embeddable":true,"href":"https:\/\/www.europesays.com\/pt\/wp-json\/wp\/v2\/media\/120069"}],"wp:attachment":[{"href":"https:\/\/www.europesays.com\/pt\/wp-json\/wp\/v2\/media?parent=120068"}],"wp:term":[{"taxonomy":"category","embeddable":true,"href":"https:\/\/www.europesays.com\/pt\/wp-json\/wp\/v2\/categories?post=120068"},{"taxonomy":"post_tag","embeddable":true,"href":"https:\/\/www.europesays.com\/pt\/wp-json\/wp\/v2\/tags?post=120068"}],"curies":[{"name":"wp","href":"https:\/\/api.w.org\/{rel}","templated":true}]}}