{"id":120070,"date":"2025-10-21T09:54:08","date_gmt":"2025-10-21T09:54:08","guid":{"rendered":"https:\/\/www.europesays.com\/pt\/120070\/"},"modified":"2025-10-21T09:54:08","modified_gmt":"2025-10-21T09:54:08","slug":"o-que-se-ve-por-dentro-do-chega-miguel-carvalho-jornalista-e-autor-responde-a-daniel-oliveira","status":"publish","type":"post","link":"https:\/\/www.europesays.com\/pt\/120070\/","title":{"rendered":"O que se v\u00ea por dentro do Chega? Miguel Carvalho, jornalista e autor, responde a Daniel Oliveira"},"content":{"rendered":"<p>Jos\u00e9 Fonseca Fernandes<\/p>\n<p>As vozes de ex-dirigentes, citadas no livro, revelam um ambiente de manipula\u00e7\u00e3o interna, grava\u00e7\u00f5es clandestinas, disputas de poder e aus\u00eancia de transpar\u00eancia financeira. Carvalho analisa o crescimento eleitoral do Chega, que se torna a segunda for\u00e7a pol\u00edtica portuguesa em apenas seis anos. Explica que o partido capta um eleitorado popular, maioritariamente vindo do PCP e do PSD, desiludido com o sistema e atra\u00eddo por um discurso de protesto simples e emocional. Compara o fen\u00f3meno \u00e0 transforma\u00e7\u00e3o populista de outros pa\u00edses europeus, sublinhando que Ventura se adapta ao \u201car do tempo\u201d e domina as din\u00e2micas medi\u00e1ticas e digitais com grande efic\u00e1cia.<\/p>\n<p>TOMAS ALMEIDA<\/p>\n<p class=\"category\"><a href=\"https:\/\/expresso.pt\/podcasts\/o-futuro-do-futuro\" rel=\"nofollow noopener\" target=\"_blank\">O Futuro do Futuro<\/a><\/p>\n<p class=\"follow-link\"><a href=\"https:\/\/expresso.pt\/podcasts\/o-futuro-do-futuro\/2025-09-03-muita-gente-faz-textos-gigantes-de-revolta-e-preciso-converter-isso-em-acao-esta-associacao-quer-estoirar-a-bolha-das-redes-sociais-3cb5584a\" rel=\"canonical nofollow noopener\" target=\"_blank\">Leia tamb\u00e9m<\/a><\/p>\n<p>Jos\u00e9 Fonseca Fernandes<\/p>\n<p>Miguel Carvalho destaca ainda o papel das redes sociais, dos media sensacionalistas e de movimentos religiosos radicais na consolida\u00e7\u00e3o do partido. Denuncia a aus\u00eancia de rastreio dos candidatos, a entrada de figuras com antecedentes criminais e a permeabilidade do Chega a grupos extremistas. Para Carvalho, o partido vive numa bolha de desinforma\u00e7\u00e3o e paranoia, alimentada por uma estrutura centralizada e autorit\u00e1ria. Por fim, Miguel Carvalho reflete sobre o papel do jornalismo na vigil\u00e2ncia democr\u00e1tica. Assume ter sentido press\u00f5es durante a investiga\u00e7\u00e3o, mas defende que a miss\u00e3o do rep\u00f3rter \u00e9 resistir ao medo e expor as contradi\u00e7\u00f5es do poder.<\/p>\n<p>Matilde Fieschi<\/p>\n<p class=\"category\"><a href=\"https:\/\/expresso.pt\/podcasts\/perguntar-nao-ofende\" rel=\"nofollow noopener\" target=\"_blank\">Perguntar N\u00e3o Ofende<\/a><\/p>\n<p class=\"follow-link\"><a href=\"https:\/\/expresso.pt\/podcasts\/perguntar-nao-ofende\/2024-04-04-O-que-querem-o-Chega-e-Ventura--Vitor-Matos-e-Miguel-Carvalho-respondem-a-Daniel-Oliveira-acdc994a\" rel=\"canonical nofollow noopener\" target=\"_blank\">Leia tamb\u00e9m<\/a><\/p>\n<p>Jos\u00e9 Fonseca Fernandes<\/p>\n<p>Miguel Carvalho \u00e9 jornalista de todos os costados, passou pelo Di\u00e1rio de Not\u00edcias, O Independente e a Vis\u00e3o, arrecadou v\u00e1rios pr\u00e9mios, a come\u00e7ar pelo mais importante, o Grande Pr\u00e9mio Gazeta, do Clube dos Jornalistas e \u00e9 autor de livros de investiga\u00e7\u00e3o hist\u00f3rica. Dedicou os \u00faltimos anos a uma intensiva cobertura e investiga\u00e7\u00e3o do radicalismo de direita em Portugal.<\/p>\n<p>\u00c9 mais que uma entrevista, \u00e9 menos que um debate. \u00c9 uma conversa com contradit\u00f3rio em que, no fim, \u00e9 mesmo a opini\u00e3o do convidado que interessa. Quase sempre sobre pol\u00edtica, \u00e0s vezes sobre coisas realmente interessantes. Um projeto jornal\u00edstico de Daniel Oliveira e Jo\u00e3o Martins. Imagem gr\u00e1fica de Vera Tavares com Tiago Pereira Santos e m\u00fasica de M\u00e1rio Laginha. Subscreva (no <a href=\"https:\/\/open.spotify.com\/show\/550yvWid17y7ufVORKkVi4\" target=\"_blank\" rel=\"noopener noreferrer nofollow\">Spotify<\/a>, <a href=\"https:\/\/podcasts.apple.com\/pt\/podcast\/perguntar-n%C3%A3o-ofende\/id1374367269\" target=\"_blank\" rel=\"noopener noreferrer nofollow\">Apple<\/a> e <a href=\"https:\/\/podcasts.google.com\/feed\/aHR0cHM6Ly9iaXQubHkvcGVyZ3VudGFybmFvb2ZlbmRl\" target=\"_blank\" rel=\"noopener noreferrer nofollow\">Google<\/a>) e oi\u00e7a mais epis\u00f3dios:<\/p>\n<p>Tiago Pereira Santos, com ilustra\u00e7\u00e3o de Vera Tavares<\/p>\n","protected":false},"excerpt":{"rendered":"Jos\u00e9 Fonseca Fernandes As vozes de ex-dirigentes, citadas no livro, revelam um ambiente de manipula\u00e7\u00e3o interna, grava\u00e7\u00f5es clandestinas,&hellip;\n","protected":false},"author":2,"featured_media":120071,"comment_status":"","ping_status":"","sticky":false,"template":"","format":"standard","meta":{"footnotes":""},"categories":[10],"tags":[27,28,15,16,14,25,26,21,22,12,13,19,20,32,23,24,33,17,18,29,30,31],"class_list":{"0":"post-120070","1":"post","2":"type-post","3":"status-publish","4":"format-standard","5":"has-post-thumbnail","7":"category-portugal","8":"tag-breaking-news","9":"tag-breakingnews","10":"tag-featured-news","11":"tag-featurednews","12":"tag-headlines","13":"tag-latest-news","14":"tag-latestnews","15":"tag-main-news","16":"tag-mainnews","17":"tag-news","18":"tag-noticias","19":"tag-noticias-principais","20":"tag-noticiasprincipais","21":"tag-portugal","22":"tag-principais-noticias","23":"tag-principaisnoticias","24":"tag-pt","25":"tag-top-stories","26":"tag-topstories","27":"tag-ultimas","28":"tag-ultimas-noticias","29":"tag-ultimasnoticias"},"share_on_mastodon":{"url":"https:\/\/pubeurope.com\/@pt\/115411554508101183","error":""},"_links":{"self":[{"href":"https:\/\/www.europesays.com\/pt\/wp-json\/wp\/v2\/posts\/120070","targetHints":{"allow":["GET"]}}],"collection":[{"href":"https:\/\/www.europesays.com\/pt\/wp-json\/wp\/v2\/posts"}],"about":[{"href":"https:\/\/www.europesays.com\/pt\/wp-json\/wp\/v2\/types\/post"}],"author":[{"embeddable":true,"href":"https:\/\/www.europesays.com\/pt\/wp-json\/wp\/v2\/users\/2"}],"replies":[{"embeddable":true,"href":"https:\/\/www.europesays.com\/pt\/wp-json\/wp\/v2\/comments?post=120070"}],"version-history":[{"count":0,"href":"https:\/\/www.europesays.com\/pt\/wp-json\/wp\/v2\/posts\/120070\/revisions"}],"wp:featuredmedia":[{"embeddable":true,"href":"https:\/\/www.europesays.com\/pt\/wp-json\/wp\/v2\/media\/120071"}],"wp:attachment":[{"href":"https:\/\/www.europesays.com\/pt\/wp-json\/wp\/v2\/media?parent=120070"}],"wp:term":[{"taxonomy":"category","embeddable":true,"href":"https:\/\/www.europesays.com\/pt\/wp-json\/wp\/v2\/categories?post=120070"},{"taxonomy":"post_tag","embeddable":true,"href":"https:\/\/www.europesays.com\/pt\/wp-json\/wp\/v2\/tags?post=120070"}],"curies":[{"name":"wp","href":"https:\/\/api.w.org\/{rel}","templated":true}]}}