{"id":120090,"date":"2025-10-21T10:09:09","date_gmt":"2025-10-21T10:09:09","guid":{"rendered":"https:\/\/www.europesays.com\/pt\/120090\/"},"modified":"2025-10-21T10:09:09","modified_gmt":"2025-10-21T10:09:09","slug":"mae-de-recem-nascido-abandonado-em-leiria-fez-o-proprio-parto","status":"publish","type":"post","link":"https:\/\/www.europesays.com\/pt\/120090\/","title":{"rendered":"M\u00e3e de rec\u00e9m-nascido abandonado em Leiria fez o pr\u00f3prio parto"},"content":{"rendered":"<p>Um beb\u00e9 rec\u00e9m-nascido foi deixado, \u00e0s 3.57 horas de ontem, junto \u00e0 entrada principal dos Bombeiros Sapadores de Leiria. A crian\u00e7a, do sexo masculino, encontrava-se bem de sa\u00fade, dentro de um saco de compras, vestida e protegida com uma manta t\u00e9rmica. A PSP identificou a m\u00e3e, atrav\u00e9s das imagens de videovigil\u00e2ncia da cidade e do circuito fechado de televis\u00e3o da corpora\u00e7\u00e3o, consideradas &#8220;fulcrais&#8221; para a investiga\u00e7\u00e3o. Fonte policial disse ao JN que a jovem, de 27 anos, foi ouvida durante duas horas, tendo revelado que fez o pr\u00f3prio parto, mas n\u00e3o explicou porque abandonou o filho.<\/p>\n<p data-remotead-prev-elm=\"true\" data-remotead-elm-id=\"inread\">&#8220;Ap\u00f3s a localiza\u00e7\u00e3o da mulher na sua resid\u00eancia, onde foi efetuada uma busca domicili\u00e1ria, foi transportada para este Comando Distrital, a fim de prestar as devidas declara\u00e7\u00f5es, onde foi constitu\u00edda arguida sob ordem do DIAP de Leiria&#8221;, informa um comunicado de imprensa da PSP de Leiria.<\/p>\n<p>Acesso exclusivo a assinantes<\/p>\n<p>Acesso ilimitado a conte\u00fados exclusivos<\/p>\n<p>Navega\u00e7\u00e3o sem publicidade intrusiva<\/p>\n<p>Vers\u00e3o digital do jornal, suplementos e revistas<\/p>\n","protected":false},"excerpt":{"rendered":"Um beb\u00e9 rec\u00e9m-nascido foi deixado, \u00e0s 3.57 horas de ontem, junto \u00e0 entrada principal dos Bombeiros Sapadores de&hellip;\n","protected":false},"author":2,"featured_media":118596,"comment_status":"","ping_status":"","sticky":false,"template":"","format":"standard","meta":{"footnotes":""},"categories":[8],"tags":[16871,2557,27,28,20275,15,16,1041,14,25,26,21,22,12,13,19,20,22548,32,23,24,33,17,18,29,30,31],"class_list":{"0":"post-120090","1":"post","2":"type-post","3":"status-publish","4":"format-standard","5":"has-post-thumbnail","7":"category-principais-noticias","8":"tag-abandono","9":"tag-bebe","10":"tag-breaking-news","11":"tag-breakingnews","12":"tag-concelho-leiria","13":"tag-featured-news","14":"tag-featurednews","15":"tag-gravidez","16":"tag-headlines","17":"tag-latest-news","18":"tag-latestnews","19":"tag-main-news","20":"tag-mainnews","21":"tag-news","22":"tag-noticias","23":"tag-noticias-principais","24":"tag-noticiasprincipais","25":"tag-parto","26":"tag-portugal","27":"tag-principais-noticias","28":"tag-principaisnoticias","29":"tag-pt","30":"tag-top-stories","31":"tag-topstories","32":"tag-ultimas","33":"tag-ultimas-noticias","34":"tag-ultimasnoticias"},"share_on_mastodon":{"url":"https:\/\/pubeurope.com\/@pt\/115411613535395523","error":""},"_links":{"self":[{"href":"https:\/\/www.europesays.com\/pt\/wp-json\/wp\/v2\/posts\/120090","targetHints":{"allow":["GET"]}}],"collection":[{"href":"https:\/\/www.europesays.com\/pt\/wp-json\/wp\/v2\/posts"}],"about":[{"href":"https:\/\/www.europesays.com\/pt\/wp-json\/wp\/v2\/types\/post"}],"author":[{"embeddable":true,"href":"https:\/\/www.europesays.com\/pt\/wp-json\/wp\/v2\/users\/2"}],"replies":[{"embeddable":true,"href":"https:\/\/www.europesays.com\/pt\/wp-json\/wp\/v2\/comments?post=120090"}],"version-history":[{"count":0,"href":"https:\/\/www.europesays.com\/pt\/wp-json\/wp\/v2\/posts\/120090\/revisions"}],"wp:featuredmedia":[{"embeddable":true,"href":"https:\/\/www.europesays.com\/pt\/wp-json\/wp\/v2\/media\/118596"}],"wp:attachment":[{"href":"https:\/\/www.europesays.com\/pt\/wp-json\/wp\/v2\/media?parent=120090"}],"wp:term":[{"taxonomy":"category","embeddable":true,"href":"https:\/\/www.europesays.com\/pt\/wp-json\/wp\/v2\/categories?post=120090"},{"taxonomy":"post_tag","embeddable":true,"href":"https:\/\/www.europesays.com\/pt\/wp-json\/wp\/v2\/tags?post=120090"}],"curies":[{"name":"wp","href":"https:\/\/api.w.org\/{rel}","templated":true}]}}