{"id":120093,"date":"2025-10-21T10:13:08","date_gmt":"2025-10-21T10:13:08","guid":{"rendered":"https:\/\/www.europesays.com\/pt\/120093\/"},"modified":"2025-10-21T10:13:08","modified_gmt":"2025-10-21T10:13:08","slug":"a-fazenda-julia-reata-o-casamento-com-ary-e-vao-adotar-lili-novelas","status":"publish","type":"post","link":"https:\/\/www.europesays.com\/pt\/120093\/","title":{"rendered":"A Fazenda: J\u00falia reata o casamento com Ary e v\u00e3o adotar Lili &#8211; Novelas"},"content":{"rendered":"<p>Em \u00abA Fazenda\u00bb, J\u00falia (Kelly Bailey) olha constrangida para Lili (La\u00eds da veiga) a dizer poder ficar com ela se ela quiser. Ary (Isaac Alfaiate) aproxima-se a dizer a J\u00falia que j\u00e1 n\u00e3o vai casar-se com Daniela (Soraia Tavares), dizendo n\u00e3o querer fugir mais a ser apaixonado por ela desde o primeiro dia que a viu, propondo ficarem juntos com Lili e o filho que v\u00e3o ter. J\u00falia sorri emocionada, beijando Ary, que corresponde<\/p>\n","protected":false},"excerpt":{"rendered":"Em \u00abA Fazenda\u00bb, J\u00falia (Kelly Bailey) olha constrangida para Lili (La\u00eds da veiga) a dizer poder ficar com&hellip;\n","protected":false},"author":2,"featured_media":120094,"comment_status":"","ping_status":"","sticky":false,"template":"","format":"standard","meta":{"footnotes":""},"categories":[142],"tags":[657,160,166,114,115,157,167,164,2931,161,158,165,159,32,33,156,163,151,162],"class_list":{"0":"post-120093","1":"post","2":"type-post","3":"status-publish","4":"format-standard","5":"has-post-thumbnail","7":"category-tv","8":"tag-a-fazenda","9":"tag-ana-guiomar","10":"tag-cristina-ferreira","11":"tag-entertainment","12":"tag-entretenimento","13":"tag-festa-e-festa","14":"tag-ficcao","15":"tag-jose-fidalgo","16":"tag-novela","17":"tag-novelas","18":"tag-para-sempre","19":"tag-pedro-sousa","20":"tag-pedro-teixeira","21":"tag-portugal","22":"tag-pt","23":"tag-queridos-papas","24":"tag-tiago-teotonio-pereira","25":"tag-tv","26":"tag-tvi"},"share_on_mastodon":{"url":"https:\/\/pubeurope.com\/@pt\/115411629004735686","error":""},"_links":{"self":[{"href":"https:\/\/www.europesays.com\/pt\/wp-json\/wp\/v2\/posts\/120093","targetHints":{"allow":["GET"]}}],"collection":[{"href":"https:\/\/www.europesays.com\/pt\/wp-json\/wp\/v2\/posts"}],"about":[{"href":"https:\/\/www.europesays.com\/pt\/wp-json\/wp\/v2\/types\/post"}],"author":[{"embeddable":true,"href":"https:\/\/www.europesays.com\/pt\/wp-json\/wp\/v2\/users\/2"}],"replies":[{"embeddable":true,"href":"https:\/\/www.europesays.com\/pt\/wp-json\/wp\/v2\/comments?post=120093"}],"version-history":[{"count":0,"href":"https:\/\/www.europesays.com\/pt\/wp-json\/wp\/v2\/posts\/120093\/revisions"}],"wp:featuredmedia":[{"embeddable":true,"href":"https:\/\/www.europesays.com\/pt\/wp-json\/wp\/v2\/media\/120094"}],"wp:attachment":[{"href":"https:\/\/www.europesays.com\/pt\/wp-json\/wp\/v2\/media?parent=120093"}],"wp:term":[{"taxonomy":"category","embeddable":true,"href":"https:\/\/www.europesays.com\/pt\/wp-json\/wp\/v2\/categories?post=120093"},{"taxonomy":"post_tag","embeddable":true,"href":"https:\/\/www.europesays.com\/pt\/wp-json\/wp\/v2\/tags?post=120093"}],"curies":[{"name":"wp","href":"https:\/\/api.w.org\/{rel}","templated":true}]}}