{"id":120104,"date":"2025-10-21T10:22:13","date_gmt":"2025-10-21T10:22:13","guid":{"rendered":"https:\/\/www.europesays.com\/pt\/120104\/"},"modified":"2025-10-21T10:22:13","modified_gmt":"2025-10-21T10:22:13","slug":"isabel-ferreira-presidente-eleita-em-braganca-acima-do-preconceito-estiveram-pessoas-esclarecidas-diario-de-noticias","status":"publish","type":"post","link":"https:\/\/www.europesays.com\/pt\/120104\/","title":{"rendered":"Isabel Ferreira, presidente eleita em Bragan\u00e7a: &quot;Acima do preconceito estiveram pessoas esclarecidas\u201d &#8211; Di\u00e1rio de Not\u00edcias"},"content":{"rendered":"<ol>\n<li><a href=\"https:\/\/news.google.com\/rss\/articles\/CBMixwFBVV95cUxOekZuUzB4UHBlNGdtYTJOckFjYWQ5ZUUzQTBqZkhQbGN1eGlvTkpaZTZ4Mk1CeEthVGFBZU1mMVBlV1gtOHZFcWNhZEhzMkVSblNxYkpSaHplSzVJa1E4SjUtVmtSdU1CTDJEd2thMzgwWldTSEhzSmpSeXhiSldPb0EyekdlbGdTZ3ZxZ2hJWjZBNlRhUVBGcTlGQnRpelJkRnE5VGR5TG51Z1Z5dEpZcVJnUXp0eEJ3Q01OcXlfM2hzMVRVcGNV?oc=5\" target=\"_blank\" rel=\"nofollow noopener\">Isabel Ferreira, presidente eleita em Bragan\u00e7a: &#8220;Acima do preconceito estiveram pessoas esclarecidas\u201d<\/a>&nbsp;&nbsp;Di\u00e1rio de Not\u00edcias<\/li>\n<li><a href=\"https:\/\/news.google.com\/rss\/articles\/CBMijwFBVV95cUxPb1E4ZUJRN3lycTRWTFYtS2xIZmJtS3YyZ3JkVHM0YjRyVjh2VHV4ZkZkNmh1VU8xZi1SbGl4SlpKTE5wSlBWSW9TaE04T0tFdzdsRHhFNHJCel9vQnVNcFl1UDU5cEdweDBxVmQwcDhXMlg1amNpOHlyVzVqSWJfaWlFRTJfYVlkSkY5YlVlUQ?oc=5\" target=\"_blank\" rel=\"nofollow noopener\">Resultados das elei\u00e7\u00f5es aut\u00e1rquicas no concelho de Bragan\u00e7a<\/a>&nbsp;&nbsp;| Mensageiro de Bragan\u00e7a<\/li>\n<li><a href=\"https:\/\/news.google.com\/rss\/articles\/CBMiVEFVX3lxTE5VUHB1bW1aTGc5MVB2YUtsZlhYYWtpM0trbDNfMTZLdWhCQVQwQnktY2NPWXNRZTlaUGd1Vmpxel8tRlhvSWZzcjk1bDhhcmdNdVN2UQ?oc=5\" target=\"_blank\" rel=\"nofollow noopener\">Bragan\u00e7a escolheu mudar<\/a>&nbsp;&nbsp;Jornal Nordeste<\/li>\n<li><a href=\"https:\/\/news.google.com\/rss\/articles\/CBMitgFBVV95cUxPSFJpTE81VGI0NGM2dGJkRUh1QjdhM0ZtbnB5bWFDcjI4SEZkeklMSjZfVWN5NldubjhHbWxGWTU5RktSZzlLX0VoYWI2Rm11Yy1WQXVwUGZORU9LSUFaWm9mQzRKdEhXLWZtMTlsOU1rd0hqYWVkWXY4R19rT1ZrblV3cEQ4VGhlRWFsSGM1ekp3ekV2Q2M5bDg3YllocUwtSWFuUnVEZHFMVlRURVFWeHV0TmdIZw?oc=5\" target=\"_blank\" rel=\"nofollow noopener\">Bragan\u00e7a. Autarca pelo PS diz que ap\u00f3s tomar posse &#8220;n\u00e3o h\u00e1 partidos&#8221;<\/a>&nbsp;&nbsp;Not\u00edcias ao Minuto<\/li>\n<li><a href=\"https:\/\/news.google.com\/rss\/articles\/CBMikgFBVV95cUxQdXd5V0lqZElyVFdXenRNQlJuenkwTm4wTkRYNmpOcnl0S2FVQnhudm1pOWk2LUdneGNIU081dTc3VmItYmtVQTRldnoybTg3bHlrYlZDZmdwd1Q4bjlzaXdXSFVydGUxdDVIblNLUHMyaHVvenpzdXo0aUZyc2xxMjBlNlA1THVVa1NoMm5RUWFXUdIBhwFBVV95cUxQd3MyUVptVE52MVJYWk9sRXRfS2tFZXBjZkNiZnBYV08xZ05IaEdJbE5tRVBucjdISmU4UXA4Tl81djJBS2FSdXlsaUZMOVBnZ2JiQXNyay1OYjhyVEtTajhYVHBjTURJYkI4VmRnUmZYSHltUVd0NTA4cmhSLWZXWnJLSVQ0Tjg?oc=5\" target=\"_blank\" rel=\"nofollow noopener\">PS conquista Rabal, terra da fam\u00edlia de Montenegro<\/a>&nbsp;&nbsp;Jornal de Not\u00edcias<\/li>\n<\/ol>\n","protected":false},"excerpt":{"rendered":"Isabel Ferreira, presidente eleita em Bragan\u00e7a: &#8220;Acima do preconceito estiveram pessoas esclarecidas\u201d&nbsp;&nbsp;Di\u00e1rio de Not\u00edcias Resultados das elei\u00e7\u00f5es aut\u00e1rquicas&hellip;\n","protected":false},"author":2,"featured_media":120105,"comment_status":"","ping_status":"","sticky":false,"template":"","format":"standard","meta":{"footnotes":""},"categories":[10],"tags":[2431,1450,27,28,306,741,15,16,19835,14,26458,25,26,21,22,12,13,19,20,15086,32,23,24,33,27909,19836,17,18,29,30,31],"class_list":{"0":"post-120104","1":"post","2":"type-post","3":"status-publish","4":"format-standard","5":"has-post-thumbnail","7":"category-portugal","8":"tag-autarquicas-2025","9":"tag-braganca","10":"tag-breaking-news","11":"tag-breakingnews","12":"tag-edicao-impressa","13":"tag-entrevista","14":"tag-featured-news","15":"tag-featurednews","16":"tag-ferrovia","17":"tag-headlines","18":"tag-isabel-ferreira","19":"tag-latest-news","20":"tag-latestnews","21":"tag-main-news","22":"tag-mainnews","23":"tag-news","24":"tag-noticias","25":"tag-noticias-principais","26":"tag-noticiasprincipais","27":"tag-partido-socialista","28":"tag-portugal","29":"tag-principais-noticias","30":"tag-principaisnoticias","31":"tag-pt","32":"tag-secretaria-de-estado","33":"tag-tgv","34":"tag-top-stories","35":"tag-topstories","36":"tag-ultimas","37":"tag-ultimas-noticias","38":"tag-ultimasnoticias"},"share_on_mastodon":{"url":"","error":"Validation failed: Text character limit of 500 exceeded"},"_links":{"self":[{"href":"https:\/\/www.europesays.com\/pt\/wp-json\/wp\/v2\/posts\/120104","targetHints":{"allow":["GET"]}}],"collection":[{"href":"https:\/\/www.europesays.com\/pt\/wp-json\/wp\/v2\/posts"}],"about":[{"href":"https:\/\/www.europesays.com\/pt\/wp-json\/wp\/v2\/types\/post"}],"author":[{"embeddable":true,"href":"https:\/\/www.europesays.com\/pt\/wp-json\/wp\/v2\/users\/2"}],"replies":[{"embeddable":true,"href":"https:\/\/www.europesays.com\/pt\/wp-json\/wp\/v2\/comments?post=120104"}],"version-history":[{"count":0,"href":"https:\/\/www.europesays.com\/pt\/wp-json\/wp\/v2\/posts\/120104\/revisions"}],"wp:featuredmedia":[{"embeddable":true,"href":"https:\/\/www.europesays.com\/pt\/wp-json\/wp\/v2\/media\/120105"}],"wp:attachment":[{"href":"https:\/\/www.europesays.com\/pt\/wp-json\/wp\/v2\/media?parent=120104"}],"wp:term":[{"taxonomy":"category","embeddable":true,"href":"https:\/\/www.europesays.com\/pt\/wp-json\/wp\/v2\/categories?post=120104"},{"taxonomy":"post_tag","embeddable":true,"href":"https:\/\/www.europesays.com\/pt\/wp-json\/wp\/v2\/tags?post=120104"}],"curies":[{"name":"wp","href":"https:\/\/api.w.org\/{rel}","templated":true}]}}