{"id":120120,"date":"2025-10-21T10:35:07","date_gmt":"2025-10-21T10:35:07","guid":{"rendered":"https:\/\/www.europesays.com\/pt\/120120\/"},"modified":"2025-10-21T10:35:07","modified_gmt":"2025-10-21T10:35:07","slug":"sanae-takaichi-torna-se-a-primeira-mulher-a-liderar-o-governo-do-japao","status":"publish","type":"post","link":"https:\/\/www.europesays.com\/pt\/120120\/","title":{"rendered":"Sanae Takaichi torna-se a primeira mulher a liderar o Governo do Jap\u00e3o"},"content":{"rendered":"<p>                    A C\u00e2mara Baixa do Parlamento japon\u00eas nomeou Takaichi, de 64 anos, logo na primeira vota\u00e7\u00e3o e a sua nomea\u00e7\u00e3o ser\u00e1 oficializada quando se encontrar com o imperador Naruhito ainda esta ter\u00e7a-feira. <b>Contendo a emo\u00e7\u00e3o, a nova primeira-ministra inclinou-se v\u00e1rias vezes perante os membros do Parlamento.<\/b><br \/>&#13;<br \/>\nA quinta l\u00edder do arquip\u00e9lago no mesmo n\u00famero de anos enfrenta uma &#13;<br \/>\nsitua\u00e7\u00e3o pol\u00edtica delicada no pa\u00eds, mas tamb\u00e9m uma agenda internacional &#13;<br \/>\ndensa, que tem como primeiro ponto mais alto a visita ao Jap\u00e3o do &#13;<br \/>\npresidente norte-americano, Donald Trump, j\u00e1 na pr\u00f3xima semana.<\/p>\n<p>Sanae Takaichi conquistou, a 4 de outubro, a presid\u00eancia do Partido Liberal Democr\u00e1tico (PLD), a forma\u00e7\u00e3o conservadora de direita no poder, quase ininterruptamente desde 1955, mas que nos \u00faltimos meses perdeu a maioria nas duas c\u00e2maras do Parlamento nip\u00f3nico devido, nomeadamente, a esc\u00e2ndalos financeiros.<\/p>\n<p><b>O aliado tradicional do PLD, o partido centrista Komeito, abandonou a coliga\u00e7\u00e3o em vigor desde 1999, incomodado com os esc\u00e2ndalos e as opini\u00f5es conservadoras de Sanae Takaichi.<\/b><\/p>\n<p>Para garantir a elei\u00e7\u00e3o para a chefia do Governo e suceder ao primeiro-ministro cessante, Shigeru Ishiba, Takaichi formou na segunda-feira uma alian\u00e7a com o Partido Japon\u00eas para a Inova\u00e7\u00e3o (Ishin), uma forma\u00e7\u00e3o reformista de centro-direita.Inspirada em Margaret Thatcher<br \/>&#13;<br \/>\n<b>Sanae Takaichi<\/b>, admiradora da ex-primeira-ministra brit\u00e2nica Margaret Thatcher, apelidada de Dama de Ferro, <b>prometeu um governo com um n\u00famero &#8220;escandinavo&#8221; de mulheres<\/b>, em compara\u00e7\u00e3o com apenas duas no gabinete do antecessor Shigeru Ishiba.<\/p>\n<p><b>Uma delas dever\u00e1 ser a ultraconservadora Satsuki Katayama, ex-ministra da Revitaliza\u00e7\u00e3o Regional, que ir\u00e1 desempenhar as fun\u00e7\u00f5es de ministra das Finan\u00e7as, segundo os meios de comunica\u00e7\u00e3o japoneses.<\/b>As mulheres s\u00e3o raras na pol\u00edtica japonesa e nos &#13;<br \/>\nconselhos corporativos: o arquip\u00e9lago ocupa a 118\u00aa posi\u00e7\u00e3o entre 148 no &#13;<br \/>\nRelat\u00f3rio de Igualdade de G\u00e9nero de 2025 do F\u00f3rum Econ\u00f3mico Mundial. A &#13;<br \/>\nIsl\u00e2ndia, a Finl\u00e2ndia e a Noruega ocupam as tr\u00eas primeiras posi\u00e7\u00f5es. <\/p>\n<p>Sanae Takaichi, <b>ex-baterista de uma banda universit\u00e1ria de heavy metal<\/b>, espera sensibilizar os japoneses para os desafios da sa\u00fade feminina e \u00e9 aberta sobre os seus sintomas relacionados com a menopausa.<\/p>\n<p>As suas posi\u00e7\u00f5es pol\u00edticas sobre a igualdade de g\u00e9nero, no entanto, colocam-na \u00e0 direita do j\u00e1 conservador Partido Liberal Democrata (LDP): <b>op\u00f5e-se \u00e0 revis\u00e3o de uma lei do s\u00e9culo XIX que exige que os casais partilhem os seus apelidos e apoia uma sucess\u00e3o imperial exclusivamente masculina.<\/b><\/p>\n<p>Ela pr\u00f3pria foi casada duas vezes \u2014 com o mesmo homem, o ex-deputado Taku Yamamoto, cujo apelido adotou durante o primeiro casamento. No segundo casamento, adotou o apelido da mulher: agora chama-se Takaichi. O casal n\u00e3o tem filhos.<br \/>&#13;<br \/>\n<b><br \/>&#13;<br \/>\nSanae Takaichi conta com o apoio apaixonado da ala conservadora do PLD e entre os apoiantes do ex-primeiro-ministro Shinzo Abe, assassinado em 2022.<\/b>Takaichi tamb\u00e9m enfrentar\u00e1 a luta contra o decl\u00ednio demogr\u00e1fico do Jap\u00e3o e a recupera\u00e7\u00e3o da quarta maior economia mundial. <\/p>\n<p>Em rela\u00e7\u00e3o \u00e0 economia, a nova primeira-ministra apoia uma flexibiliza\u00e7\u00e3o monet\u00e1ria agressiva e gastos fiscais significativos, ecoando as pol\u00e9micas pol\u00edticas &#8220;Abenomics&#8221; de Shinzo Abe, embora tenha suavizado a sua posi\u00e7\u00e3o nas \u00faltimas semanas.<\/p>\n<p><b>Os rendimentos do iene e das obriga\u00e7\u00f5es ca\u00edram ap\u00f3s a vota\u00e7\u00e3o<\/b>, devido \u00e0s expectativas do mercado de que Takaichi, conhecida como defensora de pol\u00edticas fiscais e monet\u00e1rias expansionistas, realizaria grandes gastos e se oporia a um aumento antecipado das taxas de juro por parte do Banco do Jap\u00e3o.<br \/>&#13;<br \/>\n<b><br \/>&#13;<br \/>\nO desafio da nova primeira-ministra do Jap\u00e3o, ser\u00e1 procurar a expans\u00e3o fiscal sem provocar uma queda indesejada do iene.<\/b>Com a infla\u00e7\u00e3o a ultrapassar a sua meta de dois por &#13;<br \/>\ncento, a sa\u00edda do Banco do Jap\u00e3o do est\u00edmulo de uma d\u00e9cada no ano &#13;<br \/>\npassado e os seus dois aumentos de juros desde ent\u00e3o ocorreram no meio &#13;<br \/>\nda press\u00e3o pol\u00edtica para combater a queda do iene, que estava a aumentar&#13;<br \/>\no custo de vida.<\/p>\n<p><b>Sanae Takaichi adotou tamb\u00e9m posi\u00e7\u00f5es firmes sobre a imigra\u00e7\u00e3o e os turistas estrangeiros, duas quest\u00f5es que emergiram como quest\u00f5es-chave na disputa pela lideran\u00e7a do Partido Liberal Democrata (PLD, direita nacionalista).<\/b><\/p>\n<p>A sua ascens\u00e3o coincide com uma mudan\u00e7a no interesse dos eleitores em se afastarem do PLD, partido que governa o Jap\u00e3o h\u00e1 d\u00e9cadas, particularmente a favor do Sanseito, um novo partido nacionalista que alargou o seu apoio com mensagens anti-imigra\u00e7\u00e3o.Plano externo <br \/>&#13;<br \/>\nInternacionalmente, a nova primeira-ministra japonesa j\u00e1 tinha defendido que o Jap\u00e3o \u00e9 &#8220;completamente desrespeitado pela China&#8221; e que T\u00f3quio deve &#8220;enfrentar a amea\u00e7a \u00e0 seguran\u00e7a&#8221; representada por Pequim, ao mesmo tempo que apelava a uma maior coopera\u00e7\u00e3o em mat\u00e9ria de seguran\u00e7a com Taiwan.<\/p>\n<p><b>Sanae Takaichi moderou recentemente a sua ret\u00f3rica sobre a China e, na semana passada, absteve-se prudentemente de visitar o Santu\u00e1rio Yasukuni, um s\u00edmbolo do passado militarista do Jap\u00e3o para os vizinhos do Jap\u00e3o.<\/b><\/p>\n<p>Sanae Takaichi, que j\u00e1 teve a pasta da Seguran\u00e7a Econ\u00f3mica, manifestou apoio a Taiwan, declarando durante uma visita em abril que era &#8220;crucial&#8221; refor\u00e7ar a coopera\u00e7\u00e3o em mat\u00e9ria de seguran\u00e7a entre Taip\u00e9 e T\u00f3quio.<\/p>\n<p>Recentemente, <b>Sanae Takaichi declarou que n\u00e3o hesitaria em solicitar uma renegocia\u00e7\u00e3o das tarifas com os Estados Unidos <\/b>se certas partes do acordo fossem &#8220;injustas ou prejudiciais&#8221; para o Jap\u00e3o \u2014 antes de moderar um pouco a sua posi\u00e7\u00e3o.O presidente dos EUA, Donald Trump, tem uma visita agendada ao Jap\u00e3o na pr\u00f3xima semana. <\/p>\n<p><b>Entre os poss\u00edveis pontos de disc\u00f3rdia est\u00e3o os contornos ainda indefinidos dos 500 mil milh\u00f5es de d\u00f3lares de investimentos que o Jap\u00e3o est\u00e1 a considerar como parte do seu acordo comercial com Washington.<\/b><\/p>\n<p>&#13;<br \/>\nTrump tamb\u00e9m quer que T\u00f3quio deixe de importar energia russa e aumente os seus gastos com a defesa.&#13;\n<\/p>\n<p>&#13;<br \/>\nc\/ ag\u00eancias\u00a0&#13;<\/p>\n","protected":false},"excerpt":{"rendered":"A C\u00e2mara Baixa do Parlamento japon\u00eas nomeou Takaichi, de 64 anos, logo na primeira vota\u00e7\u00e3o e a sua&hellip;\n","protected":false},"author":2,"featured_media":120121,"comment_status":"","ping_status":"","sticky":false,"template":"","format":"standard","meta":{"footnotes":""},"categories":[50],"tags":[27,28,15,16,301,14,461,25,26,21,22,62,12,13,19,20,27911,23,24,27910,17,18,29,30,31,63,64,65],"class_list":{"0":"post-120120","1":"post","2":"type-post","3":"status-publish","4":"format-standard","5":"has-post-thumbnail","7":"category-mundo","8":"tag-breaking-news","9":"tag-breakingnews","10":"tag-featured-news","11":"tag-featurednews","12":"tag-governo","13":"tag-headlines","14":"tag-japao","15":"tag-latest-news","16":"tag-latestnews","17":"tag-main-news","18":"tag-mainnews","19":"tag-mundo","20":"tag-news","21":"tag-noticias","22":"tag-noticias-principais","23":"tag-noticiasprincipais","24":"tag-primeira-ministra","25":"tag-principais-noticias","26":"tag-principaisnoticias","27":"tag-sanae-takaichi","28":"tag-top-stories","29":"tag-topstories","30":"tag-ultimas","31":"tag-ultimas-noticias","32":"tag-ultimasnoticias","33":"tag-world","34":"tag-world-news","35":"tag-worldnews"},"share_on_mastodon":{"url":"https:\/\/pubeurope.com\/@pt\/115411715571985450","error":""},"_links":{"self":[{"href":"https:\/\/www.europesays.com\/pt\/wp-json\/wp\/v2\/posts\/120120","targetHints":{"allow":["GET"]}}],"collection":[{"href":"https:\/\/www.europesays.com\/pt\/wp-json\/wp\/v2\/posts"}],"about":[{"href":"https:\/\/www.europesays.com\/pt\/wp-json\/wp\/v2\/types\/post"}],"author":[{"embeddable":true,"href":"https:\/\/www.europesays.com\/pt\/wp-json\/wp\/v2\/users\/2"}],"replies":[{"embeddable":true,"href":"https:\/\/www.europesays.com\/pt\/wp-json\/wp\/v2\/comments?post=120120"}],"version-history":[{"count":0,"href":"https:\/\/www.europesays.com\/pt\/wp-json\/wp\/v2\/posts\/120120\/revisions"}],"wp:featuredmedia":[{"embeddable":true,"href":"https:\/\/www.europesays.com\/pt\/wp-json\/wp\/v2\/media\/120121"}],"wp:attachment":[{"href":"https:\/\/www.europesays.com\/pt\/wp-json\/wp\/v2\/media?parent=120120"}],"wp:term":[{"taxonomy":"category","embeddable":true,"href":"https:\/\/www.europesays.com\/pt\/wp-json\/wp\/v2\/categories?post=120120"},{"taxonomy":"post_tag","embeddable":true,"href":"https:\/\/www.europesays.com\/pt\/wp-json\/wp\/v2\/tags?post=120120"}],"curies":[{"name":"wp","href":"https:\/\/api.w.org\/{rel}","templated":true}]}}