{"id":120167,"date":"2025-10-21T11:09:08","date_gmt":"2025-10-21T11:09:08","guid":{"rendered":"https:\/\/www.europesays.com\/pt\/120167\/"},"modified":"2025-10-21T11:09:08","modified_gmt":"2025-10-21T11:09:08","slug":"raquel-e-ana-cristina-em-frente-a-frente-com-leandro-estas-feito-cao-raivoso-de-peito-feito-secret-story","status":"publish","type":"post","link":"https:\/\/www.europesays.com\/pt\/120167\/","title":{"rendered":"Raquel e Ana Cristina em frente a frente com Leandro: \u00abEst\u00e1s feito c\u00e3o raivoso de peito feito\u00bb &#8211; Secret Story"},"content":{"rendered":"<p>No Secret Story 9, concorrentes come\u00e7am a manh\u00e3 aos berros. Devido a quest\u00f5es dom\u00e9sticas,\u00a0Raquel e Ana Cristina entram em frente a frente aceso com Leandro: \u00abEst\u00e1s feito c\u00e3o raivoso de peito feito\u00bb.<\/p>\n<p>J\u00e1 pode votar para salvar o seu concorrente favorito:<\/p>\n<p><strong>BRUNO \u2013 761 20 20 04<\/strong><\/p>\n<p><strong>IN\u00caS \u2013 761 20 20 10<\/strong><\/p>\n<p><strong>LILIANA \u2013 761 20 20 14<\/strong><\/p>\n<p><strong>MARIANA \u2013 761 20 20 15<\/strong><\/p>\n<p><strong>RUI \u2013 761 20 20 19<\/strong><\/p>\n<p><a href=\"https:\/\/tvi.iol.pt\/secretstory\/aominuto\" wbo-id=\"32\" rel=\"nofollow noopener\" target=\"_blank\"><strong>Acompanhe, ao minuto, tudo o que acontece na casa mais vigiada do Pa\u00eds.\u00a0<\/strong><\/a><\/p>\n","protected":false},"excerpt":{"rendered":"No Secret Story 9, concorrentes come\u00e7am a manh\u00e3 aos berros. Devido a quest\u00f5es dom\u00e9sticas,\u00a0Raquel e Ana Cristina entram&hellip;\n","protected":false},"author":2,"featured_media":120168,"comment_status":"","ping_status":"","sticky":false,"template":"","format":"standard","meta":{"footnotes":""},"categories":[142],"tags":[114,115,19033,19034,32,33,151,19032],"class_list":{"0":"post-120167","1":"post","2":"type-post","3":"status-publish","4":"format-standard","5":"has-post-thumbnail","7":"category-tv","8":"tag-entertainment","9":"tag-entretenimento","10":"tag-galas-em-video","11":"tag-melhores-momentos-casa-dos-segredos","12":"tag-portugal","13":"tag-pt","14":"tag-tv","15":"tag-videos-secret-story-tvi"},"share_on_mastodon":{"url":"https:\/\/pubeurope.com\/@pt\/115411849249516814","error":""},"_links":{"self":[{"href":"https:\/\/www.europesays.com\/pt\/wp-json\/wp\/v2\/posts\/120167","targetHints":{"allow":["GET"]}}],"collection":[{"href":"https:\/\/www.europesays.com\/pt\/wp-json\/wp\/v2\/posts"}],"about":[{"href":"https:\/\/www.europesays.com\/pt\/wp-json\/wp\/v2\/types\/post"}],"author":[{"embeddable":true,"href":"https:\/\/www.europesays.com\/pt\/wp-json\/wp\/v2\/users\/2"}],"replies":[{"embeddable":true,"href":"https:\/\/www.europesays.com\/pt\/wp-json\/wp\/v2\/comments?post=120167"}],"version-history":[{"count":0,"href":"https:\/\/www.europesays.com\/pt\/wp-json\/wp\/v2\/posts\/120167\/revisions"}],"wp:featuredmedia":[{"embeddable":true,"href":"https:\/\/www.europesays.com\/pt\/wp-json\/wp\/v2\/media\/120168"}],"wp:attachment":[{"href":"https:\/\/www.europesays.com\/pt\/wp-json\/wp\/v2\/media?parent=120167"}],"wp:term":[{"taxonomy":"category","embeddable":true,"href":"https:\/\/www.europesays.com\/pt\/wp-json\/wp\/v2\/categories?post=120167"},{"taxonomy":"post_tag","embeddable":true,"href":"https:\/\/www.europesays.com\/pt\/wp-json\/wp\/v2\/tags?post=120167"}],"curies":[{"name":"wp","href":"https:\/\/api.w.org\/{rel}","templated":true}]}}