{"id":120177,"date":"2025-10-21T11:16:18","date_gmt":"2025-10-21T11:16:18","guid":{"rendered":"https:\/\/www.europesays.com\/pt\/120177\/"},"modified":"2025-10-21T11:16:18","modified_gmt":"2025-10-21T11:16:18","slug":"pode-surgir-em-breve-uma-bolha-multibilionaria-4-vezes-maior-do-que-a-crise-financeira-de-2008","status":"publish","type":"post","link":"https:\/\/www.europesays.com\/pt\/120177\/","title":{"rendered":"Pode surgir em breve uma bolha multibilion\u00e1ria 4 vezes maior do que a crise financeira de 2008"},"content":{"rendered":"<p class=\"wp-caption-text top\"><a href=\"https:\/\/depositphotos.com\/photo\/stock-market-price-digital-display-abstract-7693547.html\" rel=\"nofollow noopener noreferrer\" data-wpel-link=\"exclude\" target=\"_blank\">leungchopan \/ depositphotos<\/a><\/p>\n<p><img decoding=\"async\" loading=\"lazy\" class=\"size-kopa-image-size-3 wp-image-707108\" src=\"https:\/\/www.europesays.com\/pt\/wp-content\/uploads\/2025\/10\/4be629f1ad8b4696814e54c4a506c9fa-783x450.jpg\" alt=\"\" width=\"700\" height=\"402\"  \/><\/p>\n<p><strong>\u00c9 realista pensar num fim abrupto do boom da IA nas bolsas, avisam investidores. O medo aumentou at\u00e9 no mercado obrigacionista.<\/strong><\/p>\n<p>As bolsas est\u00e3o em alta. NS&amp;P 500 e Nasdaq t\u00eam atingido recordes nas \u00faltimas semanas; s\u00f3 neste ano j\u00e1 houve mais de 30 valores m\u00e1ximos. Entre Janeiro e Junho deste ano, oito bolsas na Europa valorizaram mais de 20%.<\/p>\n<p>Por c\u00e1, o PSI, \u00edndice de refer\u00eancia da bolsa de Lisboa, cresceu 17% s\u00f3 no primeiro semestre de 2025; ainda na semana passada atingiu o seu n\u00edvel mais alto desde Abril de 2010.<\/p>\n<p>Mas os <strong>investidores j\u00e1 n\u00e3o confiam no boom<\/strong>. Quase diariamente, grandes gestores alertam para uma bolha. <strong>\u00c9 realista pensar numa bolha multibilion\u00e1ria<\/strong>, l|e-se no <a href=\"https:\/\/www.handelsblatt.com\/finanzen\/maerkte\/boerse-inside\/geldanlage-schlimmer-als-die-finanzkrise-maerkte-befuerchten-multi-blase\/100160046.html\" data-wpel-link=\"external\" target=\"_blank\" rel=\"nofollow external noopener noreferrer\" class=\"ext-link\">Handelsblatt<\/a>.<\/p>\n<p>IA<\/p>\n<p>A bolha teria um ponto central: <strong>Intelig\u00eancia Artificial<\/strong> (IA). \u00c9 realista pensar num fim abrupto do boom da IA nas bolsas, avisam investidores.<\/p>\n<p>Jeff Bezos, fundador da Amazon, abordou uma poss\u00edvel <strong>\u201cbolha industrial\u201d<\/strong> na IA.<\/p>\n<p>Todas as ideias, boas ou m\u00e1s, recebem financiamento agora \u2013 mas n\u00e3o vai ser sempre assim.<\/p>\n<p>Colapso<\/p>\n<p>David Solomon, director do Goldman Sachs, alerta para um colapso nos mercados financeiros, porque os<strong> enormes investimentos em IA \u201cno final n\u00e3o v\u00e3o trazer retorno<\/strong> \u2013 e quando isso acontecer, as pessoas n\u00e3o se v\u00e3o sentir bem\u201d.<\/p>\n<p>Carsten Roemheld, estratega de mercados de capitais da Fidelity International, est\u00e1 especialmente preocupado com o aumento das participa\u00e7\u00f5es entre as grandes empresas de tecnologia: \u201cSe a Nvidia investir 100 mil milh\u00f5es de d\u00f3lares na OpenAI, isso impulsiona a forma\u00e7\u00e3o de uma bolha\u201d.<\/p>\n<p><strong>\u201c\u00c9 natural que a primeira onda de IA chegue ao fim\u201d,<\/strong> continua Roemheld. O problema \u00e9 que <strong>todo o mercado accionista depende bastante dos movimentos na IA<\/strong>: \u201cNos \u00faltimos anos, o mercado foi praticamente conduzido por um ciclo especial de IA; a concentra\u00e7\u00e3o dos maiores valores \u00e9 muito elevada. O mercado de ac\u00e7\u00f5es est\u00e1 por um fio\u201d.<\/p>\n<p>O especialista deixa um alerta claro: h\u00e1 grandes empresas do sector tecnol\u00f3gico que est\u00e3o a ter <strong>previs\u00f5es<\/strong> \u201csimplesmente <strong>irreais\u201d<\/strong> sobre os retornos que esperam ter.<\/p>\n<p>Dario Perkins, economista do TS Lombard: \u201cAs grandes empresas de tecnologia gastam 400 mil milh\u00f5es de d\u00f3lares por ano numa corrida para ver quem consegue criar um \u2018deus digital\u2019. E dizem mesmo que <strong>o retorno n\u00e3o lhes interessa<\/strong>\u201d.<\/p>\n<p>E se a bolha rebentar mesmo?<\/p>\n<p>Vai ser<strong> 17 vezes maior<\/strong> do que a bolha tecnol\u00f3gica de <strong>2000<\/strong> e <strong>4 vezes maior<\/strong> do que a bolha imobili\u00e1ria que desencadeou a crise financeira de <strong>2008.<\/strong> As contas s\u00e3o de Julien Garran, da Macro Strategy Partnership.<\/p>\n<p>Ali\u00e1s, em corredores de Wall Street j\u00e1 nem se fala sobre o \u201cse\u201d. Fala-se sobre o <strong>\u201cquando\u201d<\/strong> \u00e9 que a bolha vai surgir (embora tamb\u00e9m haja alguns optimistas sobre um crescimento prolongado dos mercados).<\/p>\n<p>Obriga\u00e7\u00f5es e privados<\/p>\n<p>O medo aumentou at\u00e9 no <strong>mercado obrigacionista:<\/strong> os pr\u00e9mios de risco das obriga\u00e7\u00f5es corporativas est\u00e3o nos n\u00edveis mais baixos em d\u00e9cadas, alimentando receios de \u201csobreaquecimento\u201d.<\/p>\n<p>Ray Dalio, investidor influente, j\u00e1 alertou que a d\u00edvida dos EUA se tornou insustent\u00e1vel e poder\u00e1 tornar-se um problema s\u00e9rio para os investidores.<\/p>\n<p>Colm Kelleher (presidente do UBS), Jamie Dimon (CEO do JP Morgan) e o especialista em obriga\u00e7\u00f5es Jeff Gundlach concordam num ponto: <strong>pode vir a\u00ed uma bolha nos mercados de cr\u00e9dito privados.<\/strong><\/p>\n<p>Ou seja, a crise pode chegar aos empr\u00e9stimos concedidos fora do sector banc\u00e1rio e fora do mercado de obriga\u00e7\u00f5es a investidores institucionais.<\/p>\n<p>Choque e interliga\u00e7\u00e3o<\/p>\n<p>Ali\u00e1s, a famosa ag\u00eancia de nota\u00e7\u00e3o financeira Fitch indicou, num relat\u00f3rio recente, que existe o risco de um <strong>choque sist\u00e9mico<\/strong> expor todos os riscos crescentes destes mercados privados, atribuindo-lhes \u201ccaracter\u00edsticas de bolha\u201d.<\/p>\n<p>Poss\u00edveis <strong>factores:<\/strong> crescimento r\u00e1pido dos activos geridos, queda dos pr\u00e9mios de risco e aumento do endividamento dos mutu\u00e1rios, com maior envolvimento de investidores privados.<\/p>\n<p>Outro motivo de preocupa\u00e7\u00e3o \u00e9 a crescente interliga\u00e7\u00e3o entre os mercados privados de cr\u00e9dito e a ind\u00fastria tecnol\u00f3gica: <strong>Meta, Google ou Microsoft quase nunca precisavam de contrair d\u00edvida<\/strong> \u2013 mas agora, com a corrida da IA, <strong>gastam enormes quantias de dinheiro em centros de dados<\/strong>.<\/p>\n<p>O analista do TS Lombard, Dario Perkins, critica: a prioridade das empresas de tecnologia n\u00e3o \u00e9 o retorno do investimento \u2013 \u00e9 manter a lideran\u00e7a. \u201cIsso, por si s\u00f3, \u00e9 um<strong> sinal de alerta<\/strong>\u201d.<\/p>\n<p>Com\u00e9rcio de desvaloriza\u00e7\u00e3o<\/p>\n<p>Todos estes contextos apontam para um <a href=\"https:\/\/zap.aeiou.pt\/comercio-desvalorizacao-chega-nosso-bolso-706162\" data-wpel-link=\"internal\" rel=\"nofollow noopener\" target=\"_blank\">\u201ccom\u00e9rcio de desvaloriza\u00e7\u00e3o\u201d<\/a>: os investidores perdem a confian\u00e7a nas moedas tradicionais e nas finan\u00e7as p\u00fablicas, procurando assim ref\u00fagio em investimentos \u2013 <strong>ouro<\/strong> e <strong>criptomoedas,<\/strong> nesta fase.<\/p>\n<p>Tamb\u00e9m por causa da incerteza econ\u00f3mica mundial, aumenta a desconfian\u00e7a no sistema financeiro tradicional. E, por isso, muitos grandes investidores est\u00e3o a recorrer a investimentos alternativos.<\/p>\n<p>Os investidores esperam que ouro e criptomoedas os protejam contra a infla\u00e7\u00e3o, contra a d\u00edvida e contra a incerteza pol\u00edtica. Tem uma forte natureza especulativa, mas \u00e9 a estrat\u00e9gia assumida por muitos investidores, e que est\u00e1 a movimentar milh\u00f5es e milh\u00f5es de d\u00f3lares.<\/p>\n<p>    <a href=\"https:\/\/zap.aeiou.pt\/subscrever-newsletter\" data-wpel-link=\"internal\" rel=\"nofollow noopener\" target=\"_blank\">&#13;<br \/>\n        <img loading=\"lazy\" decoding=\"async\" class=\"aligncenter size-full wp-image-575475\" src=\"https:\/\/www.europesays.com\/pt\/wp-content\/uploads\/2025\/10\/1759862234_971_2d51fe4a0ba54894421ead1809309ed9-1-450x140.jpg\" alt=\"Subscreva a Newsletter ZAP\" width=\"450\" height=\"140\"\/>&#13;<br \/>\n    <\/a><\/p>\n<p>                <a href=\"https:\/\/whatsapp.com\/channel\/0029VaIC4EE2f3EJZPPSbR34\" data-wpel-link=\"external\" target=\"_blank\" rel=\"nofollow external noopener noreferrer\" class=\"ext-link\">&#13;<br \/>\n                    <img loading=\"lazy\" decoding=\"async\" class=\"aligncenter size-full wp-image-575475\" src=\"https:\/\/www.europesays.com\/pt\/wp-content\/uploads\/2025\/10\/1759862234_512_c68c559d956d4ca20f435ed74a6e71e6.png\" alt=\"Siga-nos no WhatsApp\" width=\"175\" height=\"64\"\/>&#13;<br \/>\n                <\/a><\/p>\n<p>                <a href=\"https:\/\/news.google.com\/publications\/CAAiEHRwZondIV71PDjWNoqMduEqFAgKIhB0cGaJ3SFe9Tw41jaKjHbh?hl=en-US&amp;gl=US&amp;ceid=US%3Aen\" data-wpel-link=\"external\" target=\"_blank\" rel=\"nofollow external noopener noreferrer\" class=\"ext-link\">&#13;<br \/>\n                    <img loading=\"lazy\" decoding=\"async\" class=\"aligncenter size-full wp-image-575475\" src=\"https:\/\/www.europesays.com\/pt\/wp-content\/uploads\/2025\/10\/1759862235_242_5123dd8b087b644fdb8f8603acd1bad4.png\" alt=\"Siga-nos no Google News\" width=\"176\" height=\"64\"\/>&#13;<br \/>\n                <\/a><\/p>\n","protected":false},"excerpt":{"rendered":"leungchopan \/ depositphotos \u00c9 realista pensar num fim abrupto do boom da IA nas bolsas, avisam investidores. O&hellip;\n","protected":false},"author":2,"featured_media":120178,"comment_status":"","ping_status":"","sticky":false,"template":"","format":"standard","meta":{"footnotes":""},"categories":[83],"tags":[475,7273,88,269,5515,1359,476,89,90,3905,933,97,32,33],"class_list":{"0":"post-120177","1":"post","2":"type-post","3":"status-publish","4":"format-standard","5":"has-post-thumbnail","7":"category-empresas","8":"tag-banca","9":"tag-bolsa","10":"tag-business","11":"tag-capa","12":"tag-crise","13":"tag-dinheiro","14":"tag-economia","15":"tag-economy","16":"tag-empresas","17":"tag-financas","18":"tag-inteligencia-artificial","19":"tag-mercados","20":"tag-portugal","21":"tag-pt"},"share_on_mastodon":{"url":"https:\/\/pubeurope.com\/@pt\/115411877025096756","error":""},"_links":{"self":[{"href":"https:\/\/www.europesays.com\/pt\/wp-json\/wp\/v2\/posts\/120177","targetHints":{"allow":["GET"]}}],"collection":[{"href":"https:\/\/www.europesays.com\/pt\/wp-json\/wp\/v2\/posts"}],"about":[{"href":"https:\/\/www.europesays.com\/pt\/wp-json\/wp\/v2\/types\/post"}],"author":[{"embeddable":true,"href":"https:\/\/www.europesays.com\/pt\/wp-json\/wp\/v2\/users\/2"}],"replies":[{"embeddable":true,"href":"https:\/\/www.europesays.com\/pt\/wp-json\/wp\/v2\/comments?post=120177"}],"version-history":[{"count":0,"href":"https:\/\/www.europesays.com\/pt\/wp-json\/wp\/v2\/posts\/120177\/revisions"}],"wp:featuredmedia":[{"embeddable":true,"href":"https:\/\/www.europesays.com\/pt\/wp-json\/wp\/v2\/media\/120178"}],"wp:attachment":[{"href":"https:\/\/www.europesays.com\/pt\/wp-json\/wp\/v2\/media?parent=120177"}],"wp:term":[{"taxonomy":"category","embeddable":true,"href":"https:\/\/www.europesays.com\/pt\/wp-json\/wp\/v2\/categories?post=120177"},{"taxonomy":"post_tag","embeddable":true,"href":"https:\/\/www.europesays.com\/pt\/wp-json\/wp\/v2\/tags?post=120177"}],"curies":[{"name":"wp","href":"https:\/\/api.w.org\/{rel}","templated":true}]}}