{"id":120204,"date":"2025-10-21T11:34:08","date_gmt":"2025-10-21T11:34:08","guid":{"rendered":"https:\/\/www.europesays.com\/pt\/120204\/"},"modified":"2025-10-21T11:34:08","modified_gmt":"2025-10-21T11:34:08","slug":"deborah-secco-faz-mudanca-ousada-no-visual-veja-antes-e-depois","status":"publish","type":"post","link":"https:\/\/www.europesays.com\/pt\/120204\/","title":{"rendered":"Deborah Secco faz mudan\u00e7a ousada no visual; veja antes e depois"},"content":{"rendered":"<p>Nesta segunda-feira (20\/10), Deborah Secco, aos 45 anos, chamou aten\u00e7\u00e3o ao revelar uma nova apar\u00eancia ap\u00f3s uma transforma\u00e7\u00e3o capilar. A atriz disse adeus aos cabelos castanhos e compartilhou um v\u00eddeo do processo de transforma\u00e7\u00e3o para loira.\u00a0<\/p>\n<p>&#8220;Uma nova era. Agora sim: pronta para viver algo incr\u00edvel!!!&#8221;, declarou na legenda.\u00a0<\/p>\n<p>Seus seguidores n\u00e3o economizaram nos elogios. Coment\u00e1rios como &#8220;Ficou linda demais&#8221;, &#8220;Voc\u00ea \u00e9 perfeita em todas as vers\u00f5es, musa&#8221; e &#8220;Quando a gente pensa que \u00e9 imposs\u00edvel ela ficar mais linda\u2026&#8221; encheram a publica\u00e7\u00e3o de coment\u00e1rios positivos. &#8220;Ficou linda demais&#8221;, comentou um seguidor. &#8220;Voc\u00ea \u00e9 perfeita em todas as vers\u00f5es, musa&#8221;, disse outro. &#8220;Quando a gente pensa que \u00e9 imposs\u00edvel ela ficar mais linda\u2026&#8221;, destacou um terceiro.\u00a0<\/p>\n<p>Embora a mudan\u00e7a tenha sido realizada em parceria de publicidade, muitos seguidores especularam que ela pode estar se preparando para retornar ao papel de Raquel Pacheco, personagem de &#8220;Bruna Surfistinha&#8221;. A atriz interpretou a garota de programa em um filme de 2011, baseado na biografia &#8220;O Doce Veneno Do Escorpi\u00e3o: o Di\u00e1rio de uma Garota de Programa&#8221;.<\/p>\n<p>\u00a0<\/p>\n<blockquote class=\"instagram-media\" style=\"background: #FFF; border: 0; border-radius: 3px; box-shadow: 0 0 1px 0 rgba(0,0,0,0.5),0 1px 10px 0 rgba(0,0,0,0.15); margin: 1px; max-width: 540px; min-width: 326px; padding: 0; width: calc(100% - 2px);\" data-instgrm-captioned=\"\" data-instgrm-permalink=\"https:\/\/www.instagram.com\/reel\/DQC-M79kSJD\/?utm_source=ig_embed&amp;utm_campaign=loading\" data-instgrm-version=\"14\"><p>&#13;<br \/>\n&#13;\n<\/p><\/blockquote>\n<p>            <script async src=\"\/\/www.instagram.com\/embed.js\"><\/script><\/p>\n","protected":false},"excerpt":{"rendered":"Nesta segunda-feira (20\/10), Deborah Secco, aos 45 anos, chamou aten\u00e7\u00e3o ao revelar uma nova apar\u00eancia ap\u00f3s uma transforma\u00e7\u00e3o&hellip;\n","protected":false},"author":2,"featured_media":120205,"comment_status":"","ping_status":"","sticky":false,"template":"","format":"standard","meta":{"footnotes":""},"categories":[145],"tags":[211,210,3580,114,115,32,33,6659],"class_list":{"0":"post-120204","1":"post","2":"type-post","3":"status-publish","4":"format-standard","5":"has-post-thumbnail","7":"category-celebridades","8":"tag-celebridades","9":"tag-celebrities","10":"tag-deborah-secco","11":"tag-entertainment","12":"tag-entretenimento","13":"tag-portugal","14":"tag-pt","15":"tag-visual"},"share_on_mastodon":{"url":"https:\/\/pubeurope.com\/@pt\/115411947723915177","error":""},"_links":{"self":[{"href":"https:\/\/www.europesays.com\/pt\/wp-json\/wp\/v2\/posts\/120204","targetHints":{"allow":["GET"]}}],"collection":[{"href":"https:\/\/www.europesays.com\/pt\/wp-json\/wp\/v2\/posts"}],"about":[{"href":"https:\/\/www.europesays.com\/pt\/wp-json\/wp\/v2\/types\/post"}],"author":[{"embeddable":true,"href":"https:\/\/www.europesays.com\/pt\/wp-json\/wp\/v2\/users\/2"}],"replies":[{"embeddable":true,"href":"https:\/\/www.europesays.com\/pt\/wp-json\/wp\/v2\/comments?post=120204"}],"version-history":[{"count":0,"href":"https:\/\/www.europesays.com\/pt\/wp-json\/wp\/v2\/posts\/120204\/revisions"}],"wp:featuredmedia":[{"embeddable":true,"href":"https:\/\/www.europesays.com\/pt\/wp-json\/wp\/v2\/media\/120205"}],"wp:attachment":[{"href":"https:\/\/www.europesays.com\/pt\/wp-json\/wp\/v2\/media?parent=120204"}],"wp:term":[{"taxonomy":"category","embeddable":true,"href":"https:\/\/www.europesays.com\/pt\/wp-json\/wp\/v2\/categories?post=120204"},{"taxonomy":"post_tag","embeddable":true,"href":"https:\/\/www.europesays.com\/pt\/wp-json\/wp\/v2\/tags?post=120204"}],"curies":[{"name":"wp","href":"https:\/\/api.w.org\/{rel}","templated":true}]}}