{"id":120222,"date":"2025-10-21T11:47:07","date_gmt":"2025-10-21T11:47:07","guid":{"rendered":"https:\/\/www.europesays.com\/pt\/120222\/"},"modified":"2025-10-21T11:47:07","modified_gmt":"2025-10-21T11:47:07","slug":"detida-suspeita-de-roubo-de-ouro-do-museu-de-historia-natural-de-paris-patrimonio","status":"publish","type":"post","link":"https:\/\/www.europesays.com\/pt\/120222\/","title":{"rendered":"Detida suspeita de roubo de ouro do museu de Hist\u00f3ria Natural de Paris | Patrim\u00f3nio"},"content":{"rendered":"<p>Uma suspeita pelo roubo organizado de pepitas de ouro do Museu Nacional de Hist\u00f3ria Natural franc\u00eas, em Paris, foi indiciada por aquele crime e continua detida, anunciou esta ter\u00e7a-feira a procuradora Laure Beccuau.<\/p>\n<p>A mulher de 24 anos e com nacionalidade chinesa foi detida a 30 de Setembro em Barcelona e as autoridades locais entregaram-na posteriormente \u00e0s cong\u00e9neres francesas, cumprindo o mandado europeu que tinha sido emitido.<\/p>\n<p>O roubo deste metal precioso aconteceu a 16 de Setembro, pela manh\u00e3, cerca de um m\u00eas antes do <a href=\"https:\/\/www.publico.pt\/2025\/10\/19\/culturaipsilon\/noticia\/museu-louvre-encerrado-apos-roubo-joias-napoleao-2151375\" rel=\"nofollow noopener\" target=\"_blank\">roubo de j\u00f3ias do Louvre<\/a>, que ocorreu no domingo.<\/p>\n<p>Segundo Beccuau, foi um trabalhador de limpeza do Museu Nacional de Hist\u00f3ria Natural que alertou para alguns pequenos destro\u00e7os e um dos respons\u00e1veis pela institui\u00e7\u00e3o detectou ent\u00e3o a falta de pepitas de ouro que costumavam estar em exposi\u00e7\u00e3o.<\/p>\n<p>        &#13;<\/p>\n<p>&#13;<br \/>\n                &#13;\n            <\/p>\n<p>&#13;<\/p>\n<p>Os peda\u00e7os de ouro tinham v\u00e1rias proveni\u00eancias: eram origin\u00e1rios da Bol\u00edvia, cedidas \u00e0 Academia de Ci\u00eancias francesa, no s\u00e9culo XVIII, doadas pelo czar Nicolau I da R\u00fassia, em 1833, da Calif\u00f3rnia, descobertas durante a corrida do ouro na segunda metade do s\u00e9culo XIX e uma outra com mais de cinco quilogramas, descoberta na Austr\u00e1lia, em 1990.<\/p>\n<p>A procuradora de Paris esclareceu que o peso global das pe\u00e7as em falta se cifra em perto de seis quilogramas, com um valor calculado de 1,5 milh\u00f5es de euros, al\u00e9m de haver danos materiais de 50 mil euros nas instala\u00e7\u00f5es.<\/p>\n<p>\u201cO valor hist\u00f3rico e cient\u00edfico destas pe\u00e7as foi considerado incalcul\u00e1vel\u201d, ainda segundo o comunicado de Beccuau, que acrescenta terem sido encontradas no local uma m\u00e1quina rebarbadora angular, um ma\u00e7arico, uma chave de fendas, serras e tr\u00eas botijas de g\u00e1s.<\/p>\n<p>Na grava\u00e7\u00e3o das c\u00e2maras de videovigil\u00e2ncia, os investigadores viram uma s\u00f3 pessoa, pouco depois da uma da manh\u00e3, a mesma que abandonou o museu passadas cerca de tr\u00eas horas.<\/p>\n<p>Atrav\u00e9s de escutas telef\u00f3nicas, determinou-se que a suspeita tinha viajado para fora de Fran\u00e7a no pr\u00f3prio dia do furto, 16 de Setembro, e que estava depois a preparar o seu regresso \u00e0 China, quando foi detida na Catalunha.<\/p>\n<p>Entretanto, o ministro franc\u00eas da Administra\u00e7\u00e3o Interna, Laurent Nu\u00f1ez, decidiu refor\u00e7ar as medidas de seguran\u00e7a em todos os estabelecimentos culturais, ap\u00f3s o <a href=\"https:\/\/www.publico.pt\/2025\/10\/20\/culturaipsilon\/noticia\/louvre-melhor-museu-mundo-piores-falhas-seguranca-2151448\" rel=\"nofollow noopener\" target=\"_blank\">roubo de j\u00f3ias do Louvre<\/a>, igualmente na capital gaulesa.<\/p>\n<p>Um grupo de quatro homens roubou as pe\u00e7as preciosas na manh\u00e3 de domingo, em poucos minutos e quando o museu j\u00e1 estava aberto e com visitantes no seu interior, utilizando uma m\u00e1quina empilhadora, estacionada na respectiva margem do rio Sena, e fazendo-a subir at\u00e9 \u00e0 altura de uma janela do primeiro andar do edif\u00edcio.<\/p>\n<p>O grupo levou oito pe\u00e7as &#8220;de inestim\u00e1vel valor patrimonial&#8221;, entre as quais a tiara da imperatriz Eug\u00e9nia (mulher de Napole\u00e3o III, imperador de 1852 a 1870) e dois colares.<\/p>\n<p>S\u00f3 aquela j\u00f3ia tem 212 p\u00e9rolas e 1.998 diamantes, de acordo com a descri\u00e7\u00e3o do Louvre, enquanto as pe\u00e7as pertencentes \u00e0 rainha Maria Am\u00e9lia contam com m\u00faltiplas safiras e centenas de diamantes.<\/p>\n<p>Este museu parisiense \u00e9 o maior e mais visitado do mundo, com nove milh\u00f5es de pessoas a apreciarem parte das 35.000 obras que a institui\u00e7\u00e3o aloja nos seus 73 mil metros quadrados.<\/p>\n<p>O Louvre tem uma <a href=\"https:\/\/www.publico.pt\/2011\/08\/26\/jornal\/arte-roubada-ha-um-gigantesco-museu-invisivel-22757248\" rel=\"nofollow noopener\" target=\"_blank\">longa hist\u00f3ria de roubos<\/a>, consumados e tentados: \u201cO mais famoso deu-se em 1911, quando a Mona Lisa, de Leonardo da Vinci, desapareceu da respectiva moldura.<\/p>\n<p>O <a href=\"https:\/\/www.publico.pt\/2011\/08\/21\/culturaipsilon\/noticia\/vicenzo-perugia-roubou-mona-lisa-ha-100-anos-e-sonhou-entregala-a-florenca-1508467\" rel=\"nofollow noopener\" target=\"_blank\">roubo foi atribu\u00eddo a Vincenzo Peruggia<\/a> e a obra-prima foi recuperada dois anos depois, em Floren\u00e7a.<\/p>\n","protected":false},"excerpt":{"rendered":"Uma suspeita pelo roubo organizado de pepitas de ouro do Museu Nacional de Hist\u00f3ria Natural franc\u00eas, em Paris,&hellip;\n","protected":false},"author":2,"featured_media":120223,"comment_status":"","ping_status":"","sticky":false,"template":"","format":"standard","meta":{"footnotes":""},"categories":[8],"tags":[27,28,315,1413,15,16,14,25,26,21,22,17544,12,13,19,20,419,32,23,24,33,17,18,29,30,31],"class_list":{"0":"post-120222","1":"post","2":"type-post","3":"status-publish","4":"format-standard","5":"has-post-thumbnail","7":"category-principais-noticias","8":"tag-breaking-news","9":"tag-breakingnews","10":"tag-cultura","11":"tag-cultura-ipsilon","12":"tag-featured-news","13":"tag-featurednews","14":"tag-headlines","15":"tag-latest-news","16":"tag-latestnews","17":"tag-main-news","18":"tag-mainnews","19":"tag-museus","20":"tag-news","21":"tag-noticias","22":"tag-noticias-principais","23":"tag-noticiasprincipais","24":"tag-patrimonio","25":"tag-portugal","26":"tag-principais-noticias","27":"tag-principaisnoticias","28":"tag-pt","29":"tag-top-stories","30":"tag-topstories","31":"tag-ultimas","32":"tag-ultimas-noticias","33":"tag-ultimasnoticias"},"share_on_mastodon":{"url":"https:\/\/pubeurope.com\/@pt\/115411998932175720","error":""},"_links":{"self":[{"href":"https:\/\/www.europesays.com\/pt\/wp-json\/wp\/v2\/posts\/120222","targetHints":{"allow":["GET"]}}],"collection":[{"href":"https:\/\/www.europesays.com\/pt\/wp-json\/wp\/v2\/posts"}],"about":[{"href":"https:\/\/www.europesays.com\/pt\/wp-json\/wp\/v2\/types\/post"}],"author":[{"embeddable":true,"href":"https:\/\/www.europesays.com\/pt\/wp-json\/wp\/v2\/users\/2"}],"replies":[{"embeddable":true,"href":"https:\/\/www.europesays.com\/pt\/wp-json\/wp\/v2\/comments?post=120222"}],"version-history":[{"count":0,"href":"https:\/\/www.europesays.com\/pt\/wp-json\/wp\/v2\/posts\/120222\/revisions"}],"wp:featuredmedia":[{"embeddable":true,"href":"https:\/\/www.europesays.com\/pt\/wp-json\/wp\/v2\/media\/120223"}],"wp:attachment":[{"href":"https:\/\/www.europesays.com\/pt\/wp-json\/wp\/v2\/media?parent=120222"}],"wp:term":[{"taxonomy":"category","embeddable":true,"href":"https:\/\/www.europesays.com\/pt\/wp-json\/wp\/v2\/categories?post=120222"},{"taxonomy":"post_tag","embeddable":true,"href":"https:\/\/www.europesays.com\/pt\/wp-json\/wp\/v2\/tags?post=120222"}],"curies":[{"name":"wp","href":"https:\/\/api.w.org\/{rel}","templated":true}]}}