{"id":120228,"date":"2025-10-21T11:51:09","date_gmt":"2025-10-21T11:51:09","guid":{"rendered":"https:\/\/www.europesays.com\/pt\/120228\/"},"modified":"2025-10-21T11:51:09","modified_gmt":"2025-10-21T11:51:09","slug":"dylan-esclarece-polemica-com-vera-sobre-as-filhas-dela-ela-tem-zero-razao-secret-story","status":"publish","type":"post","link":"https:\/\/www.europesays.com\/pt\/120228\/","title":{"rendered":"Dylan esclarece pol\u00e9mica com Vera: \u00abSobre as filhas dela, ela tem zero raz\u00e3o\u00bb &#8211; Secret Story"},"content":{"rendered":"<p style=\"margin-bottom:11px\">No Secret Story 9, a casa ficou em suspenso ap\u00f3s a expuls\u00e3o de Vera. A Voz pediu aos concorrentes que dessem a sua opini\u00e3o sobre o sucedido, e Dylan aproveitou para esclarecer a sua vers\u00e3o dos acontecimentos. O concorrente negou ter falado diretamente das filhas de Vera durante a din\u00e2mica, explicando que apenas questionou se o exemplo que estava a dar seria o mais adequado. Dylan acrescentou ainda que Vera n\u00e3o pode justificar a sua rea\u00e7\u00e3o como resultado de \u201cum acumular de situa\u00e7\u00f5es\u201d, uma vez que o \u00fanico coment\u00e1rio feito foi nesse contexto.<\/p>\n<p>J\u00e1 pode votar para salvar o seu concorrente favorito:<\/p>\n<p><strong>BRUNO \u2013 761 20 20 04<\/strong><\/p>\n<p><strong>IN\u00caS \u2013 761 20 20 10<\/strong><\/p>\n<p><strong>LILIANA \u2013 761 20 20 14<\/strong><\/p>\n<p><strong>MARIANA \u2013 761 20 20 15<\/strong><\/p>\n<p><strong>RUI \u2013 761 20 20 19<\/strong><\/p>\n<p><a href=\"https:\/\/tvi.iol.pt\/secretstory\/aominuto\" wbo-id=\"32\" rel=\"nofollow noopener\" target=\"_blank\"><strong>Acompanhe, ao minuto, tudo o que acontece na casa mais vigiada do Pa\u00eds.\u00a0<\/strong><\/a><\/p>\n","protected":false},"excerpt":{"rendered":"No Secret Story 9, a casa ficou em suspenso ap\u00f3s a expuls\u00e3o de Vera. A Voz pediu aos&hellip;\n","protected":false},"author":2,"featured_media":120229,"comment_status":"","ping_status":"","sticky":false,"template":"","format":"standard","meta":{"footnotes":""},"categories":[142],"tags":[19105,114,115,19033,19034,32,33,151,11841,19032],"class_list":{"0":"post-120228","1":"post","2":"type-post","3":"status-publish","4":"format-standard","5":"has-post-thumbnail","7":"category-tv","8":"tag-dylan","9":"tag-entertainment","10":"tag-entretenimento","11":"tag-galas-em-video","12":"tag-melhores-momentos-casa-dos-segredos","13":"tag-portugal","14":"tag-pt","15":"tag-tv","16":"tag-vera","17":"tag-videos-secret-story-tvi"},"share_on_mastodon":{"url":"https:\/\/pubeurope.com\/@pt\/115412014357166467","error":""},"_links":{"self":[{"href":"https:\/\/www.europesays.com\/pt\/wp-json\/wp\/v2\/posts\/120228","targetHints":{"allow":["GET"]}}],"collection":[{"href":"https:\/\/www.europesays.com\/pt\/wp-json\/wp\/v2\/posts"}],"about":[{"href":"https:\/\/www.europesays.com\/pt\/wp-json\/wp\/v2\/types\/post"}],"author":[{"embeddable":true,"href":"https:\/\/www.europesays.com\/pt\/wp-json\/wp\/v2\/users\/2"}],"replies":[{"embeddable":true,"href":"https:\/\/www.europesays.com\/pt\/wp-json\/wp\/v2\/comments?post=120228"}],"version-history":[{"count":0,"href":"https:\/\/www.europesays.com\/pt\/wp-json\/wp\/v2\/posts\/120228\/revisions"}],"wp:featuredmedia":[{"embeddable":true,"href":"https:\/\/www.europesays.com\/pt\/wp-json\/wp\/v2\/media\/120229"}],"wp:attachment":[{"href":"https:\/\/www.europesays.com\/pt\/wp-json\/wp\/v2\/media?parent=120228"}],"wp:term":[{"taxonomy":"category","embeddable":true,"href":"https:\/\/www.europesays.com\/pt\/wp-json\/wp\/v2\/categories?post=120228"},{"taxonomy":"post_tag","embeddable":true,"href":"https:\/\/www.europesays.com\/pt\/wp-json\/wp\/v2\/tags?post=120228"}],"curies":[{"name":"wp","href":"https:\/\/api.w.org\/{rel}","templated":true}]}}