{"id":120234,"date":"2025-10-21T11:55:08","date_gmt":"2025-10-21T11:55:08","guid":{"rendered":"https:\/\/www.europesays.com\/pt\/120234\/"},"modified":"2025-10-21T11:55:08","modified_gmt":"2025-10-21T11:55:08","slug":"alzheimer-em-mulheres-o-misterio-que-um-estudo-gigante-nao-conseguiu-resolver","status":"publish","type":"post","link":"https:\/\/www.europesays.com\/pt\/120234\/","title":{"rendered":"Alzheimer em mulheres: o mist\u00e9rio que um estudo gigante n\u00e3o conseguiu resolver"},"content":{"rendered":"<p>                        <img width=\"944\" height=\"531\" src=\"https:\/\/www.europesays.com\/pt\/wp-content\/uploads\/2025\/10\/cerebro-de-homens-e-mulheres-alzheimer-944x531.jpg\" class=\"attachment-custom-large size-custom-large article-featured-image\" alt=\"Estudo colheu mais de 12 mil exames de resson\u00e2ncia. (Foto: Banco de Imagens)\" fetchpriority=\"high\" decoding=\"async\"  \/><\/p>\n<p>Estudo colheu mais de 12 mil exames de resson\u00e2ncia. (Foto: Banco de Imagens)<\/p>\n<p>O efeito parece ser contradit\u00f3rio: o c\u00e9rebro dos homens encolhe mais rapidamente com a velhice do que o das mulheres, mas o Alzheimer afeta quase duas vezes mais mulheres do que homens.<\/p>\n<p>Continua depois da publicidade<\/p>\n<p>\u00c9 o que indica um novo estudo realizado por pesquisadores noruegueses e publicado na revista Proceedings of the National Academy of Sciences (PNAS). O estudo \u00e9 um dos mais completos do g\u00eanero, com mais de 12 mil exames de resson\u00e2ncia de quase 5 mil pacientes.<\/p>\n<p>Entenda melhor essa rela\u00e7\u00e3o contradit\u00f3ria e o que o estudo in\u00e9dito parece indicar.<\/p>\n<p>Perda de massa cerebral<\/p>\n<p>A velhice traz v\u00e1rios efeitos indesej\u00e1veis para o corpo humano. Um deles \u00e9 a perda de massa cinzenta de diversas regi\u00f5es do c\u00e9rebro. A pesquisa mostrou que, com o passar dos anos, o c\u00e9rebro dos homens encolhe mais rapidamente que o das mulheres, inclusive nas regi\u00f5es associadas ao Alzheimer.<\/p>\n<p>Continua depois da publicidade<\/p>\n<p>E \u00e9 uma diferen\u00e7a significativa: enquanto os c\u00e9rebros das mulheres analisados apresentaram 1,2% de perda por ano, os dos homens chegavam a 2% por ano. Os pesquisadores esperavam que a diferen\u00e7a de velocidade explicasse a proemin\u00eancia do Alzheimer, mas o resultado foi o oposto.<\/p>\n<p>E agora?<\/p>\n<p>O resultado oposto da pesquisa confirma mais uma vez que o Alzheimer \u00e9 uma doen\u00e7a complexa, e existem v\u00e1rios fatores em jogo. A diferen\u00e7a entre mulheres e homens pode ter causas hormonais, como os horm\u00f4nios sexuais, gen\u00e9ticas, com os cromossomos, ou at\u00e9 sociais.<\/p>\n<p>\u201cOs resultados apontam para outras poss\u00edveis explica\u00e7\u00f5es para as diferen\u00e7as sexuais na preval\u00eancia da doen\u00e7a de Alzheimer, como diferen\u00e7as na sobreviv\u00eancia ou na vulnerabilidade \u00e0 doen\u00e7a\u201d, contou Anne Ravndal, da Universidade de Oslo, para a revista Nature.<\/p>\n<p>Continua depois da publicidade<\/p>\n<p>Os pesquisadores v\u00e3o seguir utilizando o grande modelo de decl\u00ednio cerebral que montaram, com os mais de 12 mil exames, para investigar doen\u00e7as neurol\u00f3gicas associadas ao envelhecimento.<\/p>\n<p>*Por Jenny Perossi<\/p>\n<p>Voc\u00ea pode gostar tamb\u00e9m de conhecer\u00a0<strong><a href=\"https:\/\/www.nsctotal.com.br\/noticias\/o-petisco-barato-que-tem-mais-proteina-que-o-ovo-e-ainda-baixa-o-colesterol\" target=\"_blank\" rel=\"noreferrer noopener nofollow\">o petisco barato que tem mais prote\u00edna que o ovo (e ainda baixa o colesterol)<\/a><\/strong>\u00a0e que tal dar\u00a0<a href=\"https:\/\/www.nsctotal.com.br\/noticias\/adeus-panela-de-pressao-novo-produto-economiza-tempo-e-e-mais-seguro\" target=\"_blank\" rel=\"noreferrer noopener nofollow\"><strong>adeus panela de press\u00e3o: novo produto economiza tempo e \u00e9 mais seguro<\/strong><\/a>. Veja tamb\u00e9m que o\u00a0<a href=\"https:\/\/cbntotal.com.br\/bem-estar\/uso-de-canetas-emagrecedoras-dispara-230-no-brasil\/\" target=\"_blank\" rel=\"noreferrer noopener nofollow\"><strong>uso de canetas emagrecedoras dispara 230% no Brasil<\/strong><\/a>.<\/p>\n","protected":false},"excerpt":{"rendered":"Estudo colheu mais de 12 mil exames de resson\u00e2ncia. (Foto: Banco de Imagens) O efeito parece ser contradit\u00f3rio:&hellip;\n","protected":false},"author":2,"featured_media":120235,"comment_status":"","ping_status":"","sticky":false,"template":"","format":"standard","meta":{"footnotes":""},"categories":[86],"tags":[116,32,33,117,794],"class_list":{"0":"post-120234","1":"post","2":"type-post","3":"status-publish","4":"format-standard","5":"has-post-thumbnail","7":"category-saude","8":"tag-health","9":"tag-portugal","10":"tag-pt","11":"tag-saude","12":"tag-voce-viu"},"share_on_mastodon":{"url":"https:\/\/pubeurope.com\/@pt\/115412030182926078","error":""},"_links":{"self":[{"href":"https:\/\/www.europesays.com\/pt\/wp-json\/wp\/v2\/posts\/120234","targetHints":{"allow":["GET"]}}],"collection":[{"href":"https:\/\/www.europesays.com\/pt\/wp-json\/wp\/v2\/posts"}],"about":[{"href":"https:\/\/www.europesays.com\/pt\/wp-json\/wp\/v2\/types\/post"}],"author":[{"embeddable":true,"href":"https:\/\/www.europesays.com\/pt\/wp-json\/wp\/v2\/users\/2"}],"replies":[{"embeddable":true,"href":"https:\/\/www.europesays.com\/pt\/wp-json\/wp\/v2\/comments?post=120234"}],"version-history":[{"count":0,"href":"https:\/\/www.europesays.com\/pt\/wp-json\/wp\/v2\/posts\/120234\/revisions"}],"wp:featuredmedia":[{"embeddable":true,"href":"https:\/\/www.europesays.com\/pt\/wp-json\/wp\/v2\/media\/120235"}],"wp:attachment":[{"href":"https:\/\/www.europesays.com\/pt\/wp-json\/wp\/v2\/media?parent=120234"}],"wp:term":[{"taxonomy":"category","embeddable":true,"href":"https:\/\/www.europesays.com\/pt\/wp-json\/wp\/v2\/categories?post=120234"},{"taxonomy":"post_tag","embeddable":true,"href":"https:\/\/www.europesays.com\/pt\/wp-json\/wp\/v2\/tags?post=120234"}],"curies":[{"name":"wp","href":"https:\/\/api.w.org\/{rel}","templated":true}]}}