{"id":120268,"date":"2025-10-21T12:25:09","date_gmt":"2025-10-21T12:25:09","guid":{"rendered":"https:\/\/www.europesays.com\/pt\/120268\/"},"modified":"2025-10-21T12:25:09","modified_gmt":"2025-10-21T12:25:09","slug":"a-fazenda-gaspar-e-leonor-vivem-felizes-para-sempre-novelas","status":"publish","type":"post","link":"https:\/\/www.europesays.com\/pt\/120268\/","title":{"rendered":"A Fazenda: Gaspar e Leonor vivem felizes para sempre &#8211; Novelas"},"content":{"rendered":"<p>Em \u00abA Fazenda\u00bb, Gaspar (Nuno Pardal) olha embevecido para Eva (Margarida Corceiro), que finalmente est\u00e1 livre e bem com Talu (Evandro Gomes). Gaspar fala apreensivo com Janu\u00e1rio (Hoji Fortuna) de cada vez terem menos comida para o gado por causa da seca. Come\u00e7a subitamente a chover torrencialmente, todos sorriem felizes e aliviados. Leonor (Dalila Carmo) vem ter com Gaspar, abra\u00e7ando-o enquanto confirma que as tr\u00eas filhas encontraram a felicidade por terem conseguido ficar com quem amam, Eva com Talu, J\u00falia (Kelly Bailey) com Ary (Isaac Alfaiate), e Mafalda (In\u00eas Aguiar) com Eduardo (Diogo Amaral). Gaspar e Leonor afastam-se a cavalo, juntos e apaixonados para todo o sempre.<\/p>\n","protected":false},"excerpt":{"rendered":"Em \u00abA Fazenda\u00bb, Gaspar (Nuno Pardal) olha embevecido para Eva (Margarida Corceiro), que finalmente est\u00e1 livre e bem&hellip;\n","protected":false},"author":2,"featured_media":120269,"comment_status":"","ping_status":"","sticky":false,"template":"","format":"standard","meta":{"footnotes":""},"categories":[142],"tags":[657,160,166,114,115,157,167,164,2931,161,158,165,159,32,33,156,163,151,162],"class_list":{"0":"post-120268","1":"post","2":"type-post","3":"status-publish","4":"format-standard","5":"has-post-thumbnail","7":"category-tv","8":"tag-a-fazenda","9":"tag-ana-guiomar","10":"tag-cristina-ferreira","11":"tag-entertainment","12":"tag-entretenimento","13":"tag-festa-e-festa","14":"tag-ficcao","15":"tag-jose-fidalgo","16":"tag-novela","17":"tag-novelas","18":"tag-para-sempre","19":"tag-pedro-sousa","20":"tag-pedro-teixeira","21":"tag-portugal","22":"tag-pt","23":"tag-queridos-papas","24":"tag-tiago-teotonio-pereira","25":"tag-tv","26":"tag-tvi"},"share_on_mastodon":{"url":"https:\/\/pubeurope.com\/@pt\/115412148086543223","error":""},"_links":{"self":[{"href":"https:\/\/www.europesays.com\/pt\/wp-json\/wp\/v2\/posts\/120268","targetHints":{"allow":["GET"]}}],"collection":[{"href":"https:\/\/www.europesays.com\/pt\/wp-json\/wp\/v2\/posts"}],"about":[{"href":"https:\/\/www.europesays.com\/pt\/wp-json\/wp\/v2\/types\/post"}],"author":[{"embeddable":true,"href":"https:\/\/www.europesays.com\/pt\/wp-json\/wp\/v2\/users\/2"}],"replies":[{"embeddable":true,"href":"https:\/\/www.europesays.com\/pt\/wp-json\/wp\/v2\/comments?post=120268"}],"version-history":[{"count":0,"href":"https:\/\/www.europesays.com\/pt\/wp-json\/wp\/v2\/posts\/120268\/revisions"}],"wp:featuredmedia":[{"embeddable":true,"href":"https:\/\/www.europesays.com\/pt\/wp-json\/wp\/v2\/media\/120269"}],"wp:attachment":[{"href":"https:\/\/www.europesays.com\/pt\/wp-json\/wp\/v2\/media?parent=120268"}],"wp:term":[{"taxonomy":"category","embeddable":true,"href":"https:\/\/www.europesays.com\/pt\/wp-json\/wp\/v2\/categories?post=120268"},{"taxonomy":"post_tag","embeddable":true,"href":"https:\/\/www.europesays.com\/pt\/wp-json\/wp\/v2\/tags?post=120268"}],"curies":[{"name":"wp","href":"https:\/\/api.w.org\/{rel}","templated":true}]}}