{"id":12028,"date":"2025-08-01T19:44:24","date_gmt":"2025-08-01T19:44:24","guid":{"rendered":"https:\/\/www.europesays.com\/pt\/12028\/"},"modified":"2025-08-01T19:44:24","modified_gmt":"2025-08-01T19:44:24","slug":"vai-de-ferias-e-precisa-de-abastecer-o-carro-proxima-semana-traz-mudancas-nos-combustiveis","status":"publish","type":"post","link":"https:\/\/www.europesays.com\/pt\/12028\/","title":{"rendered":"Vai de f\u00e9rias e precisa de abastecer o carro? Pr\u00f3xima semana traz mudan\u00e7as nos combust\u00edveis"},"content":{"rendered":"<p class=\"category\"><a href=\"https:\/\/sicnoticias.pt\/especiais\/combustiveis\" rel=\"nofollow noopener\" target=\"_blank\">Combust\u00edveis<\/a><\/p>\n<p>O pre\u00e7o dos combust\u00edveis vai voltar a mexer na pr\u00f3xima semana e subir no caso da gasolina. Saiba quanto.<\/p>\n<p><img decoding=\"async\" src=\"https:\/\/www.europesays.com\/pt\/wp-content\/uploads\/2025\/08\/1754077464_928_original.webp\" alt=\"Vai de f\u00e9rias e precisa de abastecer o carro? Pr\u00f3xima semana traz mudan\u00e7as nos combust\u00edveis \"\/><\/p>\n<p>Canva<\/p>\n<p><strong>O sobe e desce no pre\u00e7o dos combust\u00edveis continua e a pr\u00f3xima semana n\u00e3o ser\u00e1 exce\u00e7\u00e3o.<\/strong><\/p>\n<p>Fonte do setor adiantou \u00e0 SIC que o pre\u00e7o do litro do gas\u00f3leo se vai manter mas o da gasolina <strong>vai subir<\/strong><strong> 3 c\u00eantimos.<\/strong><\/p>\n<p>Mas, aten\u00e7\u00e3o, os valores podem variar consoante a zona do pa\u00eds e o posto de abastecimento.<\/p>\n","protected":false},"excerpt":{"rendered":"Combust\u00edveis O pre\u00e7o dos combust\u00edveis vai voltar a mexer na pr\u00f3xima semana e subir no caso da gasolina.&hellip;\n","protected":false},"author":2,"featured_media":12029,"comment_status":"","ping_status":"","sticky":false,"template":"","format":"standard","meta":{"footnotes":""},"categories":[83],"tags":[88,89,90,32,33],"class_list":{"0":"post-12028","1":"post","2":"type-post","3":"status-publish","4":"format-standard","5":"has-post-thumbnail","7":"category-empresas","8":"tag-business","9":"tag-economy","10":"tag-empresas","11":"tag-portugal","12":"tag-pt"},"share_on_mastodon":{"url":"","error":""},"_links":{"self":[{"href":"https:\/\/www.europesays.com\/pt\/wp-json\/wp\/v2\/posts\/12028","targetHints":{"allow":["GET"]}}],"collection":[{"href":"https:\/\/www.europesays.com\/pt\/wp-json\/wp\/v2\/posts"}],"about":[{"href":"https:\/\/www.europesays.com\/pt\/wp-json\/wp\/v2\/types\/post"}],"author":[{"embeddable":true,"href":"https:\/\/www.europesays.com\/pt\/wp-json\/wp\/v2\/users\/2"}],"replies":[{"embeddable":true,"href":"https:\/\/www.europesays.com\/pt\/wp-json\/wp\/v2\/comments?post=12028"}],"version-history":[{"count":0,"href":"https:\/\/www.europesays.com\/pt\/wp-json\/wp\/v2\/posts\/12028\/revisions"}],"wp:featuredmedia":[{"embeddable":true,"href":"https:\/\/www.europesays.com\/pt\/wp-json\/wp\/v2\/media\/12029"}],"wp:attachment":[{"href":"https:\/\/www.europesays.com\/pt\/wp-json\/wp\/v2\/media?parent=12028"}],"wp:term":[{"taxonomy":"category","embeddable":true,"href":"https:\/\/www.europesays.com\/pt\/wp-json\/wp\/v2\/categories?post=12028"},{"taxonomy":"post_tag","embeddable":true,"href":"https:\/\/www.europesays.com\/pt\/wp-json\/wp\/v2\/tags?post=12028"}],"curies":[{"name":"wp","href":"https:\/\/api.w.org\/{rel}","templated":true}]}}