{"id":120291,"date":"2025-10-21T12:47:12","date_gmt":"2025-10-21T12:47:12","guid":{"rendered":"https:\/\/www.europesays.com\/pt\/120291\/"},"modified":"2025-10-21T12:47:12","modified_gmt":"2025-10-21T12:47:12","slug":"ator-comenta-como-foi-de-the-rock-a-cotado-para-o-oscar-em-filme-midianews","status":"publish","type":"post","link":"https:\/\/www.europesays.com\/pt\/120291\/","title":{"rendered":"Ator comenta como foi de The Rock a cotado para o Oscar em filme &#8211; MidiaNews"},"content":{"rendered":"<ol>\n<li><a href=\"https:\/\/news.google.com\/rss\/articles\/CBMiakFVX3lxTE5hdUFZeDVDSVdybTlzeFJROFR1SVJLOW16bEpxM0xwU3RiRndPNnM3dHdqdXNya3RtLVg2cDUyMWVJSHJnQ0hJanhvSDFMVkxyMjdsdDFkMEMtdE5FRGFpeHNrcTNrT3IxSXc?oc=5\" target=\"_blank\" rel=\"nofollow noopener\">Ator comenta como foi de The Rock a cotado para o Oscar em filme<\/a>&nbsp;&nbsp;MidiaNews<\/li>\n<li><a href=\"https:\/\/news.google.com\/rss\/articles\/CBMisgFBVV95cUxONHNVRHVqVzR6c01qcWRTTkVBZ1dGdGk1aVBienpubU5jXzdiUmhveXhjN1VYby1SeFpwejAtZENSUUNPTzFXVGNOem13NGgtYzFTdUhGRGxHTVZnNmVwUjBNZ19fQjg4bUtHNHVmUXVQRGhWQWN5cHdsR01fV2VEc3ZROXVTai1mT1RLazh4OE9JOXhwVlRDQUExTGtONFdVaW03aGFOd1hzTVRGQmd1eHpn?oc=5\" target=\"_blank\" rel=\"nofollow noopener\">Christopher Nolan elogia o desempenho de Dwayne Johnson The Smashing Machine<\/a>&nbsp;&nbsp;Gamereactor<\/li>\n<li><a href=\"https:\/\/news.google.com\/rss\/articles\/CBMiYEFVX3lxTE5vbzlnUWNENXAxMU1FUllHVGR3ZDZvaUxSa2luWjhKQ3VXWmxpZk00dFVhWFI1U1didEZaNFhrX1RnaFZtNzJzaXhaUWlPRGdaYl9kc0diTHRaR2tWRnVkYdIBZkFVX3lxTE1YVlVRT1FqVEJEX1NwejAyVWd2Y21JUnA3ZmNxdS1iZXJiLWlSaWVMLWlNaDlDc0U4TUdqR3hyMldlX1Z6RVZMQjVod2gtbmtIYVJlRG1tUVc3NmhvRWQtbGJwSnFTUQ?oc=5\" target=\"_blank\" rel=\"nofollow noopener\">&#8220;Cora\u00e7\u00e3o de Lutador&#8221;: o custo da gl\u00f3ria e a desconstru\u00e7\u00e3o de um her\u00f3i<\/a>&nbsp;&nbsp;Caf\u00e9 Hist\u00f3ria<\/li>\n<li><a href=\"https:\/\/news.google.com\/rss\/articles\/CBMirwFBVV95cUxQc0JKckR5d294bmZqYXZGTm55OWUwLWsxNEs1OHhYX2I5WGVpbXQ1Y2hTekdiSGlxb0x2QXVSZU1HRHZHR0RiNnA0VGpkaUhFcDl6Y1ZVMy1ic2dzVnVJLWY0QUhuWXBfZFNpRXlpM3F4RmFEUVA3ZHNnNEdnRlpXNWc2UWlBWkhQY3Q0eGU1NW9KU25LaEZ1Z25GWWRuMVQzb3lISHVfMVFmVnJmeXpV?oc=5\" target=\"_blank\" rel=\"nofollow noopener\">Dwayne Johnson estrela filme sobre lutador ic\u00f4nico do UFC<\/a>&nbsp;&nbsp;O TEMPO<\/li>\n<li><a href=\"https:\/\/news.google.com\/rss\/articles\/CBMi-wFBVV95cUxQa0kxVjJ2QXg1dE8xbnBCNFpHRGg0YU1sQ2RCVG0xZ3JTc2lhNVlNeXpseGxpZDI3WUxQRTVtbDQ0NWk5ZG0xTHJmM1JKd21QZS1OR3oyLVowNG40Q05iWE9mNFlVLTZMWlpPRDdMbm04MmRkdk8tRjFpX1dqQkhFOHBUbTF0Q1hOUGk0UzEzc3BpWVBETkRMNlBfa01fS05yeG9CaC05VEprUU5IeFV2Nkc1dFo0VkVxRzhoeS1YZnRKRlpqb1B3VFJURDllWUZIMGE2V1V3M0ptQUppZ0JnLTd5Zm1RQV9EekpoNnFqYXMyMVduMGltZEdNdw?oc=5\" target=\"_blank\" rel=\"nofollow noopener\">\u2018Cora\u00e7\u00e3o de Lutador\u2019 \u00e9 elogiado, mas hist\u00f3ria de Kurt Angle poderia ser um drama ainda mais impactante<\/a>&nbsp;&nbsp;Term\u00f4metro da Pol\u00edtica<\/li>\n<\/ol>\n","protected":false},"excerpt":{"rendered":"Ator comenta como foi de The Rock a cotado para o Oscar em filme&nbsp;&nbsp;MidiaNews Christopher Nolan elogia o&hellip;\n","protected":false},"author":2,"featured_media":120292,"comment_status":"","ping_status":"","sticky":false,"template":"","format":"standard","meta":{"footnotes":""},"categories":[140],"tags":[114,115,147,148,146,3724,3723,32,33,3725],"class_list":{"0":"post-120291","1":"post","2":"type-post","3":"status-publish","4":"format-standard","5":"has-post-thumbnail","7":"category-filmes","8":"tag-entertainment","9":"tag-entretenimento","10":"tag-film","11":"tag-filmes","12":"tag-movies","13":"tag-noticias-da-capital","14":"tag-noticias-de-cuiaba","15":"tag-portugal","16":"tag-pt","17":"tag-urgente-cuiaba"},"share_on_mastodon":{"url":"https:\/\/pubeurope.com\/@pt\/115412234884483795","error":""},"_links":{"self":[{"href":"https:\/\/www.europesays.com\/pt\/wp-json\/wp\/v2\/posts\/120291","targetHints":{"allow":["GET"]}}],"collection":[{"href":"https:\/\/www.europesays.com\/pt\/wp-json\/wp\/v2\/posts"}],"about":[{"href":"https:\/\/www.europesays.com\/pt\/wp-json\/wp\/v2\/types\/post"}],"author":[{"embeddable":true,"href":"https:\/\/www.europesays.com\/pt\/wp-json\/wp\/v2\/users\/2"}],"replies":[{"embeddable":true,"href":"https:\/\/www.europesays.com\/pt\/wp-json\/wp\/v2\/comments?post=120291"}],"version-history":[{"count":0,"href":"https:\/\/www.europesays.com\/pt\/wp-json\/wp\/v2\/posts\/120291\/revisions"}],"wp:featuredmedia":[{"embeddable":true,"href":"https:\/\/www.europesays.com\/pt\/wp-json\/wp\/v2\/media\/120292"}],"wp:attachment":[{"href":"https:\/\/www.europesays.com\/pt\/wp-json\/wp\/v2\/media?parent=120291"}],"wp:term":[{"taxonomy":"category","embeddable":true,"href":"https:\/\/www.europesays.com\/pt\/wp-json\/wp\/v2\/categories?post=120291"},{"taxonomy":"post_tag","embeddable":true,"href":"https:\/\/www.europesays.com\/pt\/wp-json\/wp\/v2\/tags?post=120291"}],"curies":[{"name":"wp","href":"https:\/\/api.w.org\/{rel}","templated":true}]}}