{"id":120297,"date":"2025-10-21T12:50:12","date_gmt":"2025-10-21T12:50:12","guid":{"rendered":"https:\/\/www.europesays.com\/pt\/120297\/"},"modified":"2025-10-21T12:50:12","modified_gmt":"2025-10-21T12:50:12","slug":"depois-do-caos-dylan-assume-estou-aqui-para-assumir-os-meus-erros-secret-story","status":"publish","type":"post","link":"https:\/\/www.europesays.com\/pt\/120297\/","title":{"rendered":"Depois do caos, Dylan assume: \u00abEstou aqui para assumir os meus erros\u00bb &#8211; Secret Story"},"content":{"rendered":"<p style=\"margin-bottom:11px\">No Secret Story 9, o ambiente dentro da casa ficou em suspenso ap\u00f3s a expuls\u00e3o de Vera, um dos momentos mais marcantes da edi\u00e7\u00e3o at\u00e9 agora. Depois do an\u00fancio da decis\u00e3o da Voz, os concorrentes foram convidados a partilhar as suas opini\u00f5es sobre o sucedido \u00a0e as rea\u00e7\u00f5es n\u00e3o tardaram a surgir. Durante o debate, Bruna acabou por chamar a aten\u00e7\u00e3o de Liliana, depois de esta ter afirmado que compreendia e at\u00e9 defendia a atitude de Vera. A troca de palavras gerou algum desconforto entre os colegas, com opini\u00f5es divididas sobre o comportamento que levou \u00e0 expuls\u00e3o. Por sua vez, Dylan, o concorrente envolvido no incidente, mostrou-se sereno e garantiu que n\u00e3o tem nada a esconder. \u00abVou assumir todos os meus erros, mas estou tranquilo no que toca \u00e0s minhas atitudes dentro da casa\u00bb, afirmou, deixando claro que pretende seguir o jogo com foco e sem pol\u00e9micas.<\/p>\n<p>J\u00e1 pode votar para salvar o seu concorrente favorito:<\/p>\n<p><strong>BRUNO \u2013 761 20 20 04<\/strong><\/p>\n<p><strong>IN\u00caS \u2013 761 20 20 10<\/strong><\/p>\n<p><strong>LILIANA \u2013 761 20 20 14<\/strong><\/p>\n<p><strong>MARIANA \u2013 761 20 20 15<\/strong><\/p>\n<p><strong>RUI \u2013 761 20 20 19<\/strong><\/p>\n<p><a href=\"https:\/\/tvi.iol.pt\/secretstory\/aominuto\" wbo-id=\"32\" rel=\"nofollow noopener\" target=\"_blank\"><strong>Acompanhe, ao minuto, tudo o que acontece na casa mais vigiada do Pa\u00eds.\u00a0<\/strong><\/a><\/p>\n","protected":false},"excerpt":{"rendered":"No Secret Story 9, o ambiente dentro da casa ficou em suspenso ap\u00f3s a expuls\u00e3o de Vera, um&hellip;\n","protected":false},"author":2,"featured_media":120298,"comment_status":"","ping_status":"","sticky":false,"template":"","format":"standard","meta":{"footnotes":""},"categories":[85],"tags":[1997,19105,114,115,19033,19016,19034,32,33,19032],"class_list":{"0":"post-120297","1":"post","2":"type-post","3":"status-publish","4":"format-standard","5":"has-post-thumbnail","7":"category-entretenimento","8":"tag-bruna","9":"tag-dylan","10":"tag-entertainment","11":"tag-entretenimento","12":"tag-galas-em-video","13":"tag-liliana","14":"tag-melhores-momentos-casa-dos-segredos","15":"tag-portugal","16":"tag-pt","17":"tag-videos-secret-story-tvi"},"share_on_mastodon":{"url":"https:\/\/pubeurope.com\/@pt\/115412246473355440","error":""},"_links":{"self":[{"href":"https:\/\/www.europesays.com\/pt\/wp-json\/wp\/v2\/posts\/120297","targetHints":{"allow":["GET"]}}],"collection":[{"href":"https:\/\/www.europesays.com\/pt\/wp-json\/wp\/v2\/posts"}],"about":[{"href":"https:\/\/www.europesays.com\/pt\/wp-json\/wp\/v2\/types\/post"}],"author":[{"embeddable":true,"href":"https:\/\/www.europesays.com\/pt\/wp-json\/wp\/v2\/users\/2"}],"replies":[{"embeddable":true,"href":"https:\/\/www.europesays.com\/pt\/wp-json\/wp\/v2\/comments?post=120297"}],"version-history":[{"count":0,"href":"https:\/\/www.europesays.com\/pt\/wp-json\/wp\/v2\/posts\/120297\/revisions"}],"wp:featuredmedia":[{"embeddable":true,"href":"https:\/\/www.europesays.com\/pt\/wp-json\/wp\/v2\/media\/120298"}],"wp:attachment":[{"href":"https:\/\/www.europesays.com\/pt\/wp-json\/wp\/v2\/media?parent=120297"}],"wp:term":[{"taxonomy":"category","embeddable":true,"href":"https:\/\/www.europesays.com\/pt\/wp-json\/wp\/v2\/categories?post=120297"},{"taxonomy":"post_tag","embeddable":true,"href":"https:\/\/www.europesays.com\/pt\/wp-json\/wp\/v2\/tags?post=120297"}],"curies":[{"name":"wp","href":"https:\/\/api.w.org\/{rel}","templated":true}]}}