{"id":120309,"date":"2025-10-21T12:58:09","date_gmt":"2025-10-21T12:58:09","guid":{"rendered":"https:\/\/www.europesays.com\/pt\/120309\/"},"modified":"2025-10-21T12:58:09","modified_gmt":"2025-10-21T12:58:09","slug":"roubo-no-louvre-se-nao-pegarem-os-ladroes-nas-proximas-24-a-48-horas-as-joias-provavelmente-desaparecerao","status":"publish","type":"post","link":"https:\/\/www.europesays.com\/pt\/120309\/","title":{"rendered":"Roubo no Louvre: &#8216;Se n\u00e3o pegarem os ladr\u00f5es nas pr\u00f3ximas 24 a 48 horas, as joias provavelmente desaparecer\u00e3o&#8217;"},"content":{"rendered":"<p><img fetchpriority=\"high\" decoding=\"async\" src=\"https:\/\/www.europesays.com\/pt\/wp-content\/uploads\/2025\/10\/88667630-ad84-11f0-ba75-093eca1ac29b.jpg.webp.webp\"   alt=\"Foto de duas coroas e dois colares com pedras preciosasa\" loading=\"eager\" width=\"976\" height=\"549\" style=\"aspect-ratio:976 \/ 549\" class=\"bbc-139onq\"\/><\/p>\n<p class=\"bbc-by8ykd\" role=\"text\">Cr\u00e9dito, AFP<\/p>\n<p>Legenda da foto, Oito joias da coroa francesa foram roubadas no Museu do Louvre no \u00faltimo domingo<strong id=\"article-byline\" aria-hidden=\"true\" class=\"bbc-m04vo2\">Article Information<\/strong><\/p>\n<ul class=\"bbc-1rvtlej\">\n<li class=\"bbc-oe8da4\">\n<ul role=\"list\" class=\"bbc-r1yif8\">\n<li>Author, Gabriela Pomeroy<\/li>\n<li>Role,  BBC News<\/li>\n<\/ul>\n<\/li>\n<li class=\"bbc-1clfxfc\">\n<p>20 outubro 2025<\/p>\n<\/li>\n<li class=\"bbc-1clfxfc\"\/><\/ul>\n<p dir=\"ltr\" class=\"bbc-hhl7in e17g058b0\">Os <a href=\"https:\/\/www.bbc.com\/portuguese\/topics\/c6vzyv57k0zt\" class=\"focusIndicatorReducedWidth bbc-n8oauk e1p3sufg0\" rel=\"nofollow noopener\" target=\"_blank\">criminosos<\/a>, armados com ferramentas el\u00e9tricas, entraram em plena luz do dia no <a href=\"https:\/\/www.bbc.com\/portuguese\/brasil-45402234\" class=\"focusIndicatorReducedWidth bbc-n8oauk e1p3sufg0\" rel=\"nofollow noopener\" target=\"_blank\">museu mais visitado do mundo <\/a>e roubaram oito joias de grande valor, entre elas um colar de diamantes e esmeraldas que o imperador Napole\u00e3o deu \u00e0 sua esposa.<\/p>\n<p dir=\"ltr\" class=\"bbc-hhl7in e17g058b0\">O Louvre anunciou que permaneceria fechado nesta segunda-feira (20\/10) enquanto as investiga\u00e7\u00f5es continuam. <\/p>\n<p dir=\"ltr\" class=\"bbc-hhl7in e17g058b0\">&#8220;\u00c9 certo que falhamos, j\u00e1 que algu\u00e9m conseguiu estacionar um caminh\u00e3o-guindaste em pleno centro de Paris e subir nele em poucos minutos para levar joias de valor incalcul\u00e1vel&#8221;, declarou o ministro da Justi\u00e7a, G\u00e9rald Darmanin, \u00e0 emissora France Inter. <\/p>\n<p dir=\"ltr\" class=\"bbc-hhl7in e17g058b0\">O ministro acrescentou estar confiante de que a pol\u00edcia acabar\u00e1 prendendo os criminosos. <\/p>\n<p dir=\"ltr\" class=\"bbc-hhl7in e17g058b0\">Contudo, o diretor de uma organiza\u00e7\u00e3o especializada na localizac\u00e3o e recupera\u00e7\u00e3o de obras de arte roubadas alertou que, se os ladr\u00f5es n\u00e3o forem detidos nas pr\u00f3ximas 24 a 48 horas, as joias roubadas provavelmente &#8220;desaparecer\u00e3o para sempre&#8221;. <\/p>\n<p dir=\"ltr\" class=\"bbc-hhl7in e17g058b0\">&#8220;H\u00e1 uma corrida contra o tempo acontecendo agora&#8221;, disse Chris Marinello, diretor executivo da Art Recovery International. <\/p>\n<p dir=\"ltr\" class=\"bbc-hhl7in e17g058b0\">As coroas e tiaras roubadas no assalto podem ser facilmente desmontadas e vendidas em peda\u00e7os.  <\/p>\n<p dir=\"ltr\" class=\"bbc-hhl7in e17g058b0\">Os ladr\u00f5es &#8220;n\u00e3o v\u00e3o mant\u00ea-las intactas, v\u00e3o quebr\u00e1-las, derreter o metal valioso, cortar as pedras preciosas e esconder as provas do crime&#8221;, explicou Marinello, que afirma que seria dif\u00edcil vender essas joias em seu estado original. <\/p>\n<p dir=\"ltr\" class=\"bbc-hhl7in e17g058b0\">A pol\u00edcia francesa &#8220;sabe que, se n\u00e3o prender os ladr\u00f5es nas pr\u00f3ximas 24 a 48 horas, \u00e9 prov\u00e1vel que essas pe\u00e7as j\u00e1 tenham desaparecido&#8221;, ressaltou.<\/p>\n<p dir=\"ltr\" class=\"bbc-hhl7in e17g058b0\">&#8220;Talvez consigam prender os criminosos, mas n\u00e3o recuperar\u00e3o as joias.&#8221;<\/p>\n<p><img decoding=\"async\" src=\"https:\/\/www.europesays.com\/pt\/wp-content\/uploads\/2025\/10\/5cd22400-ad2b-11f0-aa8e-85acf7ab5507.jpg.webp.webp\"   alt=\"Broche antigo repleto de diamantes\" loading=\"lazy\" width=\"2988\" height=\"1681\" style=\"aspect-ratio:2988 \/ 1681\" class=\"bbc-139onq\"\/><\/p>\n<p class=\"bbc-by8ykd\" role=\"text\">Cr\u00e9dito, Jb Reed\/Bloomberg via Getty Images<\/p>\n<p>Legenda da foto, As autoridades francesas afirmam que este broche, que pertenceu \u00e0 imperatriz Eug\u00eania, est\u00e1 entre os objetos roubados<\/p>\n<p dir=\"ltr\" class=\"bbc-hhl7in e17g058b0\">Os meios de comunica\u00e7\u00e3o franceses informaram que uma avalia\u00e7\u00e3o preliminar do Tribunal de Contas (que vai ser publicada em novembro) revelou que um ter\u00e7o das salas da ala onde o roubo aconteceu n\u00e3o possui c\u00e2meras de vigil\u00e2ncia. <\/p>\n<p dir=\"ltr\" class=\"bbc-hhl7in e17g058b0\">O assalto tamb\u00e9m levou as autoridades na Fran\u00e7a a refor\u00e7ar a seguran\u00e7a nas institui\u00e7\u00f5es culturais do pa\u00eds, segundo informaram os assessores do ministro do Interior do pa\u00eds, Laurent Nu\u00f1ez.<\/p>\n<p dir=\"ltr\" class=\"bbc-hhl7in e17g058b0\">A decis\u00e3o foi tomada nesta segunda-feira, ap\u00f3s uma reuni\u00e3o com a pol\u00edcia e v\u00e1rios ministros, e acontece depois do ministro da Justi\u00e7a afirmar que os protocolos de seguran\u00e7a &#8220;falharam&#8221; em impedir o roubo, o que deu ao pa\u00eds uma &#8220;imagem terr\u00edvel&#8221;. <\/p>\n<p dir=\"ltr\" class=\"bbc-hhl7in e17g058b0\">Nu\u00f1ez disse estar ciente da &#8220;grande vulnerabilidade&#8221; da seguran\u00e7a dos museus na Fran\u00e7a. <\/p>\n<p><img decoding=\"async\" src=\"https:\/\/www.europesays.com\/pt\/wp-content\/uploads\/2025\/10\/3c128240-ad45-11f0-ba75-093eca1ac29b.jpg.webp.webp\"   alt=\"Um colar e dois brincos de pedras verdes\" loading=\"lazy\" width=\"2491\" height=\"3000\" style=\"aspect-ratio:2491 \/ 3000\" class=\"bbc-139onq\"\/><\/p>\n<p class=\"bbc-by8ykd\" role=\"text\">Cr\u00e9dito, Museu do Louvre<\/p>\n<p>Legenda da foto, O colar de Maria Luisa e um par de brincos tamb\u00e9m est\u00e3o entre as joias roubadas<img decoding=\"async\" src=\"https:\/\/www.europesays.com\/pt\/wp-content\/uploads\/2025\/10\/41a6e250-ad45-11f0-aa13-0b0479f6f42a.jpg.webp.webp\"   alt=\"Una tiara de ouro com diamantes e p\u00e9rolas\" loading=\"lazy\" width=\"6475\" height=\"3981\" style=\"aspect-ratio:6475 \/ 3981\" class=\"bbc-139onq\"\/><\/p>\n<p class=\"bbc-by8ykd\" role=\"text\">Cr\u00e9dito, Museu do Louvre<\/p>\n<p>Legenda da foto, Uma tiara que pertencia \u00e0 imperatriz Eugenia, esposa de Napole\u00e3o 3, foi roubada <\/p>\n<p>Um assalto em 7 minutos<\/p>\n<p dir=\"ltr\" class=\"bbc-hhl7in e17g058b0\">O roubo ocorreu no domingo, entre as 09:30 e as 09:40, hora local (04:30 e 04:40 no hor\u00e1rio de Bras\u00edlia), pouco depois da abertura do museu aos visitantes.<\/p>\n<p dir=\"ltr\" class=\"bbc-hhl7in e17g058b0\">Quatro ladr\u00f5es utilizaram um elevador mec\u00e2nico montado em um ve\u00edculo para acessar a Galerie d&#8217;Apollon (Galeria de Apolo) atrav\u00e9s de uma varanda pr\u00f3xima ao rio Sena.<\/p>\n<p dir=\"ltr\" class=\"bbc-hhl7in e17g058b0\">As imagens do local mostravam uma escada montada em um ve\u00edculo levando at\u00e9 uma janela do primeiro andar.<\/p>\n<p dir=\"ltr\" class=\"bbc-hhl7in e17g058b0\">Dois dos ladr\u00f5es cortaram os vidros com um cortador de disco alimentado por bateria e entraram no museu.<\/p>\n<p dir=\"ltr\" class=\"bbc-hhl7in e17g058b0\">Em seguida, amea\u00e7aram os guardas \u2014 que evacuaram o pr\u00e9dio. Os criminosos quebraram as vitrines e roubaram as joias, que juntas continham milhares de diamantes e pedras preciosas. <\/p>\n<p dir=\"ltr\" class=\"bbc-hhl7in e17g058b0\">O crime durou apenas sete minutos. <\/p>\n<p><img decoding=\"async\" src=\"https:\/\/www.europesays.com\/pt\/wp-content\/uploads\/2025\/10\/457b42e0-ad45-11f0-b2a1-6f537f66f9aa.png.webp.webp\"   alt=\"Uma coroa de prata com diamantes e pedras azuis\" loading=\"lazy\" width=\"1282\" height=\"882\" style=\"aspect-ratio:1282 \/ 882\" class=\"bbc-139onq\"\/><\/p>\n<p class=\"bbc-by8ykd\" role=\"text\">Cr\u00e9dito, Museu do Louvre<\/p>\n<p>Legenda da foto, Coroa de Maria Amelia tamb\u00e9m foi levada pelos ladr\u00f5es<\/p>\n<p dir=\"ltr\" class=\"bbc-hhl7in e17g058b0\">Quando os alarmes do museu come\u00e7aram a tocar, a equipe do museu seguiu o protocolo previsto, entrando em contato com as for\u00e7as de seguran\u00e7a e protegendo os visitantes, conforme informou o Minist\u00e9rio da Cultura em um comunicado.<\/p>\n<p dir=\"ltr\" class=\"bbc-hhl7in e17g058b0\">Os criminosos tentaram ainda incendiar o ve\u00edculo do lado de fora, mas foram impedidos por um funcion\u00e1rio do museu.<\/p>\n<p dir=\"ltr\" class=\"bbc-hhl7in e17g058b0\">No total, oito joias foram roubadas, entre elas um colar de esmeraldas e diamantes que Napele\u00e3o deu \u00e0 esposa, a imperatriz Maria Luisa. <\/p>\n<p dir=\"ltr\" class=\"bbc-hhl7in e17g058b0\">Tamb\u00e9m foram levadas uma tiara que pertenceu \u00e0 imperatriz Eugenia, esposa de Napole\u00e3o 3, que continha quase 2000 diamantes. <\/p>\n<p dir=\"ltr\" class=\"bbc-hhl7in e17g058b0\">E um colar que pertenceu a Maria Amelia, a \u00faltima rainha da Fran\u00e7a, contendo oito safiras e 631 diamantes. <\/p>\n<p><img decoding=\"async\" src=\"https:\/\/www.europesays.com\/pt\/wp-content\/uploads\/2025\/10\/48f54e70-ad45-11f0-ba75-093eca1ac29b.png.webp.webp\"   alt=\"Colar com diamantes e pedras azuis\" loading=\"lazy\" width=\"875\" height=\"926\" style=\"aspect-ratio:875 \/ 926\" class=\"bbc-139onq\"\/><\/p>\n<p class=\"bbc-by8ykd\" role=\"text\">Cr\u00e9dito, Museu do Louvre<\/p>\n<p>Legenda da foto, Ladr\u00f5es levaram pe\u00e7as que foram usadas pela rainha Maria Am\u00e9lia,  esposa do rei Luis Felipe 1<\/p>\n<p>Lamentos<\/p>\n<p dir=\"ltr\" class=\"bbc-hhl7in e17g058b0\">O presidente da Fran\u00e7a, Emmanuel Macron, descreveu o roubo como um &#8220;ataque a um patrim\u00f4nio que apreciamos porque \u00e9 nossa hist\u00f3ria&#8221;. <\/p>\n<p dir=\"ltr\" class=\"bbc-hhl7in e17g058b0\">Nathalie Goulet, membro da comiss\u00e3o de Finan\u00e7as do Senado franc\u00eas, disse que esse \u00e9 um epis\u00f3dio &#8220;muito doloroso&#8221; para a Fran\u00e7a. <\/p>\n<p dir=\"ltr\" class=\"bbc-hhl7in e17g058b0\">&#8220;Todos estamos decepcionados e irritados&#8221;, declarou \u00e0 BBC, acrescentando que \u00e9 &#8220;dif\u00edcil entender como isso p\u00f4de acontecer t\u00e3o facilmente&#8221;. <\/p>\n<p dir=\"ltr\" class=\"bbc-hhl7in e17g058b0\">Goulet afirmou que o alarme da galeria havia apresentado defeito recentemente: <\/p>\n<p dir=\"ltr\" class=\"bbc-hhl7in e17g058b0\">&#8220;Temos que esperar a investiga\u00e7\u00e3o para saber se o alarme estava desativado&#8221;, disse. <\/p>\n<p dir=\"ltr\" class=\"bbc-hhl7in e17g058b0\">Ele considerou que, se as joias forem fragmentas, elas ser\u00e3o &#8220;usadas em um esquema de lavagem de dinheiro&#8221;. <\/p>\n<p dir=\"ltr\" class=\"bbc-hhl7in e17g058b0\">&#8220;N\u00e3o acredito que estamos lidando com amadores. Trata-se de uma quadrilha organizada e eles n\u00e3o t\u00eam qualquer moral. N\u00e3o apreciam as joias como pe\u00e7as hist\u00f3ricas, apenas como uma forma de lavar seu dinheiro sujo.&#8221;<\/p>\n","protected":false},"excerpt":{"rendered":"Cr\u00e9dito, AFP Legenda da foto, Oito joias da coroa francesa foram roubadas no Museu do Louvre no \u00faltimo&hellip;\n","protected":false},"author":2,"featured_media":120310,"comment_status":"","ping_status":"","sticky":false,"template":"","format":"standard","meta":{"footnotes":""},"categories":[144],"tags":[207,205,206,203,201,202,204,114,115,32,33],"class_list":{"0":"post-120309","1":"post","2":"type-post","3":"status-publish","4":"format-standard","5":"has-post-thumbnail","7":"category-arte-e-design","8":"tag-arte","9":"tag-arte-e-design","10":"tag-artedesign","11":"tag-arts","12":"tag-arts-and-design","13":"tag-artsanddesign","14":"tag-design","15":"tag-entertainment","16":"tag-entretenimento","17":"tag-portugal","18":"tag-pt"},"share_on_mastodon":{"url":"https:\/\/pubeurope.com\/@pt\/115412278001789781","error":""},"_links":{"self":[{"href":"https:\/\/www.europesays.com\/pt\/wp-json\/wp\/v2\/posts\/120309","targetHints":{"allow":["GET"]}}],"collection":[{"href":"https:\/\/www.europesays.com\/pt\/wp-json\/wp\/v2\/posts"}],"about":[{"href":"https:\/\/www.europesays.com\/pt\/wp-json\/wp\/v2\/types\/post"}],"author":[{"embeddable":true,"href":"https:\/\/www.europesays.com\/pt\/wp-json\/wp\/v2\/users\/2"}],"replies":[{"embeddable":true,"href":"https:\/\/www.europesays.com\/pt\/wp-json\/wp\/v2\/comments?post=120309"}],"version-history":[{"count":0,"href":"https:\/\/www.europesays.com\/pt\/wp-json\/wp\/v2\/posts\/120309\/revisions"}],"wp:featuredmedia":[{"embeddable":true,"href":"https:\/\/www.europesays.com\/pt\/wp-json\/wp\/v2\/media\/120310"}],"wp:attachment":[{"href":"https:\/\/www.europesays.com\/pt\/wp-json\/wp\/v2\/media?parent=120309"}],"wp:term":[{"taxonomy":"category","embeddable":true,"href":"https:\/\/www.europesays.com\/pt\/wp-json\/wp\/v2\/categories?post=120309"},{"taxonomy":"post_tag","embeddable":true,"href":"https:\/\/www.europesays.com\/pt\/wp-json\/wp\/v2\/tags?post=120309"}],"curies":[{"name":"wp","href":"https:\/\/api.w.org\/{rel}","templated":true}]}}