{"id":120311,"date":"2025-10-21T13:00:09","date_gmt":"2025-10-21T13:00:09","guid":{"rendered":"https:\/\/www.europesays.com\/pt\/120311\/"},"modified":"2025-10-21T13:00:09","modified_gmt":"2025-10-21T13:00:09","slug":"vem-ai-em-a-protegida-passa-se-algo-de-preocupante-com-laura-novelas","status":"publish","type":"post","link":"https:\/\/www.europesays.com\/pt\/120311\/","title":{"rendered":"Vem a\u00ed em \u00abA Protegida\u00bb: Passa-se algo de preocupante com Laura &#8211; Novelas"},"content":{"rendered":"<p>Em \u00abA Protegida\u00bb, <a href=\"https:\/\/tvi.iol.pt\/novelas\/ator\/mariana-vilalobos\/67ac80ecd34ef72ee44224fe\" wbo-id=\"51\" rel=\"nofollow noopener\" target=\"_blank\">Mariana (Matilde Reym\u00e3o)<\/a>\u00a0pede \u00e0 av\u00f3 para ir buscar a mala, pois conseguiu uma consulta de urg\u00eancia. <a href=\"https:\/\/tvi.iol.pt\/novelas\/ator\/benedita-vilalobos\/67ac818fd34ef72ee4422507\" rel=\"nofollow noopener\" target=\"_blank\">Benedita (Maria do C\u00e9u Guerra)<\/a>\u00a0diz que s\u00f3 vai \u00e0 consulta, se Mariana for primeiro com ela \u00e0 estufa. Mariana estranha o pedido.<\/p>\n<p><a href=\"https:\/\/tvi.iol.pt\/novelas\/search?pagina=1&amp;pesquisa=alexandra+lencastre\" rel=\"nofollow noopener\" target=\"_blank\">Laura (Alexandra Lencastre)<\/a>\u00a0est\u00e1 a trabalhar, quando tem um pressentimento forte e leva a m\u00e3o ao peito. Laura lembra-se de quando Mariana e <a href=\"https:\/\/tvi.iol.pt\/novelas\/ator\/jose-diogo\/67ac875bd34ef72ee4422589\" wbo-id=\"52\" rel=\"nofollow noopener\" target=\"_blank\">Jos\u00e9 Diogo (Pedro Sousa)<\/a>\u00a0eram crian\u00e7as e Benedita prometeu que iam ser sempre o porto seguro de JD. Laura fica confusa por se ter lembrado daquilo agora.<\/p>\n<p>FLASHBACK Mariana pede para deixarem JD ficar mais um bocadinho, mas Laura diz que ele tem de voltar para o orfanato e que t\u00eam muita sorte por o deixarem passar ali tanto tempo. JD agradece todo o carinho e abra\u00e7a-as. JD diz que elas s\u00e3o o mais pr\u00f3ximo que conhece de uma fam\u00edlia. Benedita promete serem sempre o seu porto seguro.<\/p>\n<p>Recorde-se que Laura tem sofrido muitas emo\u00e7\u00f5es fortes:<\/p>\n","protected":false},"excerpt":{"rendered":"Em \u00abA Protegida\u00bb, Mariana (Matilde Reym\u00e3o)\u00a0pede \u00e0 av\u00f3 para ir buscar a mala, pois conseguiu uma consulta de&hellip;\n","protected":false},"author":2,"featured_media":120312,"comment_status":"","ping_status":"","sticky":false,"template":"","format":"standard","meta":{"footnotes":""},"categories":[142],"tags":[168,882,160,6416,166,114,115,157,167,164,885,6415,884,881,161,158,165,159,32,33,156,163,151,162],"class_list":{"0":"post-120311","1":"post","2":"type-post","3":"status-publish","4":"format-standard","5":"has-post-thumbnail","7":"category-tv","8":"tag-a-protegida","9":"tag-alexandra-lencastre","10":"tag-ana-guiomar","11":"tag-benedita","12":"tag-cristina-ferreira","13":"tag-entertainment","14":"tag-entretenimento","15":"tag-festa-e-festa","16":"tag-ficcao","17":"tag-jose-fidalgo","18":"tag-laura","19":"tag-maria-do-ceu-guerra","20":"tag-mariana","21":"tag-matilde-reymao","22":"tag-novelas","23":"tag-para-sempre","24":"tag-pedro-sousa","25":"tag-pedro-teixeira","26":"tag-portugal","27":"tag-pt","28":"tag-queridos-papas","29":"tag-tiago-teotonio-pereira","30":"tag-tv","31":"tag-tvi"},"share_on_mastodon":{"url":"https:\/\/pubeurope.com\/@pt\/115412285746310831","error":""},"_links":{"self":[{"href":"https:\/\/www.europesays.com\/pt\/wp-json\/wp\/v2\/posts\/120311","targetHints":{"allow":["GET"]}}],"collection":[{"href":"https:\/\/www.europesays.com\/pt\/wp-json\/wp\/v2\/posts"}],"about":[{"href":"https:\/\/www.europesays.com\/pt\/wp-json\/wp\/v2\/types\/post"}],"author":[{"embeddable":true,"href":"https:\/\/www.europesays.com\/pt\/wp-json\/wp\/v2\/users\/2"}],"replies":[{"embeddable":true,"href":"https:\/\/www.europesays.com\/pt\/wp-json\/wp\/v2\/comments?post=120311"}],"version-history":[{"count":0,"href":"https:\/\/www.europesays.com\/pt\/wp-json\/wp\/v2\/posts\/120311\/revisions"}],"wp:featuredmedia":[{"embeddable":true,"href":"https:\/\/www.europesays.com\/pt\/wp-json\/wp\/v2\/media\/120312"}],"wp:attachment":[{"href":"https:\/\/www.europesays.com\/pt\/wp-json\/wp\/v2\/media?parent=120311"}],"wp:term":[{"taxonomy":"category","embeddable":true,"href":"https:\/\/www.europesays.com\/pt\/wp-json\/wp\/v2\/categories?post=120311"},{"taxonomy":"post_tag","embeddable":true,"href":"https:\/\/www.europesays.com\/pt\/wp-json\/wp\/v2\/tags?post=120311"}],"curies":[{"name":"wp","href":"https:\/\/api.w.org\/{rel}","templated":true}]}}