{"id":120313,"date":"2025-10-21T13:02:23","date_gmt":"2025-10-21T13:02:23","guid":{"rendered":"https:\/\/www.europesays.com\/pt\/120313\/"},"modified":"2025-10-21T13:02:23","modified_gmt":"2025-10-21T13:02:23","slug":"fogo-contra-fogo-2-michael-mann-sugere-uso-de-ia-para-rejuvenescer-personagens-na-sequencia","status":"publish","type":"post","link":"https:\/\/www.europesays.com\/pt\/120313\/","title":{"rendered":"&#8216;Fogo Contra Fogo 2&#8217;: Michael Mann sugere uso de IA para rejuvenescer personagens na sequ\u00eancia"},"content":{"rendered":"<p>O aclamado cineasta <strong><a href=\"https:\/\/cinepop.com.br\/tag\/michael-mann\/\" title=\"Michael Mann\" rel=\"nofollow noopener\" target=\"_blank\">Michael Mann<\/a><\/strong>, respons\u00e1vel pela sequ\u00eancia<strong> \u2018<a href=\"https:\/\/cinepop.com.br\/tag\/fogo-contra-fogo\/\" title=\"Fogo Contra Fogo\" rel=\"nofollow noopener\" target=\"_blank\">Fogo Contra Fogo<\/a> 2\u2019<\/strong> (Heat 2), falou recentemente sobre o novo longa, destacando que cogita o uso de <strong>Intelig\u00eancia Artificial (IA)<\/strong> para um aspecto crucial da produ\u00e7\u00e3o.<\/p>\n<p><strong>Mann<\/strong> esclareceu que seu interesse pela tecnologia n\u00e3o \u00e9 casual, mas sim motivado por necessidades narrativas:<\/p>\n<p>\u201cEu n\u00e3o experimento tecnologia de forma gratuita\u201d, disse <strong>Mann<\/strong>, em declara\u00e7\u00f5es \u00e0 <a href=\"https:\/\/variety.com\/2025\/film\/global\/michael-mann-ai-in-heat-2-aging-de-aging-1236556078\/\" rel=\"nofollow noopener\" target=\"_blank\">Variety<\/a>. \u201cQuando tenho uma necessidade dram\u00e1tica ou est\u00e9tica, ent\u00e3o me aprofundo no que preciso\u201d.<\/p>\n<p>Ele deu a entender que as t\u00e9cnicas de <strong>IA<\/strong> para modifica\u00e7\u00e3o de idade ser\u00e3o essenciais, visto que o filme atuar\u00e1 como prel\u00fadio e sequ\u00eancia do original:<\/p>\n<p>\u201cEnvelhecer e rejuvenescer personagens pode ser algo muito importante no pr\u00f3ximo filme\u201d, acrescentou.<\/p>\n<p><a href=\"https:\/\/cinepop.com.br\/fogo-contra-fogo-2-michael-mann-confirma-que-a-sequencia-sera-seu-proximo-filme-479832\/\" rel=\"nofollow noopener\" target=\"_blank\">\u2018Fogo contra Fogo 2\u2019: Michael Mann confirma que a sequ\u00eancia ser\u00e1 seu pr\u00f3ximo filme<\/a><\/p>\n<p><strong><a href=\"https:\/\/cinepop.com.br\/tag\/michael-mann\/\" title=\"Michael Mann\" rel=\"nofollow noopener\" target=\"_blank\">Michael Mann<\/a><\/strong> tamb\u00e9m comentou a recente mudan\u00e7a na produ\u00e7\u00e3o, que saiu da <a href=\"https:\/\/cinepop.com.br\/tag\/warner-bros\/\" title=\"Warner Bros\" rel=\"nofollow noopener\" target=\"_blank\">Warner Bros<\/a>. e agora est\u00e1 sob a bandeira da United Artists, controlada pela Amazon MGM.<\/p>\n<p>\u201c\u2018<a href=\"https:\/\/cinepop.com.br\/tag\/fogo-contra-fogo\/\" title=\"Fogo Contra Fogo\" rel=\"nofollow noopener\" target=\"_blank\">Fogo Contra Fogo<\/a> 2\u2019 \u00e9 um filme caro de se fazer, mas acredito que ele deve ser feito no tamanho e escala corretos. Vamos filmar em Chicago, Los Angeles, Paraguai e, possivelmente, algumas partes de Singapura\u201d, destacou.<\/p>\n<p>Ele justificou a necessidade de um grande or\u00e7amento:<\/p>\n<p>\u201cAs pessoas fazem dramas com um certo n\u00edvel or\u00e7ament\u00e1rio por causa dos custos, n\u00e3o porque algu\u00e9m esteja sendo ganancioso. Se fosse mais barato, eu poderia ter feito em qualquer lugar. Mas \u00e9 um projeto complexo. N\u00e3o posso entrar em todos os aspectos pol\u00edticos disso\u201d, ressaltou.<\/p>\n<p><a href=\"https:\/\/cinepop.com.br\/fogo-contra-fogo-2-inicio-das-gravacoes-deve-acontecer-ainda-este-ano-diz-o-diretor-463628\/\" rel=\"nofollow noopener\" target=\"_blank\">\u2018Fogo contra Fogo 2\u2019: In\u00edcio das grava\u00e7\u00f5es deve acontecer ainda este ano, diz o diretor<\/a><\/p>\n<p>Apesar da mudan\u00e7a para um est\u00fadio ligado a um servi\u00e7o de streaming (Amazon), <strong>Mann<\/strong> garantiu um lan\u00e7amento cinematogr\u00e1fico tradicional para a sequ\u00eancia:<\/p>\n<p>\u201cSa\u00edmos da <a href=\"https:\/\/cinepop.com.br\/tag\/warner-bros\/\" title=\"Warner Bros\" rel=\"nofollow noopener\" target=\"_blank\">Warner Bros<\/a>. para a Amazon e a United Artists, mas ele ser\u00e1 lan\u00e7ado nos cinemas nos Estados Unidos, provavelmente em cerca de 4.000 salas, por pelo menos 45 dias\u201d, confirmou o cineasta.<\/p>\n<p><img fetchpriority=\"high\" decoding=\"async\" src=\"https:\/\/www.europesays.com\/pt\/wp-content\/uploads\/2025\/10\/fogo-contra-fogo.jpg\" alt=\"\" width=\"960\" height=\"540\"  \/><\/p>\n<p>Detalhes da trama n\u00e3o foram divulgados.<\/p>\n<p>A produ\u00e7\u00e3o de <strong>\u2018<a href=\"https:\/\/cinepop.com.br\/tag\/fogo-contra-fogo\/\" title=\"Fogo Contra Fogo\" rel=\"nofollow noopener\" target=\"_blank\">Fogo Contra Fogo<\/a> 2\u2019<\/strong> combinar\u00e1 elementos de prequela e sequ\u00eancia, explorando a hist\u00f3ria dos personagens antes e depois dos eventos do filme original.<\/p>\n<p>Mann retorna \u00e0 dire\u00e7\u00e3o do longa, enquanto <strong><a href=\"https:\/\/cinepop.com.br\/tag\/adam-driver\/\" title=\"Adam Driver\" rel=\"nofollow noopener\" target=\"_blank\">Adam Driver<\/a><\/strong>, conhecido por <strong>\u2018Ferrari\u2019<\/strong> e <strong>\u2018Star Wars: O Despertar da For\u00e7a\u2019<\/strong>, \u00e9 o principal cotado para assumir o papel de McCauley, originalmente interpretado por<strong> <a href=\"https:\/\/cinepop.com.br\/tag\/robert-de-niro\/\" title=\"Robert De Niro\" rel=\"nofollow noopener\" target=\"_blank\">Robert De Niro<\/a><\/strong>.<\/p>\n<p>Lan\u00e7ado em 1995, o longa estrelado por<strong>\u00a0De Niro <\/strong>e<strong>\u00a0<a href=\"https:\/\/cinepop.com.br\/tag\/al-pacino\/\" title=\"Al Pacino\" rel=\"nofollow noopener\" target=\"_blank\">Al Pacino<\/a><\/strong> giram em torno de um ilustre detetive e um sofisticado ladr\u00e3o que se enfrentam e compreendem que precisam um do outro, deixando claro que a linha que separa criminosos e policiais nem sempre \u00e9 bem definida.<\/p>\n<p>O elenco tamb\u00e9m contou com <strong><a href=\"https:\/\/cinepop.com.br\/tag\/tom-sizemore\/\" title=\"Tom Sizemore\" rel=\"nofollow noopener\" target=\"_blank\">Tom Sizemore<\/a><\/strong>,\u00a0<strong><a href=\"https:\/\/cinepop.com.br\/tag\/jon-voight\/\" title=\"Jon Voight\" rel=\"nofollow noopener\" target=\"_blank\">Jon Voight<\/a><\/strong>,\u00a0<strong><a href=\"https:\/\/cinepop.com.br\/tag\/amy-brenneman\/\" title=\"Amy Brenneman\" rel=\"nofollow noopener\" target=\"_blank\">Amy Brenneman<\/a><\/strong>,\u00a0<strong><a href=\"https:\/\/cinepop.com.br\/tag\/ashley-judd\/\" title=\"Ashley Judd\" rel=\"nofollow noopener\" target=\"_blank\">Ashley Judd<\/a><\/strong>,\u00a0<strong><a href=\"https:\/\/cinepop.com.br\/tag\/wes-studi\/\" title=\"Wes Studi\" rel=\"nofollow noopener\" target=\"_blank\">Wes Studi<\/a><\/strong> e\u00a0<strong><a href=\"https:\/\/cinepop.com.br\/tag\/val-kilmer\/\" title=\"Val Kilmer\" rel=\"nofollow noopener\" target=\"_blank\">Val Kilmer<\/a><\/strong>.<\/p>\n<p>Al\u00e9m da s\u00f3lida recep\u00e7\u00e3o cr\u00edtica, o longa fez um sucesso de bilheteria ao arrecadar\u00a0<strong>US$187 milh\u00f5es<\/strong> contra um or\u00e7amento de\u00a0<strong>US$60 milh\u00f5es<\/strong> \u2013 tornando-se um dos t\u00edtulos mais influentes do g\u00eanero criminal.<\/p>\n<p>&#8211; Advertisement &#8211;<\/p>\n","protected":false},"excerpt":{"rendered":"O aclamado cineasta Michael Mann, respons\u00e1vel pela sequ\u00eancia \u2018Fogo Contra Fogo 2\u2019 (Heat 2), falou recentemente sobre o&hellip;\n","protected":false},"author":2,"featured_media":120314,"comment_status":"","ping_status":"","sticky":false,"template":"","format":"standard","meta":{"footnotes":""},"categories":[140],"tags":[6344,4418,27930,27931,4955,12616,27932,114,115,147,148,27933,27934,27935,146,27936,32,33,21395,27937,25353,7088,27938],"class_list":{"0":"post-120313","1":"post","2":"type-post","3":"status-publish","4":"format-standard","5":"has-post-thumbnail","7":"category-filmes","8":"tag-adam-driver","9":"tag-al-pacino","10":"tag-amy-brenneman","11":"tag-ashley-judd","12":"tag-austin-butler","13":"tag-duna-parte-2","14":"tag-elvis","15":"tag-entertainment","16":"tag-entretenimento","17":"tag-film","18":"tag-filmes","19":"tag-fogo-contra-fogo","20":"tag-jon-voight","21":"tag-michael-mann","22":"tag-movies","23":"tag-new-regency","24":"tag-portugal","25":"tag-pt","26":"tag-robert-de-niro","27":"tag-tom-sizemore","28":"tag-val-kilmer","29":"tag-warner-bros","30":"tag-wes-studi"},"share_on_mastodon":{"url":"https:\/\/pubeurope.com\/@pt\/115412293736109042","error":""},"_links":{"self":[{"href":"https:\/\/www.europesays.com\/pt\/wp-json\/wp\/v2\/posts\/120313","targetHints":{"allow":["GET"]}}],"collection":[{"href":"https:\/\/www.europesays.com\/pt\/wp-json\/wp\/v2\/posts"}],"about":[{"href":"https:\/\/www.europesays.com\/pt\/wp-json\/wp\/v2\/types\/post"}],"author":[{"embeddable":true,"href":"https:\/\/www.europesays.com\/pt\/wp-json\/wp\/v2\/users\/2"}],"replies":[{"embeddable":true,"href":"https:\/\/www.europesays.com\/pt\/wp-json\/wp\/v2\/comments?post=120313"}],"version-history":[{"count":0,"href":"https:\/\/www.europesays.com\/pt\/wp-json\/wp\/v2\/posts\/120313\/revisions"}],"wp:featuredmedia":[{"embeddable":true,"href":"https:\/\/www.europesays.com\/pt\/wp-json\/wp\/v2\/media\/120314"}],"wp:attachment":[{"href":"https:\/\/www.europesays.com\/pt\/wp-json\/wp\/v2\/media?parent=120313"}],"wp:term":[{"taxonomy":"category","embeddable":true,"href":"https:\/\/www.europesays.com\/pt\/wp-json\/wp\/v2\/categories?post=120313"},{"taxonomy":"post_tag","embeddable":true,"href":"https:\/\/www.europesays.com\/pt\/wp-json\/wp\/v2\/tags?post=120313"}],"curies":[{"name":"wp","href":"https:\/\/api.w.org\/{rel}","templated":true}]}}