{"id":120315,"date":"2025-10-21T13:03:07","date_gmt":"2025-10-21T13:03:07","guid":{"rendered":"https:\/\/www.europesays.com\/pt\/120315\/"},"modified":"2025-10-21T13:03:07","modified_gmt":"2025-10-21T13:03:07","slug":"mourinho-avisa-ivan-lima-se-ressonas-levas-com-a-almofada","status":"publish","type":"post","link":"https:\/\/www.europesays.com\/pt\/120315\/","title":{"rendered":"Mourinho avisa Ivan Lima: \u00abSe ressonas levas com a almofada\u00bb"},"content":{"rendered":"<p style=\"margin-bottom:11px\">\u00c0 espreita da estreia na Liga dos Campe\u00f5es, Ivan Lima integra pela primeira vez uma convocat\u00f3ria para a prova europeia. Depois de fazer a estreia pela equipa principal em Chaves, na Ta\u00e7a (2-0), o extremo de 20 anos sonha com algo maior. Por isso, viajou com Jos\u00e9 Mourinho e companhia, rumo a Newcastle.<\/p>\n<p>As \u00e1guias divulgaram os bastidores da viagem de segunda-feira, revelando a ironia de Jos\u00e9 Mourinho, M\u00e1rio Branco e Sim\u00e3o Sabrosa em torno do ressonar de Ivan Lima.<\/p>\n<p>\u00abVai ao lado do treinador? Que grande puxa saco. Se come\u00e7as a ressonar levas com a almofada. A namorada diz que ele ressona? Mando-te l\u00e1 para tr\u00e1s\u00bb, brincou Mourinho.<\/p>\n<p>Pouco depois, o treinador sentou-se ao lado do extremo, tentando perceber a defini\u00e7\u00e3o de \u201canime\u201d.<\/p>\n<p>\u00abS\u00e3o desenhos animados para os mais velhos\u00bb, explicou Ivan Lima.<\/p>\n<p>O Benfica foi recebido em Newcastle com chuviscos e por dezenas de adeptos. As \u00e1guias procuram a primeira vit\u00f3ria nesta edi\u00e7\u00e3o da Champions, uma vez que ocupam o 33.\u00ba posto da fase de liga, sem pontos, a tr\u00eas do Newcastle (11.\u00ba). O duelo est\u00e1 agendado para as 20 horas desta ter\u00e7a-feira.<\/p>\n","protected":false},"excerpt":{"rendered":"\u00c0 espreita da estreia na Liga dos Campe\u00f5es, Ivan Lima integra pela primeira vez uma convocat\u00f3ria para a&hellip;\n","protected":false},"author":2,"featured_media":120316,"comment_status":"","ping_status":"","sticky":false,"template":"","format":"standard","meta":{"footnotes":""},"categories":[87],"tags":[51,5043,135,4235,24168,1385,7706,1003,46,7864,32,33,47,134],"class_list":{"0":"post-120315","1":"post","2":"type-post","3":"status-publish","4":"format-standard","5":"has-post-thumbnail","7":"category-desporto","8":"tag-benfica","9":"tag-champions","10":"tag-desporto","11":"tag-insolito","12":"tag-ivan-lima","13":"tag-jose-mourinho","14":"tag-liga-campeoes","15":"tag-liga-dos-campeoes","16":"tag-maisfutebol","17":"tag-mourinho","18":"tag-portugal","19":"tag-pt","20":"tag-pura-paixao","21":"tag-sports"},"share_on_mastodon":{"url":"https:\/\/pubeurope.com\/@pt\/115412297570754607","error":""},"_links":{"self":[{"href":"https:\/\/www.europesays.com\/pt\/wp-json\/wp\/v2\/posts\/120315","targetHints":{"allow":["GET"]}}],"collection":[{"href":"https:\/\/www.europesays.com\/pt\/wp-json\/wp\/v2\/posts"}],"about":[{"href":"https:\/\/www.europesays.com\/pt\/wp-json\/wp\/v2\/types\/post"}],"author":[{"embeddable":true,"href":"https:\/\/www.europesays.com\/pt\/wp-json\/wp\/v2\/users\/2"}],"replies":[{"embeddable":true,"href":"https:\/\/www.europesays.com\/pt\/wp-json\/wp\/v2\/comments?post=120315"}],"version-history":[{"count":0,"href":"https:\/\/www.europesays.com\/pt\/wp-json\/wp\/v2\/posts\/120315\/revisions"}],"wp:featuredmedia":[{"embeddable":true,"href":"https:\/\/www.europesays.com\/pt\/wp-json\/wp\/v2\/media\/120316"}],"wp:attachment":[{"href":"https:\/\/www.europesays.com\/pt\/wp-json\/wp\/v2\/media?parent=120315"}],"wp:term":[{"taxonomy":"category","embeddable":true,"href":"https:\/\/www.europesays.com\/pt\/wp-json\/wp\/v2\/categories?post=120315"},{"taxonomy":"post_tag","embeddable":true,"href":"https:\/\/www.europesays.com\/pt\/wp-json\/wp\/v2\/tags?post=120315"}],"curies":[{"name":"wp","href":"https:\/\/api.w.org\/{rel}","templated":true}]}}