{"id":120323,"date":"2025-10-21T13:08:25","date_gmt":"2025-10-21T13:08:25","guid":{"rendered":"https:\/\/www.europesays.com\/pt\/120323\/"},"modified":"2025-10-21T13:08:25","modified_gmt":"2025-10-21T13:08:25","slug":"o-grupo-criminoso-tren-de-aragua-quer-negociar-a-paz-com-a-colombia-colombia","status":"publish","type":"post","link":"https:\/\/www.europesays.com\/pt\/120323\/","title":{"rendered":"O grupo criminoso Tren de Aragua quer negociar a paz com a Col\u00f4mbia | Col\u00f4mbia"},"content":{"rendered":"<p>Larry Amaury \u00c1lvarez N\u00fa\u00f1ez, mais conhecido como \u201cLarry Changa\u201d, um dos fundadores do gangue Tren de Aragua, encontra-se detido desde Junho de 2024 na pris\u00e3o de La Picota, em Bogot\u00e1. O venezuelano de 47 anos, natural de Maracay, no estado de Aragua, surpreendeu o Governo colombiano ao propor, numa carta dirigida ao Presidente <a href=\"https:\/\/www.publico.pt\/gustavo-petro\" rel=\"nofollow noopener\" target=\"_blank\">Gustavo Petro<\/a>, a inclus\u00e3o do grupo criminoso no programa \u201cPaz Total\u201d, que visa <a href=\"https:\/\/www.publico.pt\/2023\/02\/14\/mundo\/noticia\/governo-colombiano-eln-retomam-negociacoes-paz-2038844\" rel=\"nofollow noopener\" target=\"_blank\">encerrar<\/a> d\u00e9cadas de conflito armado atrav\u00e9s de negocia\u00e7\u00f5es e processos de reintegra\u00e7\u00e3o.<\/p>\n<p>Na carta, Larry Changa apresenta-se como \u201cporta-voz autorizado\u201d do Tren de Aragua e prop\u00f5e colaborar em \u201ciniciativas de preven\u00e7\u00e3o, reintegra\u00e7\u00e3o e desmantelamento de din\u00e2micas criminosas transnacionais\u201d. O texto, tamb\u00e9m dirigido ao ministro da Justi\u00e7a, Eduardo Montealegre, e ao alto- comiss\u00e1rio para a Paz, Otty Pati\u00f1o, sugere que o grupo poderia participar em mesas de di\u00e1logo, conceber programas de forma\u00e7\u00e3o t\u00e9cnica e apoiar campanhas sociais para comunidades vulner\u00e1veis e migrantes.<\/p>\n<p>A resposta do Governo foi imediata. Montealegre rejeitou publicamente a proposta, afirmando: \u201cN\u00e3o permitiremos que grupos criminosos, sob o pretexto de processos de paz, escarne\u00e7am da justi\u00e7a internacional para procurar impunidade pelos seus crimes.\u201d<\/p>\n<p>O Tren de Aragua (\u201cComboio de Aragua\u201d, em portugu\u00eas) nasceu no in\u00edcio da d\u00e9cada de 2010 dentro da pris\u00e3o de Tocor\u00f3n, no estado venezuelano de Aragua, sob a lideran\u00e7a de H\u00e9ctor Guerrero Flores, conhecido como \u201cNi\u00f1o Guerrero\u201d. O que come\u00e7ou como um grupo de reclusos dedicado \u00e0 extors\u00e3o e ao tr\u00e1fico de droga rapidamente se transformou numa estrutura com ramifica\u00e7\u00f5es internacionais.<\/p>\n<p>Com o agravamento da crise econ\u00f3mica e social na Venezuela, o gangue expandiu-se acompanhando os fluxos migrat\u00f3rios, infiltrando-se em redes de tr\u00e1fico humano, contrabando e explora\u00e7\u00e3o laboral por toda a Am\u00e9rica Latina. Actualmente, as autoridades confirmam a sua presen\u00e7a em 11 pa\u00edses.<\/p>\n<p>O grupo \u00e9 conhecido por combinar brutalidade com sofistica\u00e7\u00e3o empresarial, operando como uma franquia: uma lideran\u00e7a centralizada na Venezuela e c\u00e9lulas aut\u00f3nomas nos pa\u00edses onde se instala. Utiliza as redes sociais para recrutar e intimidar, recorrendo a criptomoedas para lavar dinheiro e adaptou-se a diversos contextos, desde bairros pobres a c\u00edrculos internacionais.<\/p>\n<p>A Col\u00f4mbia como ref\u00fagio e centro operacional<\/p>\n<p>De acordo com as autoridades colombianas, o pa\u00eds tornou-se nos \u00faltimos anos um ref\u00fagio estrat\u00e9gico e centro financeiro do Tren de Aragua. Bogot\u00e1, capital colombiana, acolhe v\u00e1rias das suas c\u00e9lulas desde 2018, sobretudo nos bairros de Bosa e Kennedy, onde o grupo controla territ\u00f3rios ligados ao tr\u00e1fico de droga, extors\u00e3o e sequestros.<\/p>\n<p>Relat\u00f3rios dos Servi\u00e7os Secretos revelaram que Larry Changa utilizava fachadas legais \u2014 como padarias \u2014 para movimentar fundos provenientes do Chile, atrav\u00e9s de criptoactivos. A Col\u00f4mbia \u00e9 tamb\u00e9m o pa\u00eds onde foram capturados pelo menos 60 membros da organiza\u00e7\u00e3o entre 2024 e 2025, nove dos quais aguardam extradi\u00e7\u00e3o para os Estados Unidos, o Chile ou a Venezuela.<\/p>\n<p>Fontes judiciais classificam a pris\u00e3o de Larry Changa como \u201ca captura mais representativa at\u00e9 hoje\u201d, embora reconhe\u00e7am que n\u00e3o \u00e9 o elemento mais violento do grupo. Para o Chile, a sua deten\u00e7\u00e3o foi simb\u00f3lica: \u201c\u00c9 o nosso Pablo Escobar local\u201d, afirmou uma fonte ao jornal El Pa\u00eds, destacando o papel do venezuelano na expans\u00e3o do gangue em territ\u00f3rio chileno.<\/p>\n<p>A proposta de Larry Changa chega num momento delicado para o Presidente Gustavo Petro, que tem tentado implementar o seu ambicioso projecto \u201cPaz Total\u201d \u2014 uma pol\u00edtica que combina negocia\u00e7\u00f5es com grupos insurgentes, como o <a href=\"https:\/\/www.publico.pt\/2024\/09\/18\/mundo\/noticia\/colombia-atentado-eln-militares-encerra-sangue-negociacoes-paz-2104602\" rel=\"nofollow noopener\" target=\"_blank\">ELN<\/a> [Ex\u00e9rcito de Liberta\u00e7\u00e3o Nacional] e as dissid\u00eancias das <a href=\"https:\/\/www.publico.pt\/2019\/08\/03\/mundo\/reportagem\/farc-colombia-luta-chegou-tempo-plantar-utopia-1881989\" rel=\"nofollow noopener\" target=\"_blank\">FARC<\/a> [For\u00e7as Armadas Revolucion\u00e1rias da Col\u00f4mbia], e a submiss\u00e3o \u00e0 justi\u00e7a de organiza\u00e7\u00f5es criminosas como o Clan del Golfo, organiza\u00e7\u00e3o criminosa na Col\u00f4mbia envolvida no narcotr\u00e1fico.<\/p>\n<p>O objectivo declarado \u00e9 p\u00f4r fim a mais de 60 anos de conflito armado, abordando tamb\u00e9m as causas estruturais da viol\u00eancia, como a pobreza, a desigualdade e a economia da droga. Contudo, os resultados t\u00eam sido irregulares: as conversa\u00e7\u00f5es com o ELN est\u00e3o suspensas e os contactos com grupos criminosos continuam marcados pela desconfian\u00e7a e pela viol\u00eancia persistente.<\/p>\n<p>O caso do Tren de Aragua ilustra o limite dessa pol\u00edtica. Aceitar o di\u00e1logo com uma organiza\u00e7\u00e3o que opera redes de tr\u00e1fico humano e branqueamento de capitais \u00e0 escala continental poderia fragilizar a credibilidade do Governo e abrir um precedente perigoso. Rejeit\u00e1-lo, por outro lado, mant\u00e9m viva a amea\u00e7a de uma estrutura criminal que, segundo as autoridades norte-americanas, \u00e9 hoje uma das com maior expans\u00e3o da Am\u00e9rica Latina.<\/p>\n","protected":false},"excerpt":{"rendered":"Larry Amaury \u00c1lvarez N\u00fa\u00f1ez, mais conhecido como \u201cLarry Changa\u201d, um dos fundadores do gangue Tren de Aragua, encontra-se&hellip;\n","protected":false},"author":2,"featured_media":120324,"comment_status":"","ping_status":"","sticky":false,"template":"","format":"standard","meta":{"footnotes":""},"categories":[50],"tags":[1126,27,28,8292,6195,2954,15,16,14,25,26,21,22,62,12,13,19,20,23,24,17,18,29,30,31,63,64,65],"class_list":{"0":"post-120323","1":"post","2":"type-post","3":"status-publish","4":"format-standard","5":"has-post-thumbnail","7":"category-mundo","8":"tag-america-do-sul","9":"tag-breaking-news","10":"tag-breakingnews","11":"tag-colombia","12":"tag-conflitos","13":"tag-crime-organizado","14":"tag-featured-news","15":"tag-featurednews","16":"tag-headlines","17":"tag-latest-news","18":"tag-latestnews","19":"tag-main-news","20":"tag-mainnews","21":"tag-mundo","22":"tag-news","23":"tag-noticias","24":"tag-noticias-principais","25":"tag-noticiasprincipais","26":"tag-principais-noticias","27":"tag-principaisnoticias","28":"tag-top-stories","29":"tag-topstories","30":"tag-ultimas","31":"tag-ultimas-noticias","32":"tag-ultimasnoticias","33":"tag-world","34":"tag-world-news","35":"tag-worldnews"},"share_on_mastodon":{"url":"https:\/\/pubeurope.com\/@pt\/115412317221153903","error":""},"_links":{"self":[{"href":"https:\/\/www.europesays.com\/pt\/wp-json\/wp\/v2\/posts\/120323","targetHints":{"allow":["GET"]}}],"collection":[{"href":"https:\/\/www.europesays.com\/pt\/wp-json\/wp\/v2\/posts"}],"about":[{"href":"https:\/\/www.europesays.com\/pt\/wp-json\/wp\/v2\/types\/post"}],"author":[{"embeddable":true,"href":"https:\/\/www.europesays.com\/pt\/wp-json\/wp\/v2\/users\/2"}],"replies":[{"embeddable":true,"href":"https:\/\/www.europesays.com\/pt\/wp-json\/wp\/v2\/comments?post=120323"}],"version-history":[{"count":0,"href":"https:\/\/www.europesays.com\/pt\/wp-json\/wp\/v2\/posts\/120323\/revisions"}],"wp:featuredmedia":[{"embeddable":true,"href":"https:\/\/www.europesays.com\/pt\/wp-json\/wp\/v2\/media\/120324"}],"wp:attachment":[{"href":"https:\/\/www.europesays.com\/pt\/wp-json\/wp\/v2\/media?parent=120323"}],"wp:term":[{"taxonomy":"category","embeddable":true,"href":"https:\/\/www.europesays.com\/pt\/wp-json\/wp\/v2\/categories?post=120323"},{"taxonomy":"post_tag","embeddable":true,"href":"https:\/\/www.europesays.com\/pt\/wp-json\/wp\/v2\/tags?post=120323"}],"curies":[{"name":"wp","href":"https:\/\/api.w.org\/{rel}","templated":true}]}}