{"id":120333,"date":"2025-10-21T13:16:15","date_gmt":"2025-10-21T13:16:15","guid":{"rendered":"https:\/\/www.europesays.com\/pt\/120333\/"},"modified":"2025-10-21T13:16:15","modified_gmt":"2025-10-21T13:16:15","slug":"jaques-sofre-a-maior-traicao-de-filipa","status":"publish","type":"post","link":"https:\/\/www.europesays.com\/pt\/120333\/","title":{"rendered":"Jaques sofre a maior trai\u00e7\u00e3o de Filipa"},"content":{"rendered":"<p>Nos pr\u00f3ximos cap\u00edtulos de Dona de Mim, Filipa (Cl\u00e1udia Abreu) fica com a guarda de Sofia (Elis Cabral), passando a responder pelas a\u00e7\u00f5es da menina na Boaz. Jaques (Marcello Novaes) marca uma reuni\u00e3o dos acionistas, prop\u00f5e a vota\u00e7\u00e3o para o novo presidente e atriz escolhe Samuel (Juan Paiva).<\/p>\n<p>continua depois da publicidade<\/p>\n<p>Rosa (Suely Franco) doou 25% da f\u00e1brica para a netinha. Como tutora da garotinha, Leona (Clara Moneke) passou a represent\u00e1-la na empresa, sendo pe\u00e7a fundamental para a elei\u00e7\u00e3o do filho de Abel (Tony Ramos) para o cargo.<\/p>\n<p>Demitido da Boaz, <a href=\"https:\/\/natelinha.uol.com.br\/novelas\/dona-de-mim\/personagem\/jaques\" rel=\"nofollow noopener\" target=\"_blank\">Jaques<\/a> <a href=\"https:\/\/natelinha.uol.com.br\/novelas\/2025\/10\/09\/dona-de-mim-jaques-atende-ao-ultimo-desejo-de-rosa-232381.php\" rel=\"nofollow noopener\" target=\"_blank\">entrou com recurso para a curatela de sua m\u00e3e<\/a>, mas seu interesse agora est\u00e1 tamb\u00e9m nas a\u00e7\u00f5es de Sofia. Para isso, o m\u00fasico convence <a href=\"https:\/\/natelinha.uol.com.br\/novelas\/dona-de-mim\/personagem\/filipa\" rel=\"nofollow noopener\" target=\"_blank\">Filipa<\/a> a pedir a guarda da enteada, j\u00e1 que ele est\u00e1 namorando a atriz.<\/p>\n<p>A ju\u00edza respons\u00e1vel pelo caso ser\u00e1 favor\u00e1vel ao pedido da m\u00e3e de Nina (Flora Camolese). Assim que a crian\u00e7a voltar para a mans\u00e3o, o pai biol\u00f3gico de Davi (Rafael Vitti) <a href=\"https:\/\/natelinha.uol.com.br\/novelas\/2025\/10\/05\/dona-de-mim-jaques-deixa-divida-da-boaz-pra-samuel-pagar-232170.php\" rel=\"nofollow noopener\" target=\"_blank\">marca uma reuni\u00e3o de acionista propondo a escolha<\/a> do novo presidente. Para a sua surpresa, a vi\u00fava de Abel mant\u00e9m o cargo com <a href=\"https:\/\/natelinha.uol.com.br\/novelas\/dona-de-mim\/personagem\/samuel\" rel=\"nofollow noopener\" target=\"_blank\">Samuel<\/a>. Saiba mais!<\/p>\n<p>continua depois da publicidade<\/p>\n<p>Em Dona de Mim, Filipa vota pela perman\u00eancia de Samuel na presid\u00eancia<\/p>\n<p><img decoding=\"async\" loading=\"lazy\" class=\"horizontal\" src=\"https:\/\/www.europesays.com\/pt\/wp-content\/uploads\/2025\/10\/tv-globo-dona-de-mim-filipa-vota-contra-jaques_653.jpeg\" width=\"1280\" height=\"719\" alt=\"Dona de Mim: Jaques sofre a maior trai\u00e7\u00e3o de Filipa\"\/><\/p>\n<p>Nos pr\u00f3ximos cap\u00edtulos de <a href=\"https:\/\/natelinha.uol.com.br\/novelas\/dona-de-mim\" rel=\"nofollow noopener\" target=\"_blank\">Dona de Mim<\/a>, Filipa ganha a guarda de Sofia e passa a representar a enteada na Boaz. Jaques tenta manipular a namorada para voltar \u00e0 presid\u00eancia da f\u00e1brica e quebra a cara.<\/p>\n<p>Depois de ter o nome de Abel de volta na certid\u00e3o de nascimento, a garotinha ser\u00e1 obrigada a voltar para a mans\u00e3o. Com medo do tio, a menina implora para Leona impedir sua partida, mas a ex-bab\u00e1 n\u00e3o tem como evitar a mudan\u00e7a da crian\u00e7a.<\/p>\n<p><a href=\"https:\/\/natelinha.uol.com.br\/novelas\/2025\/09\/16\/dona-de-mim-fuga-de-sofia-obriga-filipa-a-tomar-decisao-sobre-enteada-231332.php\" rel=\"nofollow noopener\" target=\"_blank\">+ Dona de Mim: Fuga de Sofia obriga Filipa a tomar decis\u00e3o sobre enteada<\/a><\/p>\n<p>continua depois da publicidade<\/p>\n<p>Basta Sofia voltar a morar com a fam\u00edlia para Jaques pedir uma reuni\u00e3o de acionistas. Como tutora legal de Sofia, Filipa \u00e9 quem agora responde pelas a\u00e7\u00f5es da enteada o total de 25% que ela herdou de Rosa.<\/p>\n<p>O encontro ser\u00e1 para pedir uma nova vota\u00e7\u00e3o para a escolha do presidente. E como est\u00e1 namorando a atriz, o pai biol\u00f3gico de Davi (Rafael Vitti) aposta que a m\u00e3e de Nina vai votar a favor do crush, mas quebra cara.<\/p>\n<p><a href=\"https:\/\/natelinha.uol.com.br\/novelas\/2025\/10\/14\/dona-de-mim-isabela-da-recado-a-filipa-antes-de-deixar-a-mansao--232566.php\" rel=\"nofollow noopener\" target=\"_blank\">+\u00a0Dona de Mim: Isabela d\u00e1 recado a Filipa antes de deixar a mans\u00e3o<\/a><\/p>\n<p>Mesmo n\u00e3o resistindo ao charme de Jaques, Filipa no fundo n\u00e3o confia totalmente no cunhado. Assim, a vi\u00fava de Abel vai votar a favor de Samuel permanecer no cargo.<\/p>\n<p>continua depois da publicidade<\/p>\n<p>Apesar da decep\u00e7\u00e3o, o vil\u00e3o mant\u00e9m a farsa de que est\u00e1 se esfor\u00e7ando para se tornar uma pessoa melhor e n\u00e3o reage, mas no fundo o cr\u00e1pula fica revoltado e pensa que sua \u00fanica chance \u00e9 interditar a m\u00e3e, pois s\u00f3 assim ter\u00e1 o n\u00famero suficiente de a\u00e7\u00f5es para comandar Boaz.<\/p>\n<p>A cena est\u00e1 revista para ir ao ar no cap\u00edtulo do dia 29 de outubro.<\/p>\n<p>O\u00a0<strong>NaTelinha<\/strong>\u00a0divulga todos os dias os\u00a0<a href=\"https:\/\/natelinha.uol.com.br\/novelas\" rel=\"nofollow noopener\" target=\"_blank\"><strong>resumos dos cap\u00edtulos<\/strong><\/a>, detalhes dos personagens, entrevistas exclusivas com o elenco e spoiler da novela Dona de Mim.\u00a0<\/p>\n<p>continua depois da publicidade<\/p>\n<p><strong>Assista ao\u00a0v\u00eddeo de abertura da novela das sete:\u00a0\u00a0<\/strong><\/p>\n<p>                                <img decoding=\"async\" loading=\"lazy\" class=\"horizontal\" alt=\"Imagem da thumbnail do v\u00eddeo!\" src=\"https:\/\/www.europesays.com\/pt\/wp-content\/uploads\/2025\/09\/1757761575_881_hqdefault.jpg\"\/><\/p>\n","protected":false},"excerpt":{"rendered":"Nos pr\u00f3ximos cap\u00edtulos de Dona de Mim, Filipa (Cl\u00e1udia Abreu) fica com a guarda de Sofia (Elis Cabral),&hellip;\n","protected":false},"author":2,"featured_media":120334,"comment_status":"","ping_status":"","sticky":false,"template":"","format":"standard","meta":{"footnotes":""},"categories":[142],"tags":[1718,114,115,4775,4904,32,33,1720,151],"class_list":{"0":"post-120333","1":"post","2":"type-post","3":"status-publish","4":"format-standard","5":"has-post-thumbnail","7":"category-tv","8":"tag-dona-de-mim","9":"tag-entertainment","10":"tag-entretenimento","11":"tag-filipa-dona-de-mim","12":"tag-jaques-dona-de-mim","13":"tag-portugal","14":"tag-pt","15":"tag-samuel-dona-de-mim","16":"tag-tv"},"share_on_mastodon":{"url":"https:\/\/pubeurope.com\/@pt\/115412348787821966","error":""},"_links":{"self":[{"href":"https:\/\/www.europesays.com\/pt\/wp-json\/wp\/v2\/posts\/120333","targetHints":{"allow":["GET"]}}],"collection":[{"href":"https:\/\/www.europesays.com\/pt\/wp-json\/wp\/v2\/posts"}],"about":[{"href":"https:\/\/www.europesays.com\/pt\/wp-json\/wp\/v2\/types\/post"}],"author":[{"embeddable":true,"href":"https:\/\/www.europesays.com\/pt\/wp-json\/wp\/v2\/users\/2"}],"replies":[{"embeddable":true,"href":"https:\/\/www.europesays.com\/pt\/wp-json\/wp\/v2\/comments?post=120333"}],"version-history":[{"count":0,"href":"https:\/\/www.europesays.com\/pt\/wp-json\/wp\/v2\/posts\/120333\/revisions"}],"wp:featuredmedia":[{"embeddable":true,"href":"https:\/\/www.europesays.com\/pt\/wp-json\/wp\/v2\/media\/120334"}],"wp:attachment":[{"href":"https:\/\/www.europesays.com\/pt\/wp-json\/wp\/v2\/media?parent=120333"}],"wp:term":[{"taxonomy":"category","embeddable":true,"href":"https:\/\/www.europesays.com\/pt\/wp-json\/wp\/v2\/categories?post=120333"},{"taxonomy":"post_tag","embeddable":true,"href":"https:\/\/www.europesays.com\/pt\/wp-json\/wp\/v2\/tags?post=120333"}],"curies":[{"name":"wp","href":"https:\/\/api.w.org\/{rel}","templated":true}]}}