{"id":120335,"date":"2025-10-21T13:18:20","date_gmt":"2025-10-21T13:18:20","guid":{"rendered":"https:\/\/www.europesays.com\/pt\/120335\/"},"modified":"2025-10-21T13:18:20","modified_gmt":"2025-10-21T13:18:20","slug":"quando-estreia-documentario-do-g-dragon-nos-cinemas-brasileiros","status":"publish","type":"post","link":"https:\/\/www.europesays.com\/pt\/120335\/","title":{"rendered":"Quando estreia document\u00e1rio do G-Dragon nos cinemas brasileiros?"},"content":{"rendered":"<p>Nesta segunda-feira, 20, a distribuidora Sato Company anunciou que o filme-concerto \u201cG-Dragon In Cinema: \u00dcbermensch\u201d, registro do show inaugural da terceira turn\u00ea mundial do astro do <a href=\"https:\/\/recreio.com.br\/tags\/k-pop\" target=\"_blank\" rel=\"noopener nofollow\">BIGBANG<\/a>, <strong>G-Dragon<\/strong>, ser\u00e1 exibido nos cinemas brasileiros. A divulga\u00e7\u00e3o foi feita atrav\u00e9s redes sociais com trailer da performance acontecida no m\u00eas de mar\u00e7o deste ano em Goyang, na Coreia do Sul.<\/p>\n<blockquote class=\"instagram-media\" style=\"background: #FFF; border: 0; border-radius: 3px; box-shadow: 0 0 1px 0 rgba(0,0,0,0.5),0 1px 10px 0 rgba(0,0,0,0.15); margin: 1px; max-width: 540px; min-width: 326px; padding: 0; width: calc(100% - 2px);\" data-instgrm-captioned=\"\" data-instgrm-permalink=\"https:\/\/www.instagram.com\/reel\/DP_uRGlDUAy\/?utm_source=ig_embed&amp;utm_campaign=loading\" data-instgrm-version=\"14\"><\/blockquote>\n<p>Gravado ao vivo e exibido em formatos imersivos como SCREENX, 4DX e ULTRA 4DX, a produ\u00e7\u00e3o promete celebrar o legado do rapper que, ap\u00f3s oito anos longe dos palcos, retornou sua carreira com a turn\u00ea \u201c\u00dcbermensch\u201d, que percorreu pa\u00edses como Jap\u00e3o, Coreia do Sul, Filipinas, Austr\u00e1lia e Estados Unidos, e agora chega \u00e0s salas de cinema em uma produ\u00e7\u00e3o dirigida por <strong>Jinho Byun.<\/strong><\/p>\n<p>\u201cG-Dragon In Cinema: \u00dcbermensch\u201d re\u00fane performances de faixas como \u201cCrooked\u201d, \u201cWho You?\u201d, \u201cPower\u201d e \u201cHome Sweet Home\u201d, al\u00e9m de participa\u00e7\u00f5es especiais de<strong> Taeyang, Daesung<\/strong> e <a href=\"https:\/\/www.instagram.com\/chaelincl\/?hl=en\" target=\"_blank\" rel=\"noopener nofollow\"><strong>CL<\/strong>.<\/a><\/p>\n<p>\t Mas, quando estreia? <\/p>\n<p>A estreia nacional est\u00e1 marcada para o dia 29 de outubro de 2025, com os ingressos j\u00e1 dispon\u00edveis para compra por meio do site e dos aplicativos da <a href=\"https:\/\/www.ingresso.com\/filme\/g-dragon-in-cinema-ubermensch\" target=\"_blank\" rel=\"noopener nofollow\">Ingresso.com.<\/a><\/p>\n<p> Carreira do G-Dragon <\/p>\n<p>Com mais de cinco milh\u00f5es de ouvintes mensais no Spotify, <strong>G-Dragon<\/strong> \u00e9 reconhecido como um dos nomes mais influentes da m\u00fasica sul-coreana. L\u00edder e principal produtor do grupo BIGBANG, o cantor foi pioneiro na fus\u00e3o entre hip-hop, eletr\u00f4nica e pop, ampliando o alcance do <a href=\"https:\/\/recreio.com.br\/noticias\/entretenimento\/o-membro-do-bts-que-ejae-de-guerreiras-do-k-pop-quer-colaborar.phtml\" target=\"_blank\" rel=\"noopener nofollow\">k-pop<\/a> pelo mundo.<\/p>\n<p>Em carreira solo, o artista vendeu mais de 300 mil c\u00f3pias de seu \u00e1lbum de estreia, \u201cHeartbreaker\u201d (2009), e tornou-se o primeiro solista do g\u00eanero a realizar turn\u00eas em est\u00e1dios de v\u00e1rios continentes, o qual foi repetido em 2017, consolidando sua posi\u00e7\u00e3o como uma das maiores estrelas da m\u00fasica asi\u00e1tica.<\/p>\n<p>Seu mais recente trabalho \u00e9 o \u00e1lbum \u2018<a href=\"https:\/\/en.wikipedia.org\/wiki\/%C3%9Cbermensch_(album)\" target=\"_blank\" rel=\"noopener nofollow\">\u00dcbermensch<\/a>\u2018, lan\u00e7ado em 25 de fevereiro e marcando a volta do rapper \u00e0 ind\u00fastria. O disco cont\u00e9m oito faixas que exploram temas de transforma\u00e7\u00e3o, identidade e autotransced\u00eancia inspirados na filosofia do \u00dcbermensch de <strong>Nietzsche.<\/strong><\/p>\n<p>\t                                            <script async src=\"\/\/www.instagram.com\/embed.js\"><\/script><\/p>\n","protected":false},"excerpt":{"rendered":"Nesta segunda-feira, 20, a distribuidora Sato Company anunciou que o filme-concerto \u201cG-Dragon In Cinema: \u00dcbermensch\u201d, registro do show&hellip;\n","protected":false},"author":2,"featured_media":27695,"comment_status":"","ping_status":"","sticky":false,"template":"","format":"standard","meta":{"footnotes":""},"categories":[140],"tags":[25030,470,1414,114,115,147,148,9439,1688,146,32,33],"class_list":{"0":"post-120335","1":"post","2":"type-post","3":"status-publish","4":"format-standard","5":"has-post-thumbnail","7":"category-filmes","8":"tag-bigbang","9":"tag-cinema","10":"tag-documentario","11":"tag-entertainment","12":"tag-entretenimento","13":"tag-film","14":"tag-filmes","15":"tag-g-dragon","16":"tag-k-pop","17":"tag-movies","18":"tag-portugal","19":"tag-pt"},"share_on_mastodon":{"url":"https:\/\/pubeurope.com\/@pt\/115412356529569779","error":""},"_links":{"self":[{"href":"https:\/\/www.europesays.com\/pt\/wp-json\/wp\/v2\/posts\/120335","targetHints":{"allow":["GET"]}}],"collection":[{"href":"https:\/\/www.europesays.com\/pt\/wp-json\/wp\/v2\/posts"}],"about":[{"href":"https:\/\/www.europesays.com\/pt\/wp-json\/wp\/v2\/types\/post"}],"author":[{"embeddable":true,"href":"https:\/\/www.europesays.com\/pt\/wp-json\/wp\/v2\/users\/2"}],"replies":[{"embeddable":true,"href":"https:\/\/www.europesays.com\/pt\/wp-json\/wp\/v2\/comments?post=120335"}],"version-history":[{"count":0,"href":"https:\/\/www.europesays.com\/pt\/wp-json\/wp\/v2\/posts\/120335\/revisions"}],"wp:featuredmedia":[{"embeddable":true,"href":"https:\/\/www.europesays.com\/pt\/wp-json\/wp\/v2\/media\/27695"}],"wp:attachment":[{"href":"https:\/\/www.europesays.com\/pt\/wp-json\/wp\/v2\/media?parent=120335"}],"wp:term":[{"taxonomy":"category","embeddable":true,"href":"https:\/\/www.europesays.com\/pt\/wp-json\/wp\/v2\/categories?post=120335"},{"taxonomy":"post_tag","embeddable":true,"href":"https:\/\/www.europesays.com\/pt\/wp-json\/wp\/v2\/tags?post=120335"}],"curies":[{"name":"wp","href":"https:\/\/api.w.org\/{rel}","templated":true}]}}