{"id":120346,"date":"2025-10-21T13:24:11","date_gmt":"2025-10-21T13:24:11","guid":{"rendered":"https:\/\/www.europesays.com\/pt\/120346\/"},"modified":"2025-10-21T13:24:11","modified_gmt":"2025-10-21T13:24:11","slug":"pressao-dos-eua-jd-vance-chega-a-israel-para-tentar-consolidar-fragil-cessar-fogo","status":"publish","type":"post","link":"https:\/\/www.europesays.com\/pt\/120346\/","title":{"rendered":"Press\u00e3o dos EUA. JD Vance chega a Israel para tentar consolidar fr\u00e1gil cessar-fogo"},"content":{"rendered":"<p>                    O Governo israelita confirmou, esta ter\u00e7a-feira, que o Hamas libertou o corpo de Tal Haimi, morto a 7 de outubro de 2023 e raptado do kibutz de Nir Yitzhak, na fronteira com Gaza. O ref\u00e9m israelita de 42 anos, residente de quarta gera\u00e7\u00e3o no kibutz, fazia parte da equipa de resposta a emerg\u00eancias.Nos termos do cessar-fogo, Israel aguarda ainda que o&#13;<br \/>\nHamas entregue os restos mortais de mais 15 ref\u00e9ns. J\u00e1 foram libertados&#13;<br \/>\n13 corpos desde que entrou em vigor o acordo.<\/p>\n<p><b>O presidente dos EUA voltou a alertar o Hamas de que seria &#8220;erradicado&#8221; caso n\u00e3o respeitasse o acordo firmado com Israel<\/b>, no mesmo dia em que o vice-presidente JD Vance viajava para Israel para consolidar o fr\u00e1gil cessar-fogo na Faixa de Gaza ap\u00f3s a viol\u00eancia do \u00faltimo domingo.<\/p>\n<p><b>&#8220;Fizemos um acordo com o Hamas em que se comportaria e, se n\u00e3o o fizer, n\u00f3s erradicamos o grupo, se necess\u00e1rio&#8221;<\/b>, disse Donald Trump na segunda-feira, afirmando que <b>queria dar &#8220;mais uma oportunidade&#8221; para continuar o plano de silenciar as armas em Gaza.<\/b><\/p>\n<p>          <img decoding=\"async\" itemprop=\"image\" class=\"img-fluid\"   src=\"https:\/\/www.europesays.com\/pt\/wp-content\/uploads\/2025\/10\/a8525e90f21f9a731adda19040324c08_N.jpg\"\/><\/p>\n<p>Paulo Jer\u00f3nimo e Jos\u00e9 Pinto Dias &#8211; enviados especiais da RTP a Israel<br \/>&#13;<\/p>\n<p>\nA Administra\u00e7\u00e3o Trump est\u00e1 a intensificar os esfor\u00e7os diplom\u00e1ticos ap\u00f3s os bombardeamentos israelitas em Gaza, no domingo, apesar de o cessar-fogo j\u00e1 estar em vigor. Na segunda-feira, chegaram a Israel o enviado especial Steve Witkoff  e o conselheiro e genro Jared Kushner. <b>Com o objetivo de, num esfor\u00e7o diplom\u00e1tico, refor\u00e7ar o fr\u00e1gil cessar-fogo em Gaza e garantir que Netanyahu n\u00e3o est\u00e1 a recuar, junta-se JD Vance.<\/b><\/p>\n<p>Num discurso na segunda-feira ao Knesset, o primeiro-ministro israelita n\u00e3o deu muitos detalhes sobre o que iria falar com Vance, cuja viagem diplom\u00e1tica a Israel deve durar at\u00e9 quinta-feira.<\/p>\n<p><b>\u201cFalaremos sobre duas coisas: principalmente os desafios de seguran\u00e7a e as oportunidades diplom\u00e1ticas que enfrentamos\u201d<\/b>, disse Netanyahu. \u201cSuperaremos os desafios e aproveitaremos as oportunidades\u201d.<\/p>\n<p>Tamb\u00e9m atrav\u00e9s das redes sociais, depois da reuni\u00e3o com a comitiva norte-americana, <b>o primeiro-ministro afirmou que Israel n\u00e3o far\u00e1 \u201cconcess\u00f5es nesta quest\u00e3o e n\u00e3o pouparemos esfor\u00e7os at\u00e9 que todos os ref\u00e9ns falecidos, sem exce\u00e7\u00e3o, sejam devolvidos\u201d.<\/b>&#13;<\/p>\n","protected":false},"excerpt":{"rendered":"O Governo israelita confirmou, esta ter\u00e7a-feira, que o Hamas libertou o corpo de Tal Haimi, morto a 7&hellip;\n","protected":false},"author":2,"featured_media":120347,"comment_status":"","ping_status":"","sticky":false,"template":"","format":"standard","meta":{"footnotes":""},"categories":[50],"tags":[15994,27,28,256,92,235,257,15,16,255,14,259,25,26,21,22,432,62,12,13,19,20,3281,23,24,17,18,29,30,31,63,64,65],"class_list":{"0":"post-120346","1":"post","2":"type-post","3":"status-publish","4":"format-standard","5":"has-post-thumbnail","7":"category-mundo","8":"tag-administracao","9":"tag-breaking-news","10":"tag-breakingnews","11":"tag-cessar-fogo","12":"tag-donald-trump","13":"tag-estados-unidos","14":"tag-faixa-de-gaza","15":"tag-featured-news","16":"tag-featurednews","17":"tag-hamas","18":"tag-headlines","19":"tag-israel","20":"tag-latest-news","21":"tag-latestnews","22":"tag-main-news","23":"tag-mainnews","24":"tag-medio-oriente","25":"tag-mundo","26":"tag-news","27":"tag-noticias","28":"tag-noticias-principais","29":"tag-noticiasprincipais","30":"tag-presidente","31":"tag-principais-noticias","32":"tag-principaisnoticias","33":"tag-top-stories","34":"tag-topstories","35":"tag-ultimas","36":"tag-ultimas-noticias","37":"tag-ultimasnoticias","38":"tag-world","39":"tag-world-news","40":"tag-worldnews"},"share_on_mastodon":{"url":"","error":"Validation failed: Text character limit of 500 exceeded"},"_links":{"self":[{"href":"https:\/\/www.europesays.com\/pt\/wp-json\/wp\/v2\/posts\/120346","targetHints":{"allow":["GET"]}}],"collection":[{"href":"https:\/\/www.europesays.com\/pt\/wp-json\/wp\/v2\/posts"}],"about":[{"href":"https:\/\/www.europesays.com\/pt\/wp-json\/wp\/v2\/types\/post"}],"author":[{"embeddable":true,"href":"https:\/\/www.europesays.com\/pt\/wp-json\/wp\/v2\/users\/2"}],"replies":[{"embeddable":true,"href":"https:\/\/www.europesays.com\/pt\/wp-json\/wp\/v2\/comments?post=120346"}],"version-history":[{"count":0,"href":"https:\/\/www.europesays.com\/pt\/wp-json\/wp\/v2\/posts\/120346\/revisions"}],"wp:featuredmedia":[{"embeddable":true,"href":"https:\/\/www.europesays.com\/pt\/wp-json\/wp\/v2\/media\/120347"}],"wp:attachment":[{"href":"https:\/\/www.europesays.com\/pt\/wp-json\/wp\/v2\/media?parent=120346"}],"wp:term":[{"taxonomy":"category","embeddable":true,"href":"https:\/\/www.europesays.com\/pt\/wp-json\/wp\/v2\/categories?post=120346"},{"taxonomy":"post_tag","embeddable":true,"href":"https:\/\/www.europesays.com\/pt\/wp-json\/wp\/v2\/tags?post=120346"}],"curies":[{"name":"wp","href":"https:\/\/api.w.org\/{rel}","templated":true}]}}