{"id":120348,"date":"2025-10-21T13:25:16","date_gmt":"2025-10-21T13:25:16","guid":{"rendered":"https:\/\/www.europesays.com\/pt\/120348\/"},"modified":"2025-10-21T13:25:16","modified_gmt":"2025-10-21T13:25:16","slug":"carro-despista-se-e-galga-separador-central-da-ponte-da-arrabida","status":"publish","type":"post","link":"https:\/\/www.europesays.com\/pt\/120348\/","title":{"rendered":"Carro despista-se e galga separador central da Ponte da Arr\u00e1bida"},"content":{"rendered":"<p>O acidente ocorreu no sentido Norte &#8211; Sul, mas o tr\u00e2nsito est\u00e1 condicionado nos dois sentidos. A fila para entrar na Ponte da Arr\u00e1bida, no sentido Sul &#8211; Norte, j\u00e1 chega \u00e0 sa\u00edda de Canidelo. Do lado oposto, onde est\u00e1 o impedimento da via, a fila do tr\u00e2nsito passa o n\u00f3 de Francos.<\/p>\n<p data-remotead-prev-elm=\"true\" data-remotead-elm-id=\"inread\">Segundo confirmou o JN pelas 13.40, n\u00e3o existem ainda meios no local para retirar o carro. O JN contactou os Bombeiros Volunt\u00e1rios do Porto, que confirmaram n\u00e3o terem sido mobilizados para a ocorr\u00eancia.<\/p>\n","protected":false},"excerpt":{"rendered":"O acidente ocorreu no sentido Norte &#8211; Sul, mas o tr\u00e2nsito est\u00e1 condicionado nos dois sentidos. A fila&hellip;\n","protected":false},"author":2,"featured_media":120349,"comment_status":"","ping_status":"","sticky":false,"template":"","format":"standard","meta":{"footnotes":""},"categories":[10],"tags":[59,27,28,20018,55,15,16,14,25,26,21,22,12,13,19,20,27944,32,23,24,33,17,18,29,30,31],"class_list":{"0":"post-120348","1":"post","2":"type-post","3":"status-publish","4":"format-standard","5":"has-post-thumbnail","7":"category-portugal","8":"tag-acidente","9":"tag-breaking-news","10":"tag-breakingnews","11":"tag-concelho-porto","12":"tag-despiste","13":"tag-featured-news","14":"tag-featurednews","15":"tag-headlines","16":"tag-latest-news","17":"tag-latestnews","18":"tag-main-news","19":"tag-mainnews","20":"tag-news","21":"tag-noticias","22":"tag-noticias-principais","23":"tag-noticiasprincipais","24":"tag-ponte-da-arrabida","25":"tag-portugal","26":"tag-principais-noticias","27":"tag-principaisnoticias","28":"tag-pt","29":"tag-top-stories","30":"tag-topstories","31":"tag-ultimas","32":"tag-ultimas-noticias","33":"tag-ultimasnoticias"},"share_on_mastodon":{"url":"https:\/\/pubeurope.com\/@pt\/115412384263544658","error":""},"_links":{"self":[{"href":"https:\/\/www.europesays.com\/pt\/wp-json\/wp\/v2\/posts\/120348","targetHints":{"allow":["GET"]}}],"collection":[{"href":"https:\/\/www.europesays.com\/pt\/wp-json\/wp\/v2\/posts"}],"about":[{"href":"https:\/\/www.europesays.com\/pt\/wp-json\/wp\/v2\/types\/post"}],"author":[{"embeddable":true,"href":"https:\/\/www.europesays.com\/pt\/wp-json\/wp\/v2\/users\/2"}],"replies":[{"embeddable":true,"href":"https:\/\/www.europesays.com\/pt\/wp-json\/wp\/v2\/comments?post=120348"}],"version-history":[{"count":0,"href":"https:\/\/www.europesays.com\/pt\/wp-json\/wp\/v2\/posts\/120348\/revisions"}],"wp:featuredmedia":[{"embeddable":true,"href":"https:\/\/www.europesays.com\/pt\/wp-json\/wp\/v2\/media\/120349"}],"wp:attachment":[{"href":"https:\/\/www.europesays.com\/pt\/wp-json\/wp\/v2\/media?parent=120348"}],"wp:term":[{"taxonomy":"category","embeddable":true,"href":"https:\/\/www.europesays.com\/pt\/wp-json\/wp\/v2\/categories?post=120348"},{"taxonomy":"post_tag","embeddable":true,"href":"https:\/\/www.europesays.com\/pt\/wp-json\/wp\/v2\/tags?post=120348"}],"curies":[{"name":"wp","href":"https:\/\/api.w.org\/{rel}","templated":true}]}}